{"id":2870,"date":"2018-12-21T09:47:53","date_gmt":"2018-12-21T08:47:53","guid":{"rendered":"http:\/\/agora.xtec.cat\/esc-maragall-lh\/?p=2870"},"modified":"2018-12-21T17:51:58","modified_gmt":"2018-12-21T16:51:58","slug":"club-de-lectura-familiar-20-12-18","status":"publish","type":"post","link":"https:\/\/agora.xtec.cat\/esc-maragall-lh\/general\/club-de-lectura-familiar-20-12-18\/","title":{"rendered":"Club de lectura familiar 20-12-18"},"content":{"rendered":"<blockquote>\n<p style=\"text-align: justify; padding-left: 30px;\"><img loading=\"lazy\" decoding=\"async\" class=\"aligncenter size-large wp-image-2872\" src=\"https:\/\/agora.xtec.cat\/esc-maragall-lh\/wp-content\/uploads\/usu1598\/2018\/12\/20181220_172211-1024x1024.jpg\" alt=\"\" width=\"1024\" height=\"1024\" srcset=\"https:\/\/agora.xtec.cat\/esc-maragall-lh\/wp-content\/uploads\/usu1598\/2018\/12\/20181220_172211-1024x1024.jpg 1024w, https:\/\/agora.xtec.cat\/esc-maragall-lh\/wp-content\/uploads\/usu1598\/2018\/12\/20181220_172211-150x150.jpg 150w, https:\/\/agora.xtec.cat\/esc-maragall-lh\/wp-content\/uploads\/usu1598\/2018\/12\/20181220_172211-300x300.jpg 300w, https:\/\/agora.xtec.cat\/esc-maragall-lh\/wp-content\/uploads\/usu1598\/2018\/12\/20181220_172211-768x768.jpg 768w\" sizes=\"auto, (max-width: 1024px) 100vw, 1024px\" \/>Dijous, 20 de desembre, vam tenir la segona trobada del club de lectura familiar d&#8217;aquest curs escolar 2018-19.<\/p>\n<\/blockquote>\n<p style=\"text-align: justify;\">Una activitat <a href=\"http:\/\/www.l-h.cat\/educacio\/1244144_2.aspx\" target=\"_blank\" rel=\"noopener\">TANDEM<\/a> adre\u00e7ada a les fam\u00edlies.<\/p>\n<p style=\"text-align: center;\">L&#8217; Al\u00edcia Gili, escriptora i dinamitzadora de l&#8217;activitat, va conduir la xerrada.<\/p>\n<p><img loading=\"lazy\" decoding=\"async\" class=\"aligncenter size-large wp-image-2877\" src=\"https:\/\/agora.xtec.cat\/esc-maragall-lh\/wp-content\/uploads\/usu1598\/2018\/12\/20181220_215808-1024x1024.jpg\" alt=\"\" width=\"1024\" height=\"1024\" srcset=\"https:\/\/agora.xtec.cat\/esc-maragall-lh\/wp-content\/uploads\/usu1598\/2018\/12\/20181220_215808-1024x1024.jpg 1024w, https:\/\/agora.xtec.cat\/esc-maragall-lh\/wp-content\/uploads\/usu1598\/2018\/12\/20181220_215808-150x150.jpg 150w, https:\/\/agora.xtec.cat\/esc-maragall-lh\/wp-content\/uploads\/usu1598\/2018\/12\/20181220_215808-300x300.jpg 300w, https:\/\/agora.xtec.cat\/esc-maragall-lh\/wp-content\/uploads\/usu1598\/2018\/12\/20181220_215808-768x768.jpg 768w\" sizes=\"auto, (max-width: 1024px) 100vw, 1024px\" \/><\/p>\n<p style=\"text-align: justify;\">Aquesta vegada, tert\u00falia al voltant del llibre <em>La delicadeza<\/em> d&#8217;en David Foenkinos i lliurament de <em>Proves falses<\/em> de la Donna Le\u00f3n. Lot de llibres facilitats, com sempre, per la Biblioteca Central Tecla Sala.<\/p>\n<p style=\"text-align: justify;\">Paraules, opinions, recomanacions, unes tasses&#8230; neules grosses i neules amb torr\u00f3.<\/p>\n<p><img loading=\"lazy\" decoding=\"async\" class=\"aligncenter size-large wp-image-2874\" src=\"https:\/\/agora.xtec.cat\/esc-maragall-lh\/wp-content\/uploads\/usu1598\/2018\/12\/20181220_172320-1024x1024.jpg\" alt=\"\" width=\"1024\" height=\"1024\" srcset=\"https:\/\/agora.xtec.cat\/esc-maragall-lh\/wp-content\/uploads\/usu1598\/2018\/12\/20181220_172320-1024x1024.jpg 1024w, https:\/\/agora.xtec.cat\/esc-maragall-lh\/wp-content\/uploads\/usu1598\/2018\/12\/20181220_172320-150x150.jpg 150w, https:\/\/agora.xtec.cat\/esc-maragall-lh\/wp-content\/uploads\/usu1598\/2018\/12\/20181220_172320-300x300.jpg 300w, https:\/\/agora.xtec.cat\/esc-maragall-lh\/wp-content\/uploads\/usu1598\/2018\/12\/20181220_172320-768x768.jpg 768w\" sizes=\"auto, (max-width: 1024px) 100vw, 1024px\" \/><\/p>\n<p><img loading=\"lazy\" decoding=\"async\" class=\"aligncenter size-large wp-image-2878\" src=\"https:\/\/agora.xtec.cat\/esc-maragall-lh\/wp-content\/uploads\/usu1598\/2018\/12\/20181220_215737-1024x1024.jpg\" alt=\"\" width=\"1024\" height=\"1024\" srcset=\"https:\/\/agora.xtec.cat\/esc-maragall-lh\/wp-content\/uploads\/usu1598\/2018\/12\/20181220_215737-1024x1024.jpg 1024w, https:\/\/agora.xtec.cat\/esc-maragall-lh\/wp-content\/uploads\/usu1598\/2018\/12\/20181220_215737-150x150.jpg 150w, https:\/\/agora.xtec.cat\/esc-maragall-lh\/wp-content\/uploads\/usu1598\/2018\/12\/20181220_215737-300x300.jpg 300w, https:\/\/agora.xtec.cat\/esc-maragall-lh\/wp-content\/uploads\/usu1598\/2018\/12\/20181220_215737-768x768.jpg 768w\" sizes=\"auto, (max-width: 1024px) 100vw, 1024px\" \/><\/p>\n<p style=\"text-align: left;\"><img loading=\"lazy\" decoding=\"async\" class=\"aligncenter size-large wp-image-2879\" src=\"https:\/\/agora.xtec.cat\/esc-maragall-lh\/wp-content\/uploads\/usu1598\/2018\/12\/20181220_215643-1024x1024.jpg\" alt=\"\" width=\"1024\" height=\"1024\" srcset=\"https:\/\/agora.xtec.cat\/esc-maragall-lh\/wp-content\/uploads\/usu1598\/2018\/12\/20181220_215643-1024x1024.jpg 1024w, https:\/\/agora.xtec.cat\/esc-maragall-lh\/wp-content\/uploads\/usu1598\/2018\/12\/20181220_215643-150x150.jpg 150w, https:\/\/agora.xtec.cat\/esc-maragall-lh\/wp-content\/uploads\/usu1598\/2018\/12\/20181220_215643-300x300.jpg 300w, https:\/\/agora.xtec.cat\/esc-maragall-lh\/wp-content\/uploads\/usu1598\/2018\/12\/20181220_215643-768x768.jpg 768w\" sizes=\"auto, (max-width: 1024px) 100vw, 1024px\" \/><\/p>\n<ul>\n<li><img loading=\"lazy\" decoding=\"async\" class=\"size-large wp-image-2881 aligncenter\" src=\"https:\/\/agora.xtec.cat\/esc-maragall-lh\/wp-content\/uploads\/usu1598\/2018\/12\/20181220_215400-1024x1024.jpg\" alt=\"\" width=\"1024\" height=\"1024\" srcset=\"https:\/\/agora.xtec.cat\/esc-maragall-lh\/wp-content\/uploads\/usu1598\/2018\/12\/20181220_215400-1024x1024.jpg 1024w, https:\/\/agora.xtec.cat\/esc-maragall-lh\/wp-content\/uploads\/usu1598\/2018\/12\/20181220_215400-150x150.jpg 150w, https:\/\/agora.xtec.cat\/esc-maragall-lh\/wp-content\/uploads\/usu1598\/2018\/12\/20181220_215400-300x300.jpg 300w, https:\/\/agora.xtec.cat\/esc-maragall-lh\/wp-content\/uploads\/usu1598\/2018\/12\/20181220_215400-768x768.jpg 768w\" sizes=\"auto, (max-width: 1024px) 100vw, 1024px\" \/><\/li>\n<\/ul>\n<p style=\"text-align: center;\">Propera trobada: 14 de mar\u00e7 de 2019.<\/p>\n<p style=\"text-align: justify;\">Agra\u00efm la pres\u00e8ncia de la Marta Balsells (t\u00e8cnica del programa Fem Tandem L&#8217;H)<\/p>\n<p style=\"text-align: justify;\">Agra\u00efm la tasca de l&#8217;Al\u00edcia i els llibres que ens ha regalat (<em>El donyet perdut<\/em> del qual n&#8217;\u00e9s autora i que \u00e9s un reinvent de la fantasia cl\u00e0ssica adre\u00e7at a alumnes del Cicle Superior i <em>Xiuxiuejos terror\u00edfics<\/em> d&#8217;en Guy Maupassant)<\/p>\n<p><img loading=\"lazy\" decoding=\"async\" class=\"aligncenter size-large wp-image-2889\" src=\"https:\/\/agora.xtec.cat\/esc-maragall-lh\/wp-content\/uploads\/usu1598\/2018\/12\/20181221_093241-1024x1024.jpg\" alt=\"\" width=\"1024\" height=\"1024\" srcset=\"https:\/\/agora.xtec.cat\/esc-maragall-lh\/wp-content\/uploads\/usu1598\/2018\/12\/20181221_093241-1024x1024.jpg 1024w, https:\/\/agora.xtec.cat\/esc-maragall-lh\/wp-content\/uploads\/usu1598\/2018\/12\/20181221_093241-150x150.jpg 150w, https:\/\/agora.xtec.cat\/esc-maragall-lh\/wp-content\/uploads\/usu1598\/2018\/12\/20181221_093241-300x300.jpg 300w, https:\/\/agora.xtec.cat\/esc-maragall-lh\/wp-content\/uploads\/usu1598\/2018\/12\/20181221_093241-768x768.jpg 768w\" sizes=\"auto, (max-width: 1024px) 100vw, 1024px\" \/><\/p>\n<p style=\"text-align: justify;\">Agra\u00efm la participaci\u00f3 activa del grup de mares de l&#8217;escola<\/p>\n<p style=\"text-align: justify;\">Agra\u00efm el poema que ens ha dedicat, en la dist\u00e0ncia,\u00a0 en Manuel Garc\u00eda Estadella (el nostre avi poeta), <em>No me dejes, Asturias<\/em><\/p>\n<p><iframe loading=\"lazy\" src=\"https:\/\/www.youtube.com\/embed\/DZERjLbek0k\" width=\"560\" height=\"315\" frameborder=\"0\" allowfullscreen=\"allowfullscreen\"><\/iframe><\/p>\n<p style=\"text-align: justify;\">I agra\u00efm al Projecte TANDEM l&#8217;oportunitat de fer arribar la biblioteca a tota la Comunitat Educativa.<\/p>\n<p style=\"text-align: justify;\">Si esteu interessats en participar-hi, poseu-vos en contacte amb m\u00ed. Disposem encara de 3 \u00f3 4 cadires m\u00e9s. Ens trobem un cop cada trimestre, una tarda de 15 a 16:30 hores a la biblioteca de l&#8217;escola.<\/p>\n<p style=\"text-align: justify;\">Signat: en Llagaram, un drac<\/p>\n","protected":false},"excerpt":{"rendered":"<p>Dijous, 20 de desembre, segona trobada del club de lectura familiar d&#8217;aquest curs escolar 2018-19.<\/p>\n","protected":false},"author":1,"featured_media":2872,"comment_status":"closed","ping_status":"closed","sticky":false,"template":"","format":"standard","meta":{"_bbp_topic_count":0,"_bbp_reply_count":0,"_bbp_total_topic_count":0,"_bbp_total_reply_count":0,"_bbp_voice_count":0,"_bbp_anonymous_reply_count":0,"_bbp_topic_count_hidden":0,"_bbp_reply_count_hidden":0,"_bbp_forum_subforum_count":0,"site-sidebar-layout":"default","site-content-layout":"","ast-site-content-layout":"","site-content-style":"default","site-sidebar-style":"default","ast-global-header-display":"","ast-banner-title-visibility":"","ast-main-header-display":"","ast-hfb-above-header-display":"","ast-hfb-below-header-display":"","ast-hfb-mobile-header-display":"","site-post-title":"","ast-breadcrumbs-content":"","ast-featured-img":"","footer-sml-layout":"","theme-transparent-header-meta":"","adv-header-id-meta":"","stick-header-meta":"","header-above-stick-meta":"","header-main-stick-meta":"","header-below-stick-meta":"","astra-migrate-meta-layouts":"default","ast-page-background-enabled":"default","ast-page-background-meta":{"desktop":{"background-color":"var(--ast-global-color-4)","background-image":"","background-repeat":"repeat","background-position":"center center","background-size":"auto","background-attachment":"scroll","background-type":"","background-media":"","overlay-type":"","overlay-color":"","overlay-opacity":"","overlay-gradient":""},"tablet":{"background-color":"","background-image":"","background-repeat":"repeat","background-position":"center center","background-size":"auto","background-attachment":"scroll","background-type":"","background-media":"","overlay-type":"","overlay-color":"","overlay-opacity":"","overlay-gradient":""},"mobile":{"background-color":"","background-image":"","background-repeat":"repeat","background-position":"center center","background-size":"auto","background-attachment":"scroll","background-type":"","background-media":"","overlay-type":"","overlay-color":"","overlay-opacity":"","overlay-gradient":""}},"ast-content-background-meta":{"desktop":{"background-color":"var(--ast-global-color-5)","background-image":"","background-repeat":"repeat","background-position":"center center","background-size":"auto","background-attachment":"scroll","background-type":"","background-media":"","overlay-type":"","overlay-color":"","overlay-opacity":"","overlay-gradient":""},"tablet":{"background-color":"var(--ast-global-color-5)","background-image":"","background-repeat":"repeat","background-position":"center center","background-size":"auto","background-attachment":"scroll","background-type":"","background-media":"","overlay-type":"","overlay-color":"","overlay-opacity":"","overlay-gradient":""},"mobile":{"background-color":"var(--ast-global-color-5)","background-image":"","background-repeat":"repeat","background-position":"center center","background-size":"auto","background-attachment":"scroll","background-type":"","background-media":"","overlay-type":"","overlay-color":"","overlay-opacity":"","overlay-gradient":""}},"footnotes":""},"categories":[1,4,55],"tags":[119,387,213,133,120],"class_list":["post-2870","post","type-post","status-publish","format-standard","has-post-thumbnail","hentry","category-general","category-portada","category-biblioteca","tag-biblioteca","tag-club-de-lectura-familiar","tag-families","tag-tandem","tag-tecla-sala"],"post_mailing_queue_ids":[],"_links":{"self":[{"href":"https:\/\/agora.xtec.cat\/esc-maragall-lh\/wp-json\/wp\/v2\/posts\/2870","targetHints":{"allow":["GET"]}}],"collection":[{"href":"https:\/\/agora.xtec.cat\/esc-maragall-lh\/wp-json\/wp\/v2\/posts"}],"about":[{"href":"https:\/\/agora.xtec.cat\/esc-maragall-lh\/wp-json\/wp\/v2\/types\/post"}],"author":[{"embeddable":true,"href":"https:\/\/agora.xtec.cat\/esc-maragall-lh\/wp-json\/wp\/v2\/users\/1"}],"replies":[{"embeddable":true,"href":"https:\/\/agora.xtec.cat\/esc-maragall-lh\/wp-json\/wp\/v2\/comments?post=2870"}],"version-history":[{"count":3,"href":"https:\/\/agora.xtec.cat\/esc-maragall-lh\/wp-json\/wp\/v2\/posts\/2870\/revisions"}],"predecessor-version":[{"id":2897,"href":"https:\/\/agora.xtec.cat\/esc-maragall-lh\/wp-json\/wp\/v2\/posts\/2870\/revisions\/2897"}],"wp:featuredmedia":[{"embeddable":true,"href":"https:\/\/agora.xtec.cat\/esc-maragall-lh\/wp-json\/wp\/v2\/media\/2872"}],"wp:attachment":[{"href":"https:\/\/agora.xtec.cat\/esc-maragall-lh\/wp-json\/wp\/v2\/media?parent=2870"}],"wp:term":[{"taxonomy":"category","embeddable":true,"href":"https:\/\/agora.xtec.cat\/esc-maragall-lh\/wp-json\/wp\/v2\/categories?post=2870"},{"taxonomy":"post_tag","embeddable":true,"href":"https:\/\/agora.xtec.cat\/esc-maragall-lh\/wp-json\/wp\/v2\/tags?post=2870"}],"curies":[{"name":"wp","href":"https:\/\/api.w.org\/{rel}","templated":true}]}}