{"id":22666,"date":"2026-03-09T13:36:19","date_gmt":"2026-03-09T12:36:19","guid":{"rendered":"https:\/\/agora.xtec.cat\/esc-maragall-lh\/?p=22666"},"modified":"2026-03-18T10:24:34","modified_gmt":"2026-03-18T09:24:34","slug":"obra-de-teatre-la-major-festa-de-lany","status":"publish","type":"post","link":"https:\/\/agora.xtec.cat\/esc-maragall-lh\/portada\/obra-de-teatre-la-major-festa-de-lany\/","title":{"rendered":"Obra de teatre &#8220;La major festa de l\u2019any&#8221;"},"content":{"rendered":"<p style=\"text-align: center\">El passat divendres 6 de mar\u00e7, els nens i nenes d\u2019Educaci\u00f3 Infantil i de Cicle Inicial van tenir l\u2019oportunitat de gaudir d\u2019una obra de teatre molt especial titulada \u201cLa major festa de l\u2019any\u201d.<br \/>\nA trav\u00e9s d\u2019aquesta representaci\u00f3, els infants van poder descobrir i aprendre m\u00e9s sobre qu\u00e8 \u00e9s una festa major i quins s\u00f3n alguns dels elements m\u00e9s caracter\u00edstics de la nostra cultura popular. Durant l\u2019obra van apar\u00e8ixer tradicions tan estimades com els castellers, els gegants i capgrossos, el ball de bastons, els diables i les sardanes.<br \/>\nEl decorat era molt bonic i cuidat, fet que ajudava a crear una atmosfera festiva i molt atractiva per als nens i nenes. A m\u00e9s, l\u2019obra era participativa, de manera que els infants van poder intervenir i seguir el ritme de l\u2019espectacle, fent que tots i totes ens ho pass\u00e9ssim molt b\u00e9.<br \/>\nVa ser una experi\u00e8ncia molt enriquidora, en la qual, a m\u00e9s de divertir-nos, vam aprendre moltes coses sobre les nostres tradicions i la cultura popular.<br \/>\nSi voleu veure alguns moments d\u2019aquesta activitat, podeu accedir a les fotografies a trav\u00e9s dels seg\u00fcents enlla\u00e7os:<\/p>\n<p style=\"text-align: center\"><a href=\"https:\/\/drive.google.com\/drive\/folders\/1EThxyvCIWrRS5w4-cg0t6QJjw_UhEqp4?usp=sharing\">Infantil<\/a><br \/>\n<a href=\"https:\/\/drive.google.com\/drive\/folders\/1LFdagq1n3h3Zj7ZioeABsIxFPxxPq-2u?usp=sharing\">Cicle Inicial<\/a><\/p>\n","protected":false},"excerpt":{"rendered":"<p>Infantil i Cicle Inicial vam poder gaudir d&#8217;una obra de teatre a l&#8217;escola sobre la Festa Major<\/p>\n","protected":false},"author":55,"featured_media":22667,"comment_status":"closed","ping_status":"open","sticky":false,"template":"","format":"standard","meta":{"_bbp_topic_count":0,"_bbp_reply_count":0,"_bbp_total_topic_count":0,"_bbp_total_reply_count":0,"_bbp_voice_count":0,"_bbp_anonymous_reply_count":0,"_bbp_topic_count_hidden":0,"_bbp_reply_count_hidden":0,"_bbp_forum_subforum_count":0,"site-sidebar-layout":"default","site-content-layout":"","ast-site-content-layout":"default","site-content-style":"default","site-sidebar-style":"default","ast-global-header-display":"","ast-banner-title-visibility":"","ast-main-header-display":"","ast-hfb-above-header-display":"","ast-hfb-below-header-display":"","ast-hfb-mobile-header-display":"","site-post-title":"","ast-breadcrumbs-content":"","ast-featured-img":"","footer-sml-layout":"","theme-transparent-header-meta":"default","adv-header-id-meta":"","stick-header-meta":"","header-above-stick-meta":"","header-main-stick-meta":"","header-below-stick-meta":"","astra-migrate-meta-layouts":"set","ast-page-background-enabled":"default","ast-page-background-meta":{"desktop":{"background-color":"var(--ast-global-color-4)","background-image":"","background-repeat":"repeat","background-position":"center center","background-size":"auto","background-attachment":"scroll","background-type":"","background-media":"","overlay-type":"","overlay-color":"","overlay-opacity":"","overlay-gradient":""},"tablet":{"background-color":"","background-image":"","background-repeat":"repeat","background-position":"center center","background-size":"auto","background-attachment":"scroll","background-type":"","background-media":"","overlay-type":"","overlay-color":"","overlay-opacity":"","overlay-gradient":""},"mobile":{"background-color":"","background-image":"","background-repeat":"repeat","background-position":"center center","background-size":"auto","background-attachment":"scroll","background-type":"","background-media":"","overlay-type":"","overlay-color":"","overlay-opacity":"","overlay-gradient":""}},"ast-content-background-meta":{"desktop":{"background-color":"var(--ast-global-color-5)","background-image":"","background-repeat":"repeat","background-position":"center center","background-size":"auto","background-attachment":"scroll","background-type":"","background-media":"","overlay-type":"","overlay-color":"","overlay-opacity":"","overlay-gradient":""},"tablet":{"background-color":"var(--ast-global-color-5)","background-image":"","background-repeat":"repeat","background-position":"center center","background-size":"auto","background-attachment":"scroll","background-type":"","background-media":"","overlay-type":"","overlay-color":"","overlay-opacity":"","overlay-gradient":""},"mobile":{"background-color":"var(--ast-global-color-5)","background-image":"","background-repeat":"repeat","background-position":"center center","background-size":"auto","background-attachment":"scroll","background-type":"","background-media":"","overlay-type":"","overlay-color":"","overlay-opacity":"","overlay-gradient":""}},"footnotes":""},"categories":[710,713,686,642,712,4,610,584],"tags":[550,144,654,652,673,75,84,89],"class_list":["post-22666","post","type-post","status-publish","format-standard","has-post-thumbnail","hentry","category-curs-25-26","category-inf-3-2025-26","category-inf-4-2025-26","category-i-5-2025-26","category-infantil-2025-26","category-portada","category-primer-2025-26","category-segon-2025-26","tag-cicle-incial","tag-educacio-infantil","tag-i3","tag-i4","tag-i5","tag-primer","tag-segon","tag-teatre"],"post_mailing_queue_ids":[],"_links":{"self":[{"href":"https:\/\/agora.xtec.cat\/esc-maragall-lh\/wp-json\/wp\/v2\/posts\/22666","targetHints":{"allow":["GET"]}}],"collection":[{"href":"https:\/\/agora.xtec.cat\/esc-maragall-lh\/wp-json\/wp\/v2\/posts"}],"about":[{"href":"https:\/\/agora.xtec.cat\/esc-maragall-lh\/wp-json\/wp\/v2\/types\/post"}],"author":[{"embeddable":true,"href":"https:\/\/agora.xtec.cat\/esc-maragall-lh\/wp-json\/wp\/v2\/users\/55"}],"replies":[{"embeddable":true,"href":"https:\/\/agora.xtec.cat\/esc-maragall-lh\/wp-json\/wp\/v2\/comments?post=22666"}],"version-history":[{"count":2,"href":"https:\/\/agora.xtec.cat\/esc-maragall-lh\/wp-json\/wp\/v2\/posts\/22666\/revisions"}],"predecessor-version":[{"id":22669,"href":"https:\/\/agora.xtec.cat\/esc-maragall-lh\/wp-json\/wp\/v2\/posts\/22666\/revisions\/22669"}],"wp:featuredmedia":[{"embeddable":true,"href":"https:\/\/agora.xtec.cat\/esc-maragall-lh\/wp-json\/wp\/v2\/media\/22667"}],"wp:attachment":[{"href":"https:\/\/agora.xtec.cat\/esc-maragall-lh\/wp-json\/wp\/v2\/media?parent=22666"}],"wp:term":[{"taxonomy":"category","embeddable":true,"href":"https:\/\/agora.xtec.cat\/esc-maragall-lh\/wp-json\/wp\/v2\/categories?post=22666"},{"taxonomy":"post_tag","embeddable":true,"href":"https:\/\/agora.xtec.cat\/esc-maragall-lh\/wp-json\/wp\/v2\/tags?post=22666"}],"curies":[{"name":"wp","href":"https:\/\/api.w.org\/{rel}","templated":true}]}}