{"id":22427,"date":"2025-11-21T16:39:58","date_gmt":"2025-11-21T15:39:58","guid":{"rendered":"https:\/\/agora.xtec.cat\/esc-maragall-lh\/?p=22427"},"modified":"2025-11-21T16:41:17","modified_gmt":"2025-11-21T15:41:17","slug":"celebrem-santa-cecilia-%f0%9f%8e%b5","status":"publish","type":"post","link":"https:\/\/agora.xtec.cat\/esc-maragall-lh\/portada\/celebrem-santa-cecilia-%f0%9f%8e%b5\/","title":{"rendered":"CELEBREM SANTA CEC\u00cdLIA \ud83c\udfb5"},"content":{"rendered":"<h2>\ud83c\udfb5 Celebrem Santa Cec\u00edlia: Un dia ple de m\u00fasica i emoci\u00f3!<\/h2>\n<p>&nbsp;<\/p>\n<p data-path-to-node=\"4\"><b>Benvolgudes fam\u00edlies,<\/b><\/p>\n<p data-path-to-node=\"5\">Avui, <b>21 de novembre<\/b>, l&#8217;escola s&#8217;ha omplert de ritme per celebrar una de les dates m\u00e9s especials del calendari escolar: <b>Santa Cec\u00edlia<\/b>, patrona de la m\u00fasica.<\/p>\n<p data-path-to-node=\"6\">La m\u00fasica \u00e9s un llenguatge universal que ens acompanya, ens uneix i ens fa vibrar. Per aix\u00f2, no vol\u00edem deixar passar l&#8217;oportunitat de viure-la tots plegats.<\/p>\n<h3>\ud83c\udfb8 Una tarda amb l&#8217;Escamot del Baix<\/h3>\n<p>&nbsp;<\/p>\n<p data-path-to-node=\"8\">Aquesta tarda, el pati s&#8217;ha convertit en un escenari de festa gr\u00e0cies a l&#8217;actuaci\u00f3 del grup musical <b>&#8220;Escamot del Baix&#8221;<\/b>. Gr\u00e0cies a ells, alumnes i mestres hem pogut gaudir de la m\u00e0gia de la m\u00fasica en directe, compartint moments de ball, alegria i companyonia.<\/p>\n<p data-path-to-node=\"9\">Ha estat una experi\u00e8ncia fant\u00e0stica on hem recordat que, m\u00e9s enll\u00e0 de les notes, la m\u00fasica \u00e9s emoci\u00f3 compartida.<\/p>\n<h3>\ud83d\udcf8 Galeria d&#8217;imatges<\/h3>\n<p>&nbsp;<\/p>\n<p data-path-to-node=\"11\"><a href=\"https:\/\/drive.google.com\/drive\/folders\/18MKD6mwtRgNnXHKr0vVfnns7mbiGVZ27?usp=sharing\" target=\"_blank\" rel=\"noopener\">CLICA AQU\u00cd&#8212;&gt; VEURE IMATGES<\/a><\/p>\n<hr data-path-to-node=\"14\" \/>\n<h3>\ud83c\udfbc VISCA LA M\u00daSICA!!! \ud83c\udfbc<\/h3>\n","protected":false},"excerpt":{"rendered":"<p>questa tarda, el pati s&#8217;ha convertit en un escenari de festa gr\u00e0cies a l&#8217;actuaci\u00f3 del grup musical &#8220;Escamot del Baix&#8221;.<\/p>\n","protected":false},"author":1,"featured_media":22428,"comment_status":"closed","ping_status":"open","sticky":false,"template":"","format":"standard","meta":{"_bbp_topic_count":0,"_bbp_reply_count":0,"_bbp_total_topic_count":0,"_bbp_total_reply_count":0,"_bbp_voice_count":0,"_bbp_anonymous_reply_count":0,"_bbp_topic_count_hidden":0,"_bbp_reply_count_hidden":0,"_bbp_forum_subforum_count":0,"site-sidebar-layout":"no-sidebar","site-content-layout":"","ast-site-content-layout":"default","site-content-style":"default","site-sidebar-style":"default","ast-global-header-display":"","ast-banner-title-visibility":"","ast-main-header-display":"","ast-hfb-above-header-display":"","ast-hfb-below-header-display":"","ast-hfb-mobile-header-display":"","site-post-title":"","ast-breadcrumbs-content":"","ast-featured-img":"","footer-sml-layout":"","theme-transparent-header-meta":"default","adv-header-id-meta":"","stick-header-meta":"","header-above-stick-meta":"","header-main-stick-meta":"","header-below-stick-meta":"","astra-migrate-meta-layouts":"set","ast-page-background-enabled":"default","ast-page-background-meta":{"desktop":{"background-color":"var(--ast-global-color-4)","background-image":"","background-repeat":"repeat","background-position":"center center","background-size":"auto","background-attachment":"scroll","background-type":"","background-media":"","overlay-type":"","overlay-color":"","overlay-opacity":"","overlay-gradient":""},"tablet":{"background-color":"","background-image":"","background-repeat":"repeat","background-position":"center center","background-size":"auto","background-attachment":"scroll","background-type":"","background-media":"","overlay-type":"","overlay-color":"","overlay-opacity":"","overlay-gradient":""},"mobile":{"background-color":"","background-image":"","background-repeat":"repeat","background-position":"center center","background-size":"auto","background-attachment":"scroll","background-type":"","background-media":"","overlay-type":"","overlay-color":"","overlay-opacity":"","overlay-gradient":""}},"ast-content-background-meta":{"desktop":{"background-color":"var(--ast-global-color-5)","background-image":"","background-repeat":"repeat","background-position":"center center","background-size":"auto","background-attachment":"scroll","background-type":"","background-media":"","overlay-type":"","overlay-color":"","overlay-opacity":"","overlay-gradient":""},"tablet":{"background-color":"var(--ast-global-color-5)","background-image":"","background-repeat":"repeat","background-position":"center center","background-size":"auto","background-attachment":"scroll","background-type":"","background-media":"","overlay-type":"","overlay-color":"","overlay-opacity":"","overlay-gradient":""},"mobile":{"background-color":"var(--ast-global-color-5)","background-image":"","background-repeat":"repeat","background-position":"center center","background-size":"auto","background-attachment":"scroll","background-type":"","background-media":"","overlay-type":"","overlay-color":"","overlay-opacity":"","overlay-gradient":""}},"footnotes":""},"categories":[424,713,686,642,712,4,711,610,423,584,425,541],"tags":[227,68],"class_list":["post-22427","post","type-post","status-publish","format-standard","has-post-thumbnail","hentry","category-cinque-2025-26","category-inf-3-2025-26","category-inf-4-2025-26","category-i-5-2025-26","category-infantil-2025-26","category-portada","category-primaria-2025-26","category-primer-2025-26","category-quart-2025-26","category-segon-2025-26","category-sise-2025-26","category-tercer-2025-26","tag-dia-de-la-musica","tag-musica"],"post_mailing_queue_ids":[],"_links":{"self":[{"href":"https:\/\/agora.xtec.cat\/esc-maragall-lh\/wp-json\/wp\/v2\/posts\/22427","targetHints":{"allow":["GET"]}}],"collection":[{"href":"https:\/\/agora.xtec.cat\/esc-maragall-lh\/wp-json\/wp\/v2\/posts"}],"about":[{"href":"https:\/\/agora.xtec.cat\/esc-maragall-lh\/wp-json\/wp\/v2\/types\/post"}],"author":[{"embeddable":true,"href":"https:\/\/agora.xtec.cat\/esc-maragall-lh\/wp-json\/wp\/v2\/users\/1"}],"replies":[{"embeddable":true,"href":"https:\/\/agora.xtec.cat\/esc-maragall-lh\/wp-json\/wp\/v2\/comments?post=22427"}],"version-history":[{"count":3,"href":"https:\/\/agora.xtec.cat\/esc-maragall-lh\/wp-json\/wp\/v2\/posts\/22427\/revisions"}],"predecessor-version":[{"id":22431,"href":"https:\/\/agora.xtec.cat\/esc-maragall-lh\/wp-json\/wp\/v2\/posts\/22427\/revisions\/22431"}],"wp:featuredmedia":[{"embeddable":true,"href":"https:\/\/agora.xtec.cat\/esc-maragall-lh\/wp-json\/wp\/v2\/media\/22428"}],"wp:attachment":[{"href":"https:\/\/agora.xtec.cat\/esc-maragall-lh\/wp-json\/wp\/v2\/media?parent=22427"}],"wp:term":[{"taxonomy":"category","embeddable":true,"href":"https:\/\/agora.xtec.cat\/esc-maragall-lh\/wp-json\/wp\/v2\/categories?post=22427"},{"taxonomy":"post_tag","embeddable":true,"href":"https:\/\/agora.xtec.cat\/esc-maragall-lh\/wp-json\/wp\/v2\/tags?post=22427"}],"curies":[{"name":"wp","href":"https:\/\/api.w.org\/{rel}","templated":true}]}}