{"id":22319,"date":"2025-11-17T14:02:28","date_gmt":"2025-11-17T13:02:28","guid":{"rendered":"https:\/\/agora.xtec.cat\/esc-maragall-lh\/?p=22319"},"modified":"2025-11-17T14:07:01","modified_gmt":"2025-11-17T13:07:01","slug":"la-tardor-amb-lies-can-vilumara","status":"publish","type":"post","link":"https:\/\/agora.xtec.cat\/esc-maragall-lh\/general\/la-tardor-amb-lies-can-vilumara\/","title":{"rendered":"La tardor amb el Can Vilumara"},"content":{"rendered":"<p style=\"text-align: center\">El dimecres 12 de novembre, cinc alumnes del Grau Superior de T\u00e8cniques d&#8217;Educaci\u00f3 Infantil de l&#8217;Institut Can Vilumara ens van visitar per portar a terme una activitat l\u00fadica i educativa amb la classe de I.4. Aquesta activitat \u00e9s una pr\u00e0ctica dins del seu projecte sobre l&#8217;ab\u00fas de pantalles.<\/p>\n<p>Es va generar una conversa sobre la tardor observant elements com fulles, pinyes i pals, juntament amb pintura dels colors d&#8217;aquesta estaci\u00f3. Despr\u00e9s, amb diferents estris per pintar, vam confeccionar lliurement un gran mural tots plegats.<\/p>\n<p><a href=\"https:\/\/agora.xtec.cat\/esc-maragall-lh\/wp-content\/uploads\/usu1598\/2025\/11\/POEMA-TARDOR-1-1024x724-1.jpg\"><img loading=\"lazy\" decoding=\"async\" class=\"wp-image-22321 aligncenter\" src=\"https:\/\/agora.xtec.cat\/esc-maragall-lh\/wp-content\/uploads\/usu1598\/2025\/11\/POEMA-TARDOR-1-1024x724-1.jpg\" alt=\"\" width=\"450\" height=\"226\" srcset=\"https:\/\/agora.xtec.cat\/esc-maragall-lh\/wp-content\/uploads\/usu1598\/2025\/11\/POEMA-TARDOR-1-1024x724-1.jpg 1024w, https:\/\/agora.xtec.cat\/esc-maragall-lh\/wp-content\/uploads\/usu1598\/2025\/11\/POEMA-TARDOR-1-1024x724-1-300x151.jpg 300w, https:\/\/agora.xtec.cat\/esc-maragall-lh\/wp-content\/uploads\/usu1598\/2025\/11\/POEMA-TARDOR-1-1024x724-1-768x386.jpg 768w\" sizes=\"auto, (max-width: 450px) 100vw, 450px\" \/><\/a><\/p>\n<p style=\"text-align: center\">Per acabar, i com agra\u00efment per aquesta tarda tan divertida que ens van fer passar, els vam cantar les nostres can\u00e7ons de tardor preferides.<\/p>\n<p style=\"text-align: center\">Podeu veure les fotos clicant <a href=\"https:\/\/drive.google.com\/drive\/folders\/1c3d5Ja0BBlAju4oOItIkh2Ll46QStP6m?usp=sharing\"><strong>AQU\u00cd.<\/strong><\/a><\/p>\n","protected":false},"excerpt":{"rendered":"<p>Alumnes de l&#8217;institut Can Vilumara comparteixen amb I4 una activitat pl\u00e0stica de tardor.<\/p>\n","protected":false},"author":14,"featured_media":22323,"comment_status":"closed","ping_status":"open","sticky":false,"template":"","format":"standard","meta":{"_bbp_topic_count":0,"_bbp_reply_count":0,"_bbp_total_topic_count":0,"_bbp_total_reply_count":0,"_bbp_voice_count":0,"_bbp_anonymous_reply_count":0,"_bbp_topic_count_hidden":0,"_bbp_reply_count_hidden":0,"_bbp_forum_subforum_count":0,"site-sidebar-layout":"no-sidebar","site-content-layout":"","ast-site-content-layout":"default","site-content-style":"default","site-sidebar-style":"default","ast-global-header-display":"","ast-banner-title-visibility":"","ast-main-header-display":"","ast-hfb-above-header-display":"","ast-hfb-below-header-display":"","ast-hfb-mobile-header-display":"","site-post-title":"","ast-breadcrumbs-content":"","ast-featured-img":"","footer-sml-layout":"","theme-transparent-header-meta":"default","adv-header-id-meta":"","stick-header-meta":"","header-above-stick-meta":"","header-main-stick-meta":"","header-below-stick-meta":"","astra-migrate-meta-layouts":"set","ast-page-background-enabled":"default","ast-page-background-meta":{"desktop":{"background-color":"var(--ast-global-color-4)","background-image":"","background-repeat":"repeat","background-position":"center center","background-size":"auto","background-attachment":"scroll","background-type":"","background-media":"","overlay-type":"","overlay-color":"","overlay-opacity":"","overlay-gradient":""},"tablet":{"background-color":"","background-image":"","background-repeat":"repeat","background-position":"center center","background-size":"auto","background-attachment":"scroll","background-type":"","background-media":"","overlay-type":"","overlay-color":"","overlay-opacity":"","overlay-gradient":""},"mobile":{"background-color":"","background-image":"","background-repeat":"repeat","background-position":"center center","background-size":"auto","background-attachment":"scroll","background-type":"","background-media":"","overlay-type":"","overlay-color":"","overlay-opacity":"","overlay-gradient":""}},"ast-content-background-meta":{"desktop":{"background-color":"var(--ast-global-color-5)","background-image":"","background-repeat":"repeat","background-position":"center center","background-size":"auto","background-attachment":"scroll","background-type":"","background-media":"","overlay-type":"","overlay-color":"","overlay-opacity":"","overlay-gradient":""},"tablet":{"background-color":"var(--ast-global-color-5)","background-image":"","background-repeat":"repeat","background-position":"center center","background-size":"auto","background-attachment":"scroll","background-type":"","background-media":"","overlay-type":"","overlay-color":"","overlay-opacity":"","overlay-gradient":""},"mobile":{"background-color":"var(--ast-global-color-5)","background-image":"","background-repeat":"repeat","background-position":"center center","background-size":"auto","background-attachment":"scroll","background-type":"","background-media":"","overlay-type":"","overlay-color":"","overlay-opacity":"","overlay-gradient":""}},"footnotes":""},"categories":[710,1,686,712,4],"tags":[144,652,240],"class_list":["post-22319","post","type-post","status-publish","format-standard","has-post-thumbnail","hentry","category-curs-25-26","category-general","category-inf-4-2025-26","category-infantil-2025-26","category-portada","tag-educacio-infantil","tag-i4","tag-tardor"],"post_mailing_queue_ids":[],"_links":{"self":[{"href":"https:\/\/agora.xtec.cat\/esc-maragall-lh\/wp-json\/wp\/v2\/posts\/22319","targetHints":{"allow":["GET"]}}],"collection":[{"href":"https:\/\/agora.xtec.cat\/esc-maragall-lh\/wp-json\/wp\/v2\/posts"}],"about":[{"href":"https:\/\/agora.xtec.cat\/esc-maragall-lh\/wp-json\/wp\/v2\/types\/post"}],"author":[{"embeddable":true,"href":"https:\/\/agora.xtec.cat\/esc-maragall-lh\/wp-json\/wp\/v2\/users\/14"}],"replies":[{"embeddable":true,"href":"https:\/\/agora.xtec.cat\/esc-maragall-lh\/wp-json\/wp\/v2\/comments?post=22319"}],"version-history":[{"count":4,"href":"https:\/\/agora.xtec.cat\/esc-maragall-lh\/wp-json\/wp\/v2\/posts\/22319\/revisions"}],"predecessor-version":[{"id":22349,"href":"https:\/\/agora.xtec.cat\/esc-maragall-lh\/wp-json\/wp\/v2\/posts\/22319\/revisions\/22349"}],"wp:featuredmedia":[{"embeddable":true,"href":"https:\/\/agora.xtec.cat\/esc-maragall-lh\/wp-json\/wp\/v2\/media\/22323"}],"wp:attachment":[{"href":"https:\/\/agora.xtec.cat\/esc-maragall-lh\/wp-json\/wp\/v2\/media?parent=22319"}],"wp:term":[{"taxonomy":"category","embeddable":true,"href":"https:\/\/agora.xtec.cat\/esc-maragall-lh\/wp-json\/wp\/v2\/categories?post=22319"},{"taxonomy":"post_tag","embeddable":true,"href":"https:\/\/agora.xtec.cat\/esc-maragall-lh\/wp-json\/wp\/v2\/tags?post=22319"}],"curies":[{"name":"wp","href":"https:\/\/api.w.org\/{rel}","templated":true}]}}