{"id":21819,"date":"2025-06-10T21:42:57","date_gmt":"2025-06-10T19:42:57","guid":{"rendered":"https:\/\/agora.xtec.cat\/esc-maragall-lh\/?p=21819"},"modified":"2025-06-10T21:46:05","modified_gmt":"2025-06-10T19:46:05","slug":"descobrim-la-vida-de-les-vaques%f0%9f%90%84","status":"publish","type":"post","link":"https:\/\/agora.xtec.cat\/esc-maragall-lh\/general\/descobrim-la-vida-de-les-vaques%f0%9f%90%84\/","title":{"rendered":"Descobrim la vida de les vaques\ud83d\udc04"},"content":{"rendered":"<p data-start=\"215\" data-end=\"538\">Avui els nens i nenes de primer hem viscut una jornada molt especial a la <span style=\"color: #99cc00\"><strong>Granja Can Gel<\/strong>,<\/span> una sortida que s\u2019emmarca dins del<span style=\"color: #0000ff\"> <strong data-start=\"334\" data-end=\"360\">projecte dels mam\u00edfers<\/strong><\/span> \ud83e\udd99 que estem treballant a classe. Aquesta experi\u00e8ncia ens ha perm\u00e8s <span style=\"color: #ff00ff\"><strong data-start=\"426\" data-end=\"478\">con\u00e8ixer de ben a prop com \u00e9s la vida d\u2019una vaca<\/strong><\/span>, quin \u00e9s el seu dia a dia i quins aliments ens proporciona\ud83e\uddc0\ud83e\udd5b.<\/p>\n<p data-start=\"215\" data-end=\"538\"><a href=\"https:\/\/agora.xtec.cat\/esc-maragall-lh\/wp-content\/uploads\/usu1598\/2025\/06\/1749570999005-1.jpg\"><img loading=\"lazy\" decoding=\"async\" class=\"wp-image-21826 aligncenter\" src=\"https:\/\/agora.xtec.cat\/esc-maragall-lh\/wp-content\/uploads\/usu1598\/2025\/06\/1749570999005-1.jpg\" alt=\"\" width=\"433\" height=\"325\" srcset=\"https:\/\/agora.xtec.cat\/esc-maragall-lh\/wp-content\/uploads\/usu1598\/2025\/06\/1749570999005-1.jpg 1000w, https:\/\/agora.xtec.cat\/esc-maragall-lh\/wp-content\/uploads\/usu1598\/2025\/06\/1749570999005-1-300x225.jpg 300w, https:\/\/agora.xtec.cat\/esc-maragall-lh\/wp-content\/uploads\/usu1598\/2025\/06\/1749570999005-1-768x577.jpg 768w, https:\/\/agora.xtec.cat\/esc-maragall-lh\/wp-content\/uploads\/usu1598\/2025\/06\/1749570999005-1-200x150.jpg 200w\" sizes=\"auto, (max-width: 433px) 100vw, 433px\" \/><\/a><\/p>\n<p data-start=\"540\" data-end=\"944\">Amb l\u2019acompanyament de la <span style=\"color: #ff6600\"><strong data-start=\"566\" data-end=\"575\">Marta<\/strong><\/span>, una de les responsables de la granja, hem apr\u00e8s moltes curiositats sobre les vaques, com el proc\u00e9s de munyir-les\ud83d\udc04, el tipus d\u2019alimentaci\u00f3 que reben i la seva import\u00e0ncia en la producci\u00f3 de<span style=\"color: #cc99ff\"> <strong data-start=\"765\" data-end=\"792\">llet i derivats l\u00e0ctics<\/strong><\/span>. Tamb\u00e9 hem conegut la hist\u00f2ria de la <span style=\"color: #ff0000\"><strong data-start=\"830\" data-end=\"847\">vaca Gelatina<\/strong><\/span>, des que va n\u00e9ixer fins a l\u2019actualitat, i hem descobert com es cuiden els animals des de petits.<\/p>\n<p data-start=\"946\" data-end=\"1239\">Un dels moments m\u00e9s emocionants \ud83d\udc96 del dia ha estat quan hem entrat a la <span style=\"color: #993366\"><strong data-start=\"1016\" data-end=\"1049\">nursery de vedells i vedelles<\/strong><\/span>, on hem tingut la sort de <span style=\"color: #ff99cc\"><strong data-start=\"1076\" data-end=\"1099\">donar-los el biber\u00f3<\/strong><\/span>\u00a0\ud83c\udf7c. Ha estat una activitat molt tendra que ens ha ajudat a comprendre la import\u00e0ncia de tenir cura dels animals i respectar el seu creixement.<\/p>\n<p data-start=\"946\" data-end=\"1239\"><a href=\"https:\/\/agora.xtec.cat\/esc-maragall-lh\/wp-content\/uploads\/usu1598\/2025\/06\/1749570688516.jpg\"><img loading=\"lazy\" decoding=\"async\" class=\"wp-image-21822 aligncenter\" src=\"https:\/\/agora.xtec.cat\/esc-maragall-lh\/wp-content\/uploads\/usu1598\/2025\/06\/1749570688516.jpg\" alt=\"\" width=\"460\" height=\"345\" srcset=\"https:\/\/agora.xtec.cat\/esc-maragall-lh\/wp-content\/uploads\/usu1598\/2025\/06\/1749570688516.jpg 1000w, https:\/\/agora.xtec.cat\/esc-maragall-lh\/wp-content\/uploads\/usu1598\/2025\/06\/1749570688516-300x225.jpg 300w, https:\/\/agora.xtec.cat\/esc-maragall-lh\/wp-content\/uploads\/usu1598\/2025\/06\/1749570688516-768x576.jpg 768w, https:\/\/agora.xtec.cat\/esc-maragall-lh\/wp-content\/uploads\/usu1598\/2025\/06\/1749570688516-200x150.jpg 200w\" sizes=\"auto, (max-width: 460px) 100vw, 460px\" \/><\/a><\/p>\n<p data-start=\"1241\" data-end=\"1492\">A m\u00e9s de les vaques, tamb\u00e9 hem pogut veure i con\u00e8ixer altres <span style=\"color: #008080\"><strong data-start=\"1302\" data-end=\"1323\">animals de granja<\/strong> <\/span>com ovelles \ud83d\udc11, cabres\ud83d\udc10, porcs\ud83d\udc16, conills\ud83d\udc07, rucs\ud83d\udc34 i cavalls\ud83d\udc0e. Tots ens han despertat molta curiositat i ens han perm\u00e8s ampliar els coneixements sobre els <span style=\"color: #ffcc00\"><strong data-start=\"1469\" data-end=\"1491\">mam\u00edfers dom\u00e8stics<\/strong><\/span>.<\/p>\n<p data-start=\"1241\" data-end=\"1492\"><a href=\"https:\/\/agora.xtec.cat\/esc-maragall-lh\/wp-content\/uploads\/usu1598\/2025\/06\/1749570171203-1.jpg\"><img loading=\"lazy\" decoding=\"async\" class=\"wp-image-21827 aligncenter\" src=\"https:\/\/agora.xtec.cat\/esc-maragall-lh\/wp-content\/uploads\/usu1598\/2025\/06\/1749570171203-1.jpg\" alt=\"\" width=\"421\" height=\"316\" srcset=\"https:\/\/agora.xtec.cat\/esc-maragall-lh\/wp-content\/uploads\/usu1598\/2025\/06\/1749570171203-1.jpg 1000w, https:\/\/agora.xtec.cat\/esc-maragall-lh\/wp-content\/uploads\/usu1598\/2025\/06\/1749570171203-1-300x225.jpg 300w, https:\/\/agora.xtec.cat\/esc-maragall-lh\/wp-content\/uploads\/usu1598\/2025\/06\/1749570171203-1-768x576.jpg 768w, https:\/\/agora.xtec.cat\/esc-maragall-lh\/wp-content\/uploads\/usu1598\/2025\/06\/1749570171203-1-200x150.jpg 200w\" sizes=\"auto, (max-width: 421px) 100vw, 421px\" \/><\/a><\/p>\n<p data-start=\"1494\" data-end=\"1681\">Durant la visita hem apr\u00e8s paraules noves com <span style=\"color: #99ccff\"><strong data-start=\"1540\" data-end=\"1553\">munyidora<\/strong>, <strong data-start=\"1555\" data-end=\"1565\">vedell<\/strong> o <strong data-start=\"1568\" data-end=\"1580\">remugant<\/strong><\/span>, que ens ajuden a enriquir el vocabulari i a entendre millor les caracter\u00edstiques d\u2019aquests animals.<\/p>\n<p data-start=\"1683\" data-end=\"1892\">Ha estat una sortida molt enriquidora, divertida i plena d\u2019aprenentatges \ud83d\udcda\u2728, que de ben segur recordarem amb il\u00b7lusi\u00f3. Tornem a l\u2019escola amb moltes ganes de seguir descobrint m\u00e9s coses sobre el m\u00f3n dels mam\u00edfers!<\/p>\n<h1 style=\"text-align: center\" data-start=\"1683\" data-end=\"1892\">PER VEURE LES FOTOS FEU CLIC <a href=\"https:\/\/drive.google.com\/drive\/folders\/1uOW1RaupJh5WFewliD492uu0NsP-4Dun?usp=sharing\">AQU\u00cd\ud83d\udc2e\u00a0<\/a><\/h1>\n","protected":false},"excerpt":{"rendered":"<p>La vida d&#8217;una vaca a Can Gel.<\/p>\n","protected":false},"author":11,"featured_media":21830,"comment_status":"closed","ping_status":"open","sticky":false,"template":"","format":"standard","meta":{"_bbp_topic_count":0,"_bbp_reply_count":0,"_bbp_total_topic_count":0,"_bbp_total_reply_count":0,"_bbp_voice_count":0,"_bbp_anonymous_reply_count":0,"_bbp_topic_count_hidden":0,"_bbp_reply_count_hidden":0,"_bbp_forum_subforum_count":0,"site-sidebar-layout":"default","site-content-layout":"","ast-site-content-layout":"","site-content-style":"default","site-sidebar-style":"default","ast-global-header-display":"","ast-banner-title-visibility":"","ast-main-header-display":"","ast-hfb-above-header-display":"","ast-hfb-below-header-display":"","ast-hfb-mobile-header-display":"","site-post-title":"","ast-breadcrumbs-content":"","ast-featured-img":"","footer-sml-layout":"","theme-transparent-header-meta":"","adv-header-id-meta":"","stick-header-meta":"","header-above-stick-meta":"","header-main-stick-meta":"","header-below-stick-meta":"","astra-migrate-meta-layouts":"default","ast-page-background-enabled":"default","ast-page-background-meta":{"desktop":{"background-color":"var(--ast-global-color-4)","background-image":"","background-repeat":"repeat","background-position":"center center","background-size":"auto","background-attachment":"scroll","background-type":"","background-media":"","overlay-type":"","overlay-color":"","overlay-opacity":"","overlay-gradient":""},"tablet":{"background-color":"","background-image":"","background-repeat":"repeat","background-position":"center center","background-size":"auto","background-attachment":"scroll","background-type":"","background-media":"","overlay-type":"","overlay-color":"","overlay-opacity":"","overlay-gradient":""},"mobile":{"background-color":"","background-image":"","background-repeat":"repeat","background-position":"center center","background-size":"auto","background-attachment":"scroll","background-type":"","background-media":"","overlay-type":"","overlay-color":"","overlay-opacity":"","overlay-gradient":""}},"ast-content-background-meta":{"desktop":{"background-color":"var(--ast-global-color-5)","background-image":"","background-repeat":"repeat","background-position":"center center","background-size":"auto","background-attachment":"scroll","background-type":"","background-media":"","overlay-type":"","overlay-color":"","overlay-opacity":"","overlay-gradient":""},"tablet":{"background-color":"var(--ast-global-color-5)","background-image":"","background-repeat":"repeat","background-position":"center center","background-size":"auto","background-attachment":"scroll","background-type":"","background-media":"","overlay-type":"","overlay-color":"","overlay-opacity":"","overlay-gradient":""},"mobile":{"background-color":"var(--ast-global-color-5)","background-image":"","background-repeat":"repeat","background-position":"center center","background-size":"auto","background-attachment":"scroll","background-type":"","background-media":"","overlay-type":"","overlay-color":"","overlay-opacity":"","overlay-gradient":""}},"footnotes":""},"categories":[1,4,584],"tags":[706,107,75],"class_list":["post-21819","post","type-post","status-publish","format-standard","has-post-thumbnail","hentry","category-general","category-portada","category-segon-2025-26","tag-can-gel","tag-mamifers","tag-primer"],"post_mailing_queue_ids":[],"_links":{"self":[{"href":"https:\/\/agora.xtec.cat\/esc-maragall-lh\/wp-json\/wp\/v2\/posts\/21819","targetHints":{"allow":["GET"]}}],"collection":[{"href":"https:\/\/agora.xtec.cat\/esc-maragall-lh\/wp-json\/wp\/v2\/posts"}],"about":[{"href":"https:\/\/agora.xtec.cat\/esc-maragall-lh\/wp-json\/wp\/v2\/types\/post"}],"author":[{"embeddable":true,"href":"https:\/\/agora.xtec.cat\/esc-maragall-lh\/wp-json\/wp\/v2\/users\/11"}],"replies":[{"embeddable":true,"href":"https:\/\/agora.xtec.cat\/esc-maragall-lh\/wp-json\/wp\/v2\/comments?post=21819"}],"version-history":[{"count":6,"href":"https:\/\/agora.xtec.cat\/esc-maragall-lh\/wp-json\/wp\/v2\/posts\/21819\/revisions"}],"predecessor-version":[{"id":21831,"href":"https:\/\/agora.xtec.cat\/esc-maragall-lh\/wp-json\/wp\/v2\/posts\/21819\/revisions\/21831"}],"wp:featuredmedia":[{"embeddable":true,"href":"https:\/\/agora.xtec.cat\/esc-maragall-lh\/wp-json\/wp\/v2\/media\/21830"}],"wp:attachment":[{"href":"https:\/\/agora.xtec.cat\/esc-maragall-lh\/wp-json\/wp\/v2\/media?parent=21819"}],"wp:term":[{"taxonomy":"category","embeddable":true,"href":"https:\/\/agora.xtec.cat\/esc-maragall-lh\/wp-json\/wp\/v2\/categories?post=21819"},{"taxonomy":"post_tag","embeddable":true,"href":"https:\/\/agora.xtec.cat\/esc-maragall-lh\/wp-json\/wp\/v2\/tags?post=21819"}],"curies":[{"name":"wp","href":"https:\/\/api.w.org\/{rel}","templated":true}]}}