{"id":21801,"date":"2025-05-27T16:23:48","date_gmt":"2025-05-27T14:23:48","guid":{"rendered":"https:\/\/agora.xtec.cat\/esc-maragall-lh\/?p=21801"},"modified":"2025-05-27T16:23:48","modified_gmt":"2025-05-27T14:23:48","slug":"un-viatge-musical-per-les-danses-del-mon","status":"publish","type":"post","link":"https:\/\/agora.xtec.cat\/esc-maragall-lh\/portada\/un-viatge-musical-per-les-danses-del-mon\/","title":{"rendered":"UN VIATGE MUSICAL PER LES DANSES DEL M\u00d3N"},"content":{"rendered":"<h1 style=\"text-align: center;\"><strong>Un viatge musical per les danses del m\u00f3n<\/strong><\/h1>\n<p style=\"text-align: center;\"><iframe loading=\"lazy\" src=\"\/\/giphy.com\/embed\/xIdh4ky0fOnkU5K82L\" width=\"480\" height=\"480\" frameborder=\"0\" allowfullscreen=\"allowfullscreen\"><\/iframe><\/p>\n<p>Aquest any, el nostre festival escolar ha estat un aut\u00e8ntic viatge per diferents racons del planeta, on cada classe ens ha transportat a una cultura diferent a trav\u00e9s de la dansa. Amb el nostre passaport imaginari en m\u00e0, hem iniciat una travessia \u00fanica, recorrent els continents amb ritmes i moviments vibrants.<\/p>\n<p><a href=\"https:\/\/drive.google.com\/file\/d\/1skOMXNoV8VuyllIJjsHHjoyZ-7sZZMoQ\/view?usp=sharing\" target=\"_blank\" rel=\"noopener\">ENLLA\u00c7 V\u00cdDEO PRESENTACI\u00d3 FESTIVAL&#8212;&#8212;&#8211;CLICK AQU\u00cd<\/a><\/p>\n<p>El viatge ha comen\u00e7at al Brasil, amb la <strong>classe de la Kveta Pacovska<\/strong> i la seva energia desbordant a ritme de <em>Samba<\/em>. Amb els primers compassos, l&#8217;alegria i el moviment ens han envoltat, fent-nos sentir la vitalitat de les festes carnavalesques.<\/p>\n<p><a href=\"https:\/\/drive.google.com\/file\/d\/1u0UmvS9Oxc3wWc6M-s5UonHXb9aHWkd7\/view?usp=sharing\" target=\"_blank\" rel=\"noopener\">ENLLA\u00c7 V\u00cdDEO BALL CLASSE INFANTIL 5 ANYS&#8212;&#8212;&#8211;CLICK AQU\u00cd<\/a><\/p>\n<p style=\"text-align: center;\"><iframe loading=\"lazy\" src=\"\/\/giphy.com\/embed\/yOBSV38yqFVLBDPTi9\" width=\"480\" height=\"480\" frameborder=\"0\" allowfullscreen=\"allowfullscreen\"><\/iframe><\/p>\n<p>Hem fet la nostra primera escala a l&#8217;\u00c0frica, on la <strong>classe d\u2019Andy Warhol<\/strong> ens ha fet ballar amb <em>Kadondo<\/em>, un ritme que ens ha connectat amb les arrels m\u00e9s profundes de la dansa africana. Els tambors han marcat el pas i ens han recordat l\u2019ess\u00e8ncia ancestral del moviment.<\/p>\n<p><a href=\"https:\/\/drive.google.com\/file\/d\/1PQ4HnBF3HaSxFWFkDfUCXjYDXgcA3IzK\/view?usp=sharing\" target=\"_blank\" rel=\"noopener\">ENLLA\u00c7 V\u00cdDEO BALL CLASSE INFANTIL 4 ANYS&#8212;&#8212;&#8211;CLICK AQU\u00cd<\/a><\/p>\n<p style=\"text-align: center;\"><iframe loading=\"lazy\" src=\"\/\/giphy.com\/embed\/sh2Iz4WVRegNyD2TUb\" width=\"480\" height=\"453\" frameborder=\"0\" allowfullscreen=\"allowfullscreen\"><\/iframe><\/p>\n<p>De sobte, hem tornat a casa per ballar la nostra pr\u00f2pia tradici\u00f3. La <strong>classe dels Mironins i les Mironines<\/strong> ens ha fet reviure l\u2019\u00e0nima catalana amb la <em>Sardana de l\u2019avellana<\/em> i la <em>Polca bib\u00ed<\/em>, un moment de comunitat i germanor que ens ha fet sentir orgullosos de la nostra cultura.<\/p>\n<p><a href=\"https:\/\/drive.google.com\/file\/d\/1sKWUfJwJuqRxU-GMrBQJZ-w_ljIf0sVy\/view?usp=drive_link\" target=\"_blank\" rel=\"noopener\">ENLLA\u00c7 V\u00cdDEO BALL CLASSE INFANTIL 3 ANYS&#8212;&#8212;&#8211;CLICK AQU\u00cd<\/a><\/p>\n<p style=\"text-align: center;\"><iframe loading=\"lazy\" src=\"\/\/giphy.com\/embed\/hVmFBvJ5ztkIG4OyPk\" width=\"480\" height=\"480\" frameborder=\"0\" allowfullscreen=\"allowfullscreen\"><\/iframe><\/p>\n<p>Amb les onades com a tel\u00f3 de fons, hem aterrat a Hawaii. La <strong>classe dels Dracs de Festa Major<\/strong> ens ha portat a les illes del Pac\u00edfic amb <em>Hawaiian roller coaster ride<\/em>, un ball fluid i harm\u00f2nic que ens ha fet surar sobre les aig\u00fces cristal\u00b7lines.<\/p>\n<p><a href=\"https:\/\/drive.google.com\/file\/d\/13Zg3OPG_o_gMGxbxlUdDGGTlvrucLpu_\/view?usp=drive_link\" target=\"_blank\" rel=\"noopener\">ENLLA\u00c7 V\u00cdDEO BALL CLASSE DE PRIMER&#8212;&#8212;&#8211;CLICK AQU\u00cd<\/a><\/p>\n<p style=\"text-align: center;\"><iframe loading=\"lazy\" src=\"\/\/giphy.com\/embed\/mixr6QhxDCytaCl4B6\" width=\"480\" height=\"548\" frameborder=\"0\" allowfullscreen=\"allowfullscreen\"><\/iframe><\/p>\n<p>&nbsp;<\/p>\n<p>Del Pac\u00edfic a Europa, la <strong>classe dels Castellers i les Castelleres<\/strong> ha desplegat la m\u00e0gia celta amb <em>Irish Dance<\/em>. Els passos r\u00e0pids i les melodies animades ens han transportat a les festes irlandeses, plenes de vitalitat i for\u00e7a.<\/p>\n<p><a href=\"https:\/\/drive.google.com\/file\/d\/1CLD6tm7oMcoRd93iFrSmzh1WErEr7yLo\/view?usp=drive_link\" target=\"_blank\" rel=\"noopener\">ENLLA\u00c7 V\u00cdDEO BALL CLASSE DE SEGON&#8212;&#8212;&#8211;CLICK AQU\u00cd<\/a><\/p>\n<p style=\"text-align: center;\"><iframe loading=\"lazy\" src=\"\/\/giphy.com\/embed\/5tvOosTFEyd1NgJJru\" width=\"480\" height=\"270\" frameborder=\"0\" allowfullscreen=\"allowfullscreen\"><\/iframe><\/p>\n<p>Sense perdre el ritme, hem arribat a Andalusia. La <strong>classe dels i les Sardanistes<\/strong> ha donat pas a la passi\u00f3 del <em>Flamenco pop<\/em>, amb un espectacle de <em>Buler\u00eda<\/em> ple de for\u00e7a, emoci\u00f3 i eleg\u00e0ncia.<\/p>\n<p><a href=\"https:\/\/drive.google.com\/file\/d\/103jdYaGkWQmQT6uWtJDuApgTP6nf-6eX\/view?usp=drive_link\" target=\"_blank\" rel=\"noopener\">ENLLA\u00c7 V\u00cdDEO BALL CLASSE DE TERCER&#8212;&#8212;&#8211;CLICK AQU\u00cd<\/a><\/p>\n<p style=\"text-align: center;\"><iframe loading=\"lazy\" src=\"\/\/giphy.com\/embed\/J8GKj2mrsdvoVenQSQ\" width=\"480\" height=\"480\" frameborder=\"0\" allowfullscreen=\"allowfullscreen\"><\/iframe><\/p>\n<p>Un nou vol ens ha portat de tornada a l&#8217;\u00c0frica amb la <strong>classe de la Col\u00f2nia G\u00fcell<\/strong>, que ha interpretat <em>Fankani<\/em>, un ritme carregat de pot\u00e8ncia i expressi\u00f3 corporal que ens ha fet vibrar amb la seva autenticitat.<\/p>\n<p><a href=\"https:\/\/drive.google.com\/file\/d\/11SrF1_niZDw3XRu3vbUrT3XNTUKEKKpt\/view?usp=drive_link\" target=\"_blank\" rel=\"noopener\">ENLLA\u00c7 V\u00cdDEO BALL CLASSE DE QUART&#8212;&#8212;&#8211;CLICK AQU\u00cd<\/a><\/p>\n<p style=\"text-align: center;\"><iframe loading=\"lazy\" src=\"\/\/giphy.com\/embed\/vGacmx79eZwoX6Joky\" width=\"480\" height=\"476\" frameborder=\"0\" allowfullscreen=\"allowfullscreen\"><\/iframe><\/p>\n<p>Continuant la nostra ruta pel m\u00f3n, la <strong>classe dels i les Diables<\/strong> ens ha transportat a l&#8217;\u00cdndia amb el <em>Bollywood dance<\/em>. Els colors, els moviments din\u00e0mics i la fusi\u00f3 de ritmes han fet d\u2019aquest ball un dels m\u00e9s espectaculars del festival.<\/p>\n<p><a href=\"https:\/\/drive.google.com\/file\/d\/1rF70vt4_VQzbHhx8C0s3XBIc3O-C0iwG\/view?usp=drive_link\" target=\"_blank\" rel=\"noopener\">ENLLA\u00c7 V\u00cdDEO BALL CLASSE DE CINQU\u00c8&#8212;&#8212;&#8211;CLICK AQU\u00cd<\/a><\/p>\n<p style=\"text-align: center;\"><iframe loading=\"lazy\" src=\"\/\/giphy.com\/embed\/3o6wrAGrygEMdv5zdC\" width=\"480\" height=\"206\" frameborder=\"0\" allowfullscreen=\"allowfullscreen\"><\/iframe><\/p>\n<p>Finalment, hem arribat a l\u2019\u00faltima parada del nostre viatge, tornant al Brasil amb la <strong>classe dels Tabalers i les Tabaleres<\/strong> i el seu mix de <em>Bossa Nova<\/em> i <em>Samba<\/em>, una combinaci\u00f3 perfecta per posar punt final a una experi\u00e8ncia plena de diversitat i alegria.<\/p>\n<p><a href=\"https:\/\/drive.google.com\/file\/d\/1_5O_PzvXKfHiJKgy2-plqLk4iYRLPcEt\/view?usp=drive_link\" target=\"_blank\" rel=\"noopener\">ENLLA\u00c7 V\u00cdDEO BALL CLASSE DE SIS\u00c8&#8212;&#8212;&#8211;CLICK AQU\u00cd<\/a><\/p>\n<p style=\"text-align: center;\"><iframe loading=\"lazy\" src=\"\/\/giphy.com\/embed\/VLC0h2nP7DsXj3QfJ6\" width=\"480\" height=\"360\" frameborder=\"0\" allowfullscreen=\"allowfullscreen\"><\/iframe><\/p>\n<p>&nbsp;<\/p>\n<p>Aquest festival ha estat una demostraci\u00f3 de la riquesa cultural del m\u00f3n, on la dansa ha esdevingut el llenguatge universal que ens ha unit a tots. Quin honor haver pogut formar part d&#8217;aquest viatge tan especial!<\/p>\n<p><a href=\"https:\/\/drive.google.com\/file\/d\/1NdWmlO4DD3ZvtD5WYY_CV52_H91fInMG\/view?usp=drive_link\" target=\"_blank\" rel=\"noopener\">ENLLA\u00c7 COMIAT FESTIVAL&#8212;&#8212;&#8211;CLICK AQU\u00cd<\/a><\/p>\n<p>&nbsp;<\/p>\n<p style=\"text-align: center;\"><iframe loading=\"lazy\" src=\"\/\/giphy.com\/embed\/ug1EUFXepD5FaJBlJR\" width=\"480\" height=\"480\" frameborder=\"0\" allowfullscreen=\"allowfullscreen\"><\/iframe><\/p>\n","protected":false},"excerpt":{"rendered":"<p>Aquest any, el nostre festival escolar ha estat un aut\u00e8ntic viatge per diferents racons del planeta, on cada classe ens ha transportat a una cultura diferent a trav\u00e9s de la dansa. Amb el nostre passaport imaginari en m\u00e0, hem iniciat una travessia \u00fanica, recorrent els continents amb ritmes i moviments vibrants.<\/p>\n","protected":false},"author":1,"featured_media":21802,"comment_status":"closed","ping_status":"closed","sticky":false,"template":"","format":"standard","meta":{"_bbp_topic_count":0,"_bbp_reply_count":0,"_bbp_total_topic_count":0,"_bbp_total_reply_count":0,"_bbp_voice_count":0,"_bbp_anonymous_reply_count":0,"_bbp_topic_count_hidden":0,"_bbp_reply_count_hidden":0,"_bbp_forum_subforum_count":0,"site-sidebar-layout":"default","site-content-layout":"","ast-site-content-layout":"","site-content-style":"default","site-sidebar-style":"default","ast-global-header-display":"","ast-banner-title-visibility":"","ast-main-header-display":"","ast-hfb-above-header-display":"","ast-hfb-below-header-display":"","ast-hfb-mobile-header-display":"","site-post-title":"","ast-breadcrumbs-content":"","ast-featured-img":"","footer-sml-layout":"","theme-transparent-header-meta":"","adv-header-id-meta":"","stick-header-meta":"","header-above-stick-meta":"","header-main-stick-meta":"","header-below-stick-meta":"","astra-migrate-meta-layouts":"default","ast-page-background-enabled":"default","ast-page-background-meta":{"desktop":{"background-color":"var(--ast-global-color-4)","background-image":"","background-repeat":"repeat","background-position":"center center","background-size":"auto","background-attachment":"scroll","background-type":"","background-media":"","overlay-type":"","overlay-color":"","overlay-opacity":"","overlay-gradient":""},"tablet":{"background-color":"","background-image":"","background-repeat":"repeat","background-position":"center center","background-size":"auto","background-attachment":"scroll","background-type":"","background-media":"","overlay-type":"","overlay-color":"","overlay-opacity":"","overlay-gradient":""},"mobile":{"background-color":"","background-image":"","background-repeat":"repeat","background-position":"center center","background-size":"auto","background-attachment":"scroll","background-type":"","background-media":"","overlay-type":"","overlay-color":"","overlay-opacity":"","overlay-gradient":""}},"ast-content-background-meta":{"desktop":{"background-color":"var(--ast-global-color-5)","background-image":"","background-repeat":"repeat","background-position":"center center","background-size":"auto","background-attachment":"scroll","background-type":"","background-media":"","overlay-type":"","overlay-color":"","overlay-opacity":"","overlay-gradient":""},"tablet":{"background-color":"var(--ast-global-color-5)","background-image":"","background-repeat":"repeat","background-position":"center center","background-size":"auto","background-attachment":"scroll","background-type":"","background-media":"","overlay-type":"","overlay-color":"","overlay-opacity":"","overlay-gradient":""},"mobile":{"background-color":"var(--ast-global-color-5)","background-image":"","background-repeat":"repeat","background-position":"center center","background-size":"auto","background-attachment":"scroll","background-type":"","background-media":"","overlay-type":"","overlay-color":"","overlay-opacity":"","overlay-gradient":""}},"footnotes":""},"categories":[424,683,686,642,685,4,684,610,423,584,426,425,541],"tags":[320],"class_list":["post-21801","post","type-post","status-publish","format-standard","has-post-thumbnail","hentry","category-cinque-2025-26","category-curs-2024-25","category-inf-4-2025-26","category-i-5-2025-26","category-infantil-curs-2024-25","category-portada","category-primaria-2024-25","category-primer-2025-26","category-quart-2025-26","category-segon-2025-26","category-sise-2024-25","category-sise-2025-26","category-tercer-2025-26","tag-festa-descola"],"post_mailing_queue_ids":[],"_links":{"self":[{"href":"https:\/\/agora.xtec.cat\/esc-maragall-lh\/wp-json\/wp\/v2\/posts\/21801","targetHints":{"allow":["GET"]}}],"collection":[{"href":"https:\/\/agora.xtec.cat\/esc-maragall-lh\/wp-json\/wp\/v2\/posts"}],"about":[{"href":"https:\/\/agora.xtec.cat\/esc-maragall-lh\/wp-json\/wp\/v2\/types\/post"}],"author":[{"embeddable":true,"href":"https:\/\/agora.xtec.cat\/esc-maragall-lh\/wp-json\/wp\/v2\/users\/1"}],"replies":[{"embeddable":true,"href":"https:\/\/agora.xtec.cat\/esc-maragall-lh\/wp-json\/wp\/v2\/comments?post=21801"}],"version-history":[{"count":1,"href":"https:\/\/agora.xtec.cat\/esc-maragall-lh\/wp-json\/wp\/v2\/posts\/21801\/revisions"}],"predecessor-version":[{"id":21803,"href":"https:\/\/agora.xtec.cat\/esc-maragall-lh\/wp-json\/wp\/v2\/posts\/21801\/revisions\/21803"}],"wp:featuredmedia":[{"embeddable":true,"href":"https:\/\/agora.xtec.cat\/esc-maragall-lh\/wp-json\/wp\/v2\/media\/21802"}],"wp:attachment":[{"href":"https:\/\/agora.xtec.cat\/esc-maragall-lh\/wp-json\/wp\/v2\/media?parent=21801"}],"wp:term":[{"taxonomy":"category","embeddable":true,"href":"https:\/\/agora.xtec.cat\/esc-maragall-lh\/wp-json\/wp\/v2\/categories?post=21801"},{"taxonomy":"post_tag","embeddable":true,"href":"https:\/\/agora.xtec.cat\/esc-maragall-lh\/wp-json\/wp\/v2\/tags?post=21801"}],"curies":[{"name":"wp","href":"https:\/\/api.w.org\/{rel}","templated":true}]}}