{"id":21482,"date":"2025-02-07T15:58:55","date_gmt":"2025-02-07T14:58:55","guid":{"rendered":"https:\/\/agora.xtec.cat\/esc-maragall-lh\/?p=21482"},"modified":"2025-02-07T15:58:55","modified_gmt":"2025-02-07T14:58:55","slug":"2n-escape-food-al-prat-de-llobregat","status":"publish","type":"post","link":"https:\/\/agora.xtec.cat\/esc-maragall-lh\/general\/2n-escape-food-al-prat-de-llobregat\/","title":{"rendered":"2n ESCAPE FOOD AL PRAT DE LLOBREGAT"},"content":{"rendered":"<p style=\"text-align: center;\"><iframe loading=\"lazy\" src=\"\/\/giphy.com\/embed\/n9Q1TfzAjl729RNCKg\" width=\"480\" height=\"480\" frameborder=\"0\" allowfullscreen=\"allowfullscreen\"><\/iframe><\/p>\n<p>Els nens i nenes de segon de la nostra escola han tingut una experi\u00e8ncia inoblidable amb l&#8217;activitat ESCAPE FOOD Junior! Aquesta aventura de ci\u00e8ncia-ficci\u00f3 els ha proposat una missi\u00f3 d&#8217;all\u00f2 m\u00e9s important: evitar una cat\u00e0strofe clim\u00e0tica i aliment\u00e0ria.<\/p>\n<p>Durant 60 minuts de reptes emocionants, els alumnes han treballat en equip per superar diferents proves i poder sortir de les diferents habitacions amb els objectes necessaris per poder salvar el fons mar\u00ed. En aquest proc\u00e9s, han apr\u00e8s la import\u00e0ncia d&#8217;evitar el malbaratament i de consumir d&#8217;una manera responsable. Aquesta activitat no nom\u00e9s ha estat divertida, sin\u00f3 que tamb\u00e9 ha ajudat els participants a prendre consci\u00e8ncia sobre la situaci\u00f3 dels ecosistemes, especialment els marins, i a entendre com podem menjar de forma sostenible i de proximitat.<\/p>\n<p>Despr\u00e9s d&#8217;ESCAPE FOOD, el nostre alumnat ha visitat l&#8217;exposici\u00f3 &#8220;Menja. Actua. Impacta&#8221; de Dem\u00e0\/Fundesplai. Aquesta mostra innovadora els ha fet reflexionar sobre els efectes del nostre sistema alimentari sobre les persones i el planeta.<\/p>\n<p>Ha estat un dia ple d&#8217;aprenentatge i diversi\u00f3, i estem molt orgullosos de la dedicaci\u00f3 i l&#8217;entusiasme dels nostres alumnes. Sens dubte, sortides com aquesta ajuden a formar futurs ciutadans m\u00e9s responsables i conscients.<\/p>\n<p><a href=\"https:\/\/drive.google.com\/drive\/folders\/1aWGNGpJhHllcohJ2XCjiNFlPDLQrJ-bL?usp=sharing\" target=\"_blank\" rel=\"noopener\">CLIQUEU AQU\u00cd per anar a la galeria de fotos<\/a><\/p>\n<p>&nbsp;<\/p>\n<p style=\"text-align: center;\"><iframe loading=\"lazy\" title=\"YouTube video player\" src=\"https:\/\/www.youtube.com\/embed\/ohG9vam-c-4?si=RjvyGwNdR-CSErb7\" width=\"560\" height=\"315\" frameborder=\"0\" allowfullscreen=\"allowfullscreen\"><\/iframe><\/p>\n<p>&nbsp;<\/p>\n","protected":false},"excerpt":{"rendered":"<p>L&#8217;alumnat de segon s&#8217;embarca en una missi\u00f3 espacial per salvar la terra, ho hauran aconseguit?<\/p>\n","protected":false},"author":1,"featured_media":21483,"comment_status":"closed","ping_status":"closed","sticky":false,"template":"","format":"standard","meta":{"_bbp_topic_count":0,"_bbp_reply_count":0,"_bbp_total_topic_count":0,"_bbp_total_reply_count":0,"_bbp_voice_count":0,"_bbp_anonymous_reply_count":0,"_bbp_topic_count_hidden":0,"_bbp_reply_count_hidden":0,"_bbp_forum_subforum_count":0,"site-sidebar-layout":"default","site-content-layout":"","ast-site-content-layout":"","site-content-style":"default","site-sidebar-style":"default","ast-global-header-display":"","ast-banner-title-visibility":"","ast-main-header-display":"","ast-hfb-above-header-display":"","ast-hfb-below-header-display":"","ast-hfb-mobile-header-display":"","site-post-title":"","ast-breadcrumbs-content":"","ast-featured-img":"","footer-sml-layout":"","theme-transparent-header-meta":"","adv-header-id-meta":"","stick-header-meta":"","header-above-stick-meta":"","header-main-stick-meta":"","header-below-stick-meta":"","astra-migrate-meta-layouts":"default","ast-page-background-enabled":"default","ast-page-background-meta":{"desktop":{"background-color":"var(--ast-global-color-4)","background-image":"","background-repeat":"repeat","background-position":"center center","background-size":"auto","background-attachment":"scroll","background-type":"","background-media":"","overlay-type":"","overlay-color":"","overlay-opacity":"","overlay-gradient":""},"tablet":{"background-color":"","background-image":"","background-repeat":"repeat","background-position":"center center","background-size":"auto","background-attachment":"scroll","background-type":"","background-media":"","overlay-type":"","overlay-color":"","overlay-opacity":"","overlay-gradient":""},"mobile":{"background-color":"","background-image":"","background-repeat":"repeat","background-position":"center center","background-size":"auto","background-attachment":"scroll","background-type":"","background-media":"","overlay-type":"","overlay-color":"","overlay-opacity":"","overlay-gradient":""}},"ast-content-background-meta":{"desktop":{"background-color":"var(--ast-global-color-5)","background-image":"","background-repeat":"repeat","background-position":"center center","background-size":"auto","background-attachment":"scroll","background-type":"","background-media":"","overlay-type":"","overlay-color":"","overlay-opacity":"","overlay-gradient":""},"tablet":{"background-color":"var(--ast-global-color-5)","background-image":"","background-repeat":"repeat","background-position":"center center","background-size":"auto","background-attachment":"scroll","background-type":"","background-media":"","overlay-type":"","overlay-color":"","overlay-opacity":"","overlay-gradient":""},"mobile":{"background-color":"var(--ast-global-color-5)","background-image":"","background-repeat":"repeat","background-position":"center center","background-size":"auto","background-attachment":"scroll","background-type":"","background-media":"","overlay-type":"","overlay-color":"","overlay-opacity":"","overlay-gradient":""}},"footnotes":""},"categories":[1,4,541],"tags":[273,547,84],"class_list":["post-21482","post","type-post","status-publish","format-standard","has-post-thumbnail","hentry","category-general","category-portada","category-tercer-2025-26","tag-alimentacio-saludable","tag-educacio-mediambiental","tag-segon"],"post_mailing_queue_ids":[],"_links":{"self":[{"href":"https:\/\/agora.xtec.cat\/esc-maragall-lh\/wp-json\/wp\/v2\/posts\/21482","targetHints":{"allow":["GET"]}}],"collection":[{"href":"https:\/\/agora.xtec.cat\/esc-maragall-lh\/wp-json\/wp\/v2\/posts"}],"about":[{"href":"https:\/\/agora.xtec.cat\/esc-maragall-lh\/wp-json\/wp\/v2\/types\/post"}],"author":[{"embeddable":true,"href":"https:\/\/agora.xtec.cat\/esc-maragall-lh\/wp-json\/wp\/v2\/users\/1"}],"replies":[{"embeddable":true,"href":"https:\/\/agora.xtec.cat\/esc-maragall-lh\/wp-json\/wp\/v2\/comments?post=21482"}],"version-history":[{"count":1,"href":"https:\/\/agora.xtec.cat\/esc-maragall-lh\/wp-json\/wp\/v2\/posts\/21482\/revisions"}],"predecessor-version":[{"id":21484,"href":"https:\/\/agora.xtec.cat\/esc-maragall-lh\/wp-json\/wp\/v2\/posts\/21482\/revisions\/21484"}],"wp:featuredmedia":[{"embeddable":true,"href":"https:\/\/agora.xtec.cat\/esc-maragall-lh\/wp-json\/wp\/v2\/media\/21483"}],"wp:attachment":[{"href":"https:\/\/agora.xtec.cat\/esc-maragall-lh\/wp-json\/wp\/v2\/media?parent=21482"}],"wp:term":[{"taxonomy":"category","embeddable":true,"href":"https:\/\/agora.xtec.cat\/esc-maragall-lh\/wp-json\/wp\/v2\/categories?post=21482"},{"taxonomy":"post_tag","embeddable":true,"href":"https:\/\/agora.xtec.cat\/esc-maragall-lh\/wp-json\/wp\/v2\/tags?post=21482"}],"curies":[{"name":"wp","href":"https:\/\/api.w.org\/{rel}","templated":true}]}}