{"id":19916,"date":"2022-12-10T10:07:56","date_gmt":"2022-12-10T09:07:56","guid":{"rendered":"https:\/\/agora.xtec.cat\/esc-maragall-lh\/?p=19916"},"modified":"2022-12-10T10:07:56","modified_gmt":"2022-12-10T09:07:56","slug":"mision-olvido-club-de-lectura","status":"publish","type":"post","link":"https:\/\/agora.xtec.cat\/esc-maragall-lh\/general\/mision-olvido-club-de-lectura\/","title":{"rendered":"&#8220;Misi\u00f3n olvido&#8221; Club de lectura"},"content":{"rendered":"<h1 style=\"text-align: center\"><span style=\"color: #003366\"><em>Misi\u00f3n olvido <\/em>i <em>Origen<\/em><\/span><\/h1>\n<div dir=\"auto\"><\/div>\n<div dir=\"auto\"><\/div>\n<div dir=\"auto\" style=\"text-align: left\">La tert\u00falia del darrer club de lectura va girar entorn al llibre <em>Misi\u00f3n olvido<\/em>\u00a0de l&#8217;escriptora Mar\u00eda Due\u00f1as. Una lectura que ens porta a viatjar entre Espanya i els Estats Units, amb moltes anades i tornades i, cavalcant entre el passat i el present. La protagonista, Blanca Perea, haur\u00e0 d&#8217;anar resolent les certesses i els interessos que es barregen en aquestes hist\u00f2ries, aix\u00ed com els amors creuats.<\/div>\n<div dir=\"auto\"><\/div>\n<div dir=\"auto\"><a href=\"https:\/\/agora.xtec.cat\/esc-maragall-lh\/wp-content\/uploads\/usu1598\/2022\/12\/cdl2-scaled.jpg\"><img loading=\"lazy\" decoding=\"async\" class=\"aligncenter  wp-image-19918\" src=\"https:\/\/agora.xtec.cat\/esc-maragall-lh\/wp-content\/uploads\/usu1598\/2022\/12\/cdl2-300x128.jpg\" alt=\"\" width=\"448\" height=\"191\" srcset=\"https:\/\/agora.xtec.cat\/esc-maragall-lh\/wp-content\/uploads\/usu1598\/2022\/12\/cdl2-300x128.jpg 300w, https:\/\/agora.xtec.cat\/esc-maragall-lh\/wp-content\/uploads\/usu1598\/2022\/12\/cdl2-1024x438.jpg 1024w, https:\/\/agora.xtec.cat\/esc-maragall-lh\/wp-content\/uploads\/usu1598\/2022\/12\/cdl2-768x328.jpg 768w, https:\/\/agora.xtec.cat\/esc-maragall-lh\/wp-content\/uploads\/usu1598\/2022\/12\/cdl2-1536x656.jpg 1536w, https:\/\/agora.xtec.cat\/esc-maragall-lh\/wp-content\/uploads\/usu1598\/2022\/12\/cdl2-2048x875.jpg 2048w\" sizes=\"auto, (max-width: 448px) 100vw, 448px\" \/><\/a><\/div>\n<div dir=\"auto\"><\/div>\n<div dir=\"auto\" style=\"text-align: left\">Tot seguit, es va presentar el llibre que es comentar\u00e0 en el proper club de lectura, <em>Origen<\/em>\u00a0de Dan Brown, autor d&#8217;altres t\u00edtols coneguts com &#8220;El codi Da Vinci&#8221;, entre d&#8217;altres. Un llibre protagonitzat per Robert Landon i que ens convida de nou a resoldre els enigmes i assassinats que transcorren en aquesta hist\u00f2ria. Et convidem a llegir-lo i, si et ve de gust, vine a participar en el proper club de lectura.<\/div>\n<div dir=\"auto\"><\/div>\n<div dir=\"auto\"><\/div>\n<div dir=\"auto\" style=\"text-align: center\"><a href=\"https:\/\/agora.xtec.cat\/esc-maragall-lh\/wp-content\/uploads\/usu1598\/2022\/12\/dan-scaled.jpg\"><img loading=\"lazy\" decoding=\"async\" class=\"aligncenter size-medium wp-image-19919\" src=\"https:\/\/agora.xtec.cat\/esc-maragall-lh\/wp-content\/uploads\/usu1598\/2022\/12\/dan-204x300.jpg\" alt=\"\" width=\"204\" height=\"300\" srcset=\"https:\/\/agora.xtec.cat\/esc-maragall-lh\/wp-content\/uploads\/usu1598\/2022\/12\/dan-204x300.jpg 204w, https:\/\/agora.xtec.cat\/esc-maragall-lh\/wp-content\/uploads\/usu1598\/2022\/12\/dan-698x1024.jpg 698w, https:\/\/agora.xtec.cat\/esc-maragall-lh\/wp-content\/uploads\/usu1598\/2022\/12\/dan-768x1127.jpg 768w, https:\/\/agora.xtec.cat\/esc-maragall-lh\/wp-content\/uploads\/usu1598\/2022\/12\/dan-1047x1536.jpg 1047w, https:\/\/agora.xtec.cat\/esc-maragall-lh\/wp-content\/uploads\/usu1598\/2022\/12\/dan-1396x2048.jpg 1396w, https:\/\/agora.xtec.cat\/esc-maragall-lh\/wp-content\/uploads\/usu1598\/2022\/12\/dan-scaled.jpg 1745w\" sizes=\"auto, (max-width: 204px) 100vw, 204px\" \/><\/a><\/div>\n<div dir=\"auto\" style=\"text-align: left\">\nEt proporcionen el llibre des de l&#8217;escola perqu\u00e8 el puguis llegir. Anima&#8217;t! Hi ha una pla\u00e7a disponible per tu!<\/div>\n<div dir=\"auto\"><\/div>\n<div dir=\"auto\"><\/div>\n","protected":false},"excerpt":{"rendered":"<p>L&#8217;activitat familiar del Club de lectura, va tenir lloc la setmana passada a la biblioteca, on es va comentar la novel\u00b7la de l&#8217;escriptora Mar\u00eda Due\u00f1as titulada &#8220;Misi\u00f3n olvido&#8221;.<\/p>\n","protected":false},"author":1,"featured_media":19917,"comment_status":"closed","ping_status":"closed","sticky":false,"template":"","format":"standard","meta":{"_bbp_topic_count":0,"_bbp_reply_count":0,"_bbp_total_topic_count":0,"_bbp_total_reply_count":0,"_bbp_voice_count":0,"_bbp_anonymous_reply_count":0,"_bbp_topic_count_hidden":0,"_bbp_reply_count_hidden":0,"_bbp_forum_subforum_count":0,"site-sidebar-layout":"default","site-content-layout":"","ast-site-content-layout":"","site-content-style":"default","site-sidebar-style":"default","ast-global-header-display":"","ast-banner-title-visibility":"","ast-main-header-display":"","ast-hfb-above-header-display":"","ast-hfb-below-header-display":"","ast-hfb-mobile-header-display":"","site-post-title":"","ast-breadcrumbs-content":"","ast-featured-img":"","footer-sml-layout":"","theme-transparent-header-meta":"","adv-header-id-meta":"","stick-header-meta":"","header-above-stick-meta":"","header-main-stick-meta":"","header-below-stick-meta":"","astra-migrate-meta-layouts":"default","ast-page-background-enabled":"default","ast-page-background-meta":{"desktop":{"background-color":"var(--ast-global-color-4)","background-image":"","background-repeat":"repeat","background-position":"center center","background-size":"auto","background-attachment":"scroll","background-type":"","background-media":"","overlay-type":"","overlay-color":"","overlay-opacity":"","overlay-gradient":""},"tablet":{"background-color":"","background-image":"","background-repeat":"repeat","background-position":"center center","background-size":"auto","background-attachment":"scroll","background-type":"","background-media":"","overlay-type":"","overlay-color":"","overlay-opacity":"","overlay-gradient":""},"mobile":{"background-color":"","background-image":"","background-repeat":"repeat","background-position":"center center","background-size":"auto","background-attachment":"scroll","background-type":"","background-media":"","overlay-type":"","overlay-color":"","overlay-opacity":"","overlay-gradient":""}},"ast-content-background-meta":{"desktop":{"background-color":"var(--ast-global-color-5)","background-image":"","background-repeat":"repeat","background-position":"center center","background-size":"auto","background-attachment":"scroll","background-type":"","background-media":"","overlay-type":"","overlay-color":"","overlay-opacity":"","overlay-gradient":""},"tablet":{"background-color":"var(--ast-global-color-5)","background-image":"","background-repeat":"repeat","background-position":"center center","background-size":"auto","background-attachment":"scroll","background-type":"","background-media":"","overlay-type":"","overlay-color":"","overlay-opacity":"","overlay-gradient":""},"mobile":{"background-color":"var(--ast-global-color-5)","background-image":"","background-repeat":"repeat","background-position":"center center","background-size":"auto","background-attachment":"scroll","background-type":"","background-media":"","overlay-type":"","overlay-color":"","overlay-opacity":"","overlay-gradient":""}},"footnotes":""},"categories":[607,511,1,4,55],"tags":[119,213,133,120],"class_list":["post-19916","post","type-post","status-publish","format-standard","has-post-thumbnail","hentry","category-curs-2022-23","category-families-lectures-que-us-poden-resultar-interessants","category-general","category-portada","category-biblioteca","tag-biblioteca","tag-families","tag-tandem","tag-tecla-sala"],"post_mailing_queue_ids":[],"_links":{"self":[{"href":"https:\/\/agora.xtec.cat\/esc-maragall-lh\/wp-json\/wp\/v2\/posts\/19916","targetHints":{"allow":["GET"]}}],"collection":[{"href":"https:\/\/agora.xtec.cat\/esc-maragall-lh\/wp-json\/wp\/v2\/posts"}],"about":[{"href":"https:\/\/agora.xtec.cat\/esc-maragall-lh\/wp-json\/wp\/v2\/types\/post"}],"author":[{"embeddable":true,"href":"https:\/\/agora.xtec.cat\/esc-maragall-lh\/wp-json\/wp\/v2\/users\/1"}],"replies":[{"embeddable":true,"href":"https:\/\/agora.xtec.cat\/esc-maragall-lh\/wp-json\/wp\/v2\/comments?post=19916"}],"version-history":[{"count":1,"href":"https:\/\/agora.xtec.cat\/esc-maragall-lh\/wp-json\/wp\/v2\/posts\/19916\/revisions"}],"predecessor-version":[{"id":19920,"href":"https:\/\/agora.xtec.cat\/esc-maragall-lh\/wp-json\/wp\/v2\/posts\/19916\/revisions\/19920"}],"wp:featuredmedia":[{"embeddable":true,"href":"https:\/\/agora.xtec.cat\/esc-maragall-lh\/wp-json\/wp\/v2\/media\/19917"}],"wp:attachment":[{"href":"https:\/\/agora.xtec.cat\/esc-maragall-lh\/wp-json\/wp\/v2\/media?parent=19916"}],"wp:term":[{"taxonomy":"category","embeddable":true,"href":"https:\/\/agora.xtec.cat\/esc-maragall-lh\/wp-json\/wp\/v2\/categories?post=19916"},{"taxonomy":"post_tag","embeddable":true,"href":"https:\/\/agora.xtec.cat\/esc-maragall-lh\/wp-json\/wp\/v2\/tags?post=19916"}],"curies":[{"name":"wp","href":"https:\/\/api.w.org\/{rel}","templated":true}]}}