{"id":19092,"date":"2022-03-18T11:44:28","date_gmt":"2022-03-18T10:44:28","guid":{"rendered":"https:\/\/agora.xtec.cat\/esc-maragall-lh\/?p=19092"},"modified":"2022-03-18T11:44:28","modified_gmt":"2022-03-18T10:44:28","slug":"lamiga-genial-delena-ferrante-club-de-lectura","status":"publish","type":"post","link":"https:\/\/agora.xtec.cat\/esc-maragall-lh\/general\/lamiga-genial-delena-ferrante-club-de-lectura\/","title":{"rendered":"&#8220;L&#8217;amiga genial&#8221;, d&#8217;Elena Ferrante &#8211; Club de lectura"},"content":{"rendered":"<h3 style=\"text-align: center\"><span style=\"color: #800080\">CLUB DE LECTURA &#8220;L&#8217;AMIGA GENIAL&#8221;<\/span><\/h3>\n<p><em>L&#8217;amiga genial<\/em>, escrit per la suposada autora Elena Ferrante, coneguda com l&#8217;escriptora sense cara, ja que viu en complet anonimat. Aquest t\u00edtol \u00e9s el primer volum dels quatre que componen la hist\u00f2ria d&#8217;infantesa i adolesc\u00e8ncia de les protagonistes Lila i Len\u00f9, acompanyades d&#8217;altres personatges al llarg de les seves vides. La novel\u00b7la transcorre en un barri miserable de <em>N\u00e0pols.<\/em><\/p>\n<p>&nbsp;<\/p>\n<p>El llibre ha estat comentat en aquesta sessi\u00f3 del club de lectura, dinamitzada per l&#8217;escriptora Al\u00edcia Gili i comentat per les mares que hi formen part d&#8217;aquesta activitat familiar que es duu a terme a la biblioteca de l&#8217;escola. La lectura ha donat molt de joc, no nom\u00e9s per tot el que viuen aquestes dues protagonistes, sin\u00f3 tamb\u00e9 pel cl\u00e0ssic debat de si \u00e9s millor llegir els llibres o veure les s\u00e8ries abans. I vosaltres qu\u00e8 en penseu?<\/p>\n<p><a style=\"color: #2795b6\" href=\"https:\/\/agora.xtec.cat\/esc-maragall-lh\/wp-content\/uploads\/usu1598\/2022\/03\/WhatsApp-Image-2022-03-11-at-16.34.47.jpeg\"><img loading=\"lazy\" decoding=\"async\" class=\"aligncenter size-medium wp-image-19095\" src=\"https:\/\/agora.xtec.cat\/esc-maragall-lh\/wp-content\/uploads\/usu1598\/2022\/03\/WhatsApp-Image-2022-03-11-at-16.34.47-300x225.jpeg\" alt=\"\" width=\"300\" height=\"225\" srcset=\"https:\/\/agora.xtec.cat\/esc-maragall-lh\/wp-content\/uploads\/usu1598\/2022\/03\/WhatsApp-Image-2022-03-11-at-16.34.47-300x225.jpeg 300w, https:\/\/agora.xtec.cat\/esc-maragall-lh\/wp-content\/uploads\/usu1598\/2022\/03\/WhatsApp-Image-2022-03-11-at-16.34.47-1024x768.jpeg 1024w, https:\/\/agora.xtec.cat\/esc-maragall-lh\/wp-content\/uploads\/usu1598\/2022\/03\/WhatsApp-Image-2022-03-11-at-16.34.47-768x576.jpeg 768w, https:\/\/agora.xtec.cat\/esc-maragall-lh\/wp-content\/uploads\/usu1598\/2022\/03\/WhatsApp-Image-2022-03-11-at-16.34.47-1536x1152.jpeg 1536w, https:\/\/agora.xtec.cat\/esc-maragall-lh\/wp-content\/uploads\/usu1598\/2022\/03\/WhatsApp-Image-2022-03-11-at-16.34.47-200x150.jpeg 200w, https:\/\/agora.xtec.cat\/esc-maragall-lh\/wp-content\/uploads\/usu1598\/2022\/03\/WhatsApp-Image-2022-03-11-at-16.34.47.jpeg 1600w\" sizes=\"auto, (max-width: 300px) 100vw, 300px\" \/><\/a><\/p>\n<p><em>La Joven de la Perla<\/em>, de Tracy Chevalier, \u00e9s el llibre triat per la propera sessi\u00f3 del club de lectura. Us animeu a llegir-lo?<\/p>\n<p><a href=\"https:\/\/agora.xtec.cat\/esc-maragall-lh\/wp-content\/uploads\/usu1598\/2022\/03\/20220311_153337-p-scaled.jpg\"><img loading=\"lazy\" decoding=\"async\" class=\"aligncenter size-medium wp-image-19099\" src=\"https:\/\/agora.xtec.cat\/esc-maragall-lh\/wp-content\/uploads\/usu1598\/2022\/03\/20220311_153337-p-300x300.jpg\" alt=\"\" width=\"300\" height=\"300\" srcset=\"https:\/\/agora.xtec.cat\/esc-maragall-lh\/wp-content\/uploads\/usu1598\/2022\/03\/20220311_153337-p-300x300.jpg 300w, https:\/\/agora.xtec.cat\/esc-maragall-lh\/wp-content\/uploads\/usu1598\/2022\/03\/20220311_153337-p-1024x1024.jpg 1024w, https:\/\/agora.xtec.cat\/esc-maragall-lh\/wp-content\/uploads\/usu1598\/2022\/03\/20220311_153337-p-150x150.jpg 150w, https:\/\/agora.xtec.cat\/esc-maragall-lh\/wp-content\/uploads\/usu1598\/2022\/03\/20220311_153337-p-768x768.jpg 768w, https:\/\/agora.xtec.cat\/esc-maragall-lh\/wp-content\/uploads\/usu1598\/2022\/03\/20220311_153337-p-1536x1536.jpg 1536w, https:\/\/agora.xtec.cat\/esc-maragall-lh\/wp-content\/uploads\/usu1598\/2022\/03\/20220311_153337-p-2048x2048.jpg 2048w\" sizes=\"auto, (max-width: 300px) 100vw, 300px\" \/><\/a><\/p>\n<p>&nbsp;<\/p>\n","protected":false},"excerpt":{"rendered":"<p>&#8220;L&#8217;amiga genial&#8221;, \u00e9s el t\u00edtol del primer volum dels quatre llibres de l&#8217;escriptora Elena Ferrante. La novel\u00b7la triada i comentada en aquest darrer club de lectura.<\/p>\n","protected":false},"author":1,"featured_media":19094,"comment_status":"closed","ping_status":"closed","sticky":false,"template":"","format":"standard","meta":{"_bbp_topic_count":0,"_bbp_reply_count":0,"_bbp_total_topic_count":0,"_bbp_total_reply_count":0,"_bbp_voice_count":0,"_bbp_anonymous_reply_count":0,"_bbp_topic_count_hidden":0,"_bbp_reply_count_hidden":0,"_bbp_forum_subforum_count":0,"site-sidebar-layout":"default","site-content-layout":"","ast-site-content-layout":"","site-content-style":"default","site-sidebar-style":"default","ast-global-header-display":"","ast-banner-title-visibility":"","ast-main-header-display":"","ast-hfb-above-header-display":"","ast-hfb-below-header-display":"","ast-hfb-mobile-header-display":"","site-post-title":"","ast-breadcrumbs-content":"","ast-featured-img":"","footer-sml-layout":"","theme-transparent-header-meta":"","adv-header-id-meta":"","stick-header-meta":"","header-above-stick-meta":"","header-main-stick-meta":"","header-below-stick-meta":"","astra-migrate-meta-layouts":"default","ast-page-background-enabled":"default","ast-page-background-meta":{"desktop":{"background-color":"var(--ast-global-color-4)","background-image":"","background-repeat":"repeat","background-position":"center center","background-size":"auto","background-attachment":"scroll","background-type":"","background-media":"","overlay-type":"","overlay-color":"","overlay-opacity":"","overlay-gradient":""},"tablet":{"background-color":"","background-image":"","background-repeat":"repeat","background-position":"center center","background-size":"auto","background-attachment":"scroll","background-type":"","background-media":"","overlay-type":"","overlay-color":"","overlay-opacity":"","overlay-gradient":""},"mobile":{"background-color":"","background-image":"","background-repeat":"repeat","background-position":"center center","background-size":"auto","background-attachment":"scroll","background-type":"","background-media":"","overlay-type":"","overlay-color":"","overlay-opacity":"","overlay-gradient":""}},"ast-content-background-meta":{"desktop":{"background-color":"var(--ast-global-color-5)","background-image":"","background-repeat":"repeat","background-position":"center center","background-size":"auto","background-attachment":"scroll","background-type":"","background-media":"","overlay-type":"","overlay-color":"","overlay-opacity":"","overlay-gradient":""},"tablet":{"background-color":"var(--ast-global-color-5)","background-image":"","background-repeat":"repeat","background-position":"center center","background-size":"auto","background-attachment":"scroll","background-type":"","background-media":"","overlay-type":"","overlay-color":"","overlay-opacity":"","overlay-gradient":""},"mobile":{"background-color":"var(--ast-global-color-5)","background-image":"","background-repeat":"repeat","background-position":"center center","background-size":"auto","background-attachment":"scroll","background-type":"","background-media":"","overlay-type":"","overlay-color":"","overlay-opacity":"","overlay-gradient":""}},"footnotes":""},"categories":[581,511,1,4,55],"tags":[119,213,133],"class_list":["post-19092","post","type-post","status-publish","format-standard","has-post-thumbnail","hentry","category-curs-2021-2022","category-families-lectures-que-us-poden-resultar-interessants","category-general","category-portada","category-biblioteca","tag-biblioteca","tag-families","tag-tandem"],"post_mailing_queue_ids":[],"_links":{"self":[{"href":"https:\/\/agora.xtec.cat\/esc-maragall-lh\/wp-json\/wp\/v2\/posts\/19092","targetHints":{"allow":["GET"]}}],"collection":[{"href":"https:\/\/agora.xtec.cat\/esc-maragall-lh\/wp-json\/wp\/v2\/posts"}],"about":[{"href":"https:\/\/agora.xtec.cat\/esc-maragall-lh\/wp-json\/wp\/v2\/types\/post"}],"author":[{"embeddable":true,"href":"https:\/\/agora.xtec.cat\/esc-maragall-lh\/wp-json\/wp\/v2\/users\/1"}],"replies":[{"embeddable":true,"href":"https:\/\/agora.xtec.cat\/esc-maragall-lh\/wp-json\/wp\/v2\/comments?post=19092"}],"version-history":[{"count":3,"href":"https:\/\/agora.xtec.cat\/esc-maragall-lh\/wp-json\/wp\/v2\/posts\/19092\/revisions"}],"predecessor-version":[{"id":19102,"href":"https:\/\/agora.xtec.cat\/esc-maragall-lh\/wp-json\/wp\/v2\/posts\/19092\/revisions\/19102"}],"wp:featuredmedia":[{"embeddable":true,"href":"https:\/\/agora.xtec.cat\/esc-maragall-lh\/wp-json\/wp\/v2\/media\/19094"}],"wp:attachment":[{"href":"https:\/\/agora.xtec.cat\/esc-maragall-lh\/wp-json\/wp\/v2\/media?parent=19092"}],"wp:term":[{"taxonomy":"category","embeddable":true,"href":"https:\/\/agora.xtec.cat\/esc-maragall-lh\/wp-json\/wp\/v2\/categories?post=19092"},{"taxonomy":"post_tag","embeddable":true,"href":"https:\/\/agora.xtec.cat\/esc-maragall-lh\/wp-json\/wp\/v2\/tags?post=19092"}],"curies":[{"name":"wp","href":"https:\/\/api.w.org\/{rel}","templated":true}]}}