{"id":1632,"date":"2018-01-31T15:04:00","date_gmt":"2018-01-31T14:04:00","guid":{"rendered":"http:\/\/agora.xtec.cat\/esc-maragall-lh\/?p=1632"},"modified":"2018-02-02T08:21:00","modified_gmt":"2018-02-02T07:21:00","slug":"dia-de-la-pau-i-la-no-violencia","status":"publish","type":"post","link":"https:\/\/agora.xtec.cat\/esc-maragall-lh\/general\/dia-de-la-pau-i-la-no-violencia\/","title":{"rendered":"Dia de la Pau i la no Viol\u00e8ncia"},"content":{"rendered":"<p><img loading=\"lazy\" decoding=\"async\" class=\"aligncenter wp-image-1633\" src=\"http:\/\/agora.xtec.cat\/esc-maragall-lh\/wp-content\/uploads\/usu1598\/2018\/01\/bona-1.jpg\" alt=\"\" width=\"524\" height=\"396\" srcset=\"https:\/\/agora.xtec.cat\/esc-maragall-lh\/wp-content\/uploads\/usu1598\/2018\/01\/bona-1.jpg 938w, https:\/\/agora.xtec.cat\/esc-maragall-lh\/wp-content\/uploads\/usu1598\/2018\/01\/bona-1-300x227.jpg 300w, https:\/\/agora.xtec.cat\/esc-maragall-lh\/wp-content\/uploads\/usu1598\/2018\/01\/bona-1-768x581.jpg 768w, https:\/\/agora.xtec.cat\/esc-maragall-lh\/wp-content\/uploads\/usu1598\/2018\/01\/bona-1-200x150.jpg 200w\" sizes=\"auto, (max-width: 524px) 100vw, 524px\" \/>Dimarts, dia 30 de gener, vam celebrar el dia de la Pau i la no Viol\u00e8ncia\u00a0 a l&#8217;escola .<\/p>\n<p style=\"text-align: justify;\">Tots ens hav\u00edem preparat la can\u00e7\u00f3 <a href=\"https:\/\/youtu.be\/TX0W4sxV0cY\" target=\"_blank\" rel=\"noopener noreferrer\">Mirall de Pau<\/a>.<\/p>\n<p style=\"text-align: justify;\">Encabits en el s\u00edmbol de la pau dibuixat al terra del pati i amb el colom de la pau a les mans, vam cantar la can\u00e7\u00f3 a l&#8217;un\u00edson.<\/p>\n<p style=\"text-align: justify;\">\u00a0 \u00a0 \u00a0 \u00a0 \u00a0 \u00a0 \u00a0 \u00a0 \u00a0 \u00a0 \u00a0 \u00a0 \u00a0 \u00a0 \u00a0 \u00a0 \u00a0 \u00a0 \u00a0 \u00a0 \u00a0 \u00a0 \u00a0 \u00a0 \u00a0<iframe loading=\"lazy\" src=\"https:\/\/www.youtube.com\/embed\/rLmWoHwzenE\" width=\"400\" height=\"225\" frameborder=\"0\" allowfullscreen=\"allowfullscreen\" data-mce-fragment=\"1\"><\/iframe><\/p>\n<p style=\"text-align: justify;\"><img loading=\"lazy\" decoding=\"async\" class=\"aligncenter size-full wp-image-1635\" src=\"http:\/\/agora.xtec.cat\/esc-maragall-lh\/wp-content\/uploads\/usu1598\/2018\/01\/BDowuEMcEUYKQeLSfsx_4eKBuim_Mw1QlD3mwYoXyaf00dSeaQDJVMjrwlVfsyHUiZ4qqv_eUwrTTX6qnR77JF3TeCCvFdv04G67exPDmdritH_G48w.jpg\" alt=\"\" width=\"320\" height=\"252\" srcset=\"https:\/\/agora.xtec.cat\/esc-maragall-lh\/wp-content\/uploads\/usu1598\/2018\/01\/BDowuEMcEUYKQeLSfsx_4eKBuim_Mw1QlD3mwYoXyaf00dSeaQDJVMjrwlVfsyHUiZ4qqv_eUwrTTX6qnR77JF3TeCCvFdv04G67exPDmdritH_G48w.jpg 320w, https:\/\/agora.xtec.cat\/esc-maragall-lh\/wp-content\/uploads\/usu1598\/2018\/01\/BDowuEMcEUYKQeLSfsx_4eKBuim_Mw1QlD3mwYoXyaf00dSeaQDJVMjrwlVfsyHUiZ4qqv_eUwrTTX6qnR77JF3TeCCvFdv04G67exPDmdritH_G48w-300x236.jpg 300w\" sizes=\"auto, (max-width: 320px) 100vw, 320px\" \/><\/p>\n<p style=\"text-align: justify;\">Vam fer coincidir una estona de l&#8217;esbarjo d&#8217;Educaci\u00f3 Infantil i de Prim\u00e0ria per tal\u00a0 d&#8217;unir les nostres veus en un clam a favor de la Pau, una commemoraci\u00f3 que recorda la figura de <a href=\"https:\/\/ca.wikipedia.org\/wiki\/Mohandas_Gandhi\" target=\"_blank\" rel=\"noopener noreferrer\">Mahatma Gandhi,<\/a> que va morir el 30 de gener de 1948.<\/p>\n<p style=\"text-align: center;\"><span style=\"color: #3366ff;\"><strong><em>I volem que ens facis lliures:<\/em><\/strong><\/span><\/p>\n<p style=\"text-align: center;\"><span style=\"color: #3366ff;\"><strong><em>nom\u00e9s tu pots fer-nos viure<\/em><\/strong><\/span><\/p>\n<p style=\"text-align: center;\"><span style=\"color: #3366ff;\"><strong><em>emocions amb els teus sons&#8230;<\/em><\/strong><\/span><\/p>\n<p style=\"text-align: center;\"><span style=\"color: #3366ff;\"><strong><em>Reprenem can\u00e7ons i danses,<\/em><\/strong><\/span><\/p>\n<p style=\"text-align: center;\"><span style=\"color: #3366ff;\"><strong><em>refem somnis i esperances:<\/em><\/strong><\/span><\/p>\n<p style=\"text-align: center;\"><span style=\"color: #3366ff;\"><strong><em>ets la clau d&#8217;un m\u00f3n de pau&#8230;<\/em><\/strong><\/span><\/p>\n<p style=\"text-align: center;\">(M\u00fasica: David Melgar Lletra: Gibert d\u2019Artze)<\/p>\n","protected":false},"excerpt":{"rendered":"<p>Dimarts, dia 30 de gener, vam celebrar a l&#8217;escola el dia de la Pau i la no Viol\u00e8ncia.<\/p>\n","protected":false},"author":1,"featured_media":1633,"comment_status":"closed","ping_status":"closed","sticky":false,"template":"","format":"standard","meta":{"_bbp_topic_count":0,"_bbp_reply_count":0,"_bbp_total_topic_count":0,"_bbp_total_reply_count":0,"_bbp_voice_count":0,"_bbp_anonymous_reply_count":0,"_bbp_topic_count_hidden":0,"_bbp_reply_count_hidden":0,"_bbp_forum_subforum_count":0,"site-sidebar-layout":"default","site-content-layout":"","ast-site-content-layout":"","site-content-style":"default","site-sidebar-style":"default","ast-global-header-display":"","ast-banner-title-visibility":"","ast-main-header-display":"","ast-hfb-above-header-display":"","ast-hfb-below-header-display":"","ast-hfb-mobile-header-display":"","site-post-title":"","ast-breadcrumbs-content":"","ast-featured-img":"","footer-sml-layout":"","theme-transparent-header-meta":"","adv-header-id-meta":"","stick-header-meta":"","header-above-stick-meta":"","header-main-stick-meta":"","header-below-stick-meta":"","astra-migrate-meta-layouts":"default","ast-page-background-enabled":"default","ast-page-background-meta":{"desktop":{"background-color":"var(--ast-global-color-4)","background-image":"","background-repeat":"repeat","background-position":"center center","background-size":"auto","background-attachment":"scroll","background-type":"","background-media":"","overlay-type":"","overlay-color":"","overlay-opacity":"","overlay-gradient":""},"tablet":{"background-color":"","background-image":"","background-repeat":"repeat","background-position":"center center","background-size":"auto","background-attachment":"scroll","background-type":"","background-media":"","overlay-type":"","overlay-color":"","overlay-opacity":"","overlay-gradient":""},"mobile":{"background-color":"","background-image":"","background-repeat":"repeat","background-position":"center center","background-size":"auto","background-attachment":"scroll","background-type":"","background-media":"","overlay-type":"","overlay-color":"","overlay-opacity":"","overlay-gradient":""}},"ast-content-background-meta":{"desktop":{"background-color":"var(--ast-global-color-5)","background-image":"","background-repeat":"repeat","background-position":"center center","background-size":"auto","background-attachment":"scroll","background-type":"","background-media":"","overlay-type":"","overlay-color":"","overlay-opacity":"","overlay-gradient":""},"tablet":{"background-color":"var(--ast-global-color-5)","background-image":"","background-repeat":"repeat","background-position":"center center","background-size":"auto","background-attachment":"scroll","background-type":"","background-media":"","overlay-type":"","overlay-color":"","overlay-opacity":"","overlay-gradient":""},"mobile":{"background-color":"var(--ast-global-color-5)","background-image":"","background-repeat":"repeat","background-position":"center center","background-size":"auto","background-attachment":"scroll","background-type":"","background-media":"","overlay-type":"","overlay-color":"","overlay-opacity":"","overlay-gradient":""}},"footnotes":""},"categories":[1,4],"tags":[264,144,209],"class_list":["post-1632","post","type-post","status-publish","format-standard","has-post-thumbnail","hentry","category-general","category-portada","tag-dia-de-la-pau","tag-educacio-infantil","tag-primaria"],"post_mailing_queue_ids":[],"_links":{"self":[{"href":"https:\/\/agora.xtec.cat\/esc-maragall-lh\/wp-json\/wp\/v2\/posts\/1632","targetHints":{"allow":["GET"]}}],"collection":[{"href":"https:\/\/agora.xtec.cat\/esc-maragall-lh\/wp-json\/wp\/v2\/posts"}],"about":[{"href":"https:\/\/agora.xtec.cat\/esc-maragall-lh\/wp-json\/wp\/v2\/types\/post"}],"author":[{"embeddable":true,"href":"https:\/\/agora.xtec.cat\/esc-maragall-lh\/wp-json\/wp\/v2\/users\/1"}],"replies":[{"embeddable":true,"href":"https:\/\/agora.xtec.cat\/esc-maragall-lh\/wp-json\/wp\/v2\/comments?post=1632"}],"version-history":[{"count":3,"href":"https:\/\/agora.xtec.cat\/esc-maragall-lh\/wp-json\/wp\/v2\/posts\/1632\/revisions"}],"predecessor-version":[{"id":1639,"href":"https:\/\/agora.xtec.cat\/esc-maragall-lh\/wp-json\/wp\/v2\/posts\/1632\/revisions\/1639"}],"wp:featuredmedia":[{"embeddable":true,"href":"https:\/\/agora.xtec.cat\/esc-maragall-lh\/wp-json\/wp\/v2\/media\/1633"}],"wp:attachment":[{"href":"https:\/\/agora.xtec.cat\/esc-maragall-lh\/wp-json\/wp\/v2\/media?parent=1632"}],"wp:term":[{"taxonomy":"category","embeddable":true,"href":"https:\/\/agora.xtec.cat\/esc-maragall-lh\/wp-json\/wp\/v2\/categories?post=1632"},{"taxonomy":"post_tag","embeddable":true,"href":"https:\/\/agora.xtec.cat\/esc-maragall-lh\/wp-json\/wp\/v2\/tags?post=1632"}],"curies":[{"name":"wp","href":"https:\/\/api.w.org\/{rel}","templated":true}]}}