{"id":13435,"date":"2022-02-01T13:54:31","date_gmt":"2022-02-01T12:54:31","guid":{"rendered":"https:\/\/agora.xtec.cat\/esc-maragall-lh\/?p=13435"},"modified":"2022-02-03T14:01:43","modified_gmt":"2022-02-03T13:01:43","slug":"dia-escolar-de-la-no-violencia-i-la-pau","status":"publish","type":"post","link":"https:\/\/agora.xtec.cat\/esc-maragall-lh\/general\/dia-escolar-de-la-no-violencia-i-la-pau\/","title":{"rendered":"Dia Escolar de la No-Viol\u00e8ncia i la Pau"},"content":{"rendered":"<p style=\"text-align: center\">El 30 de gener se celebra el <strong><span style=\"color: #ff0000\">Dia Escolar de la No-Viol\u00e8ncia i la Pau<\/span><\/strong> per promoure a les escoles de tot el m\u00f3n els valors que permetin cr\u00e9ixer en una societat de pau i no-viol\u00e8ncia. Amb aquesta data es commemora la mort del l\u00edder pacifista <strong>Mahatma Ghandi.<\/strong><\/p>\n<p style=\"text-align: center\">Avui, dilluns 31 de gener, no hem deixat de celebrar-ho a l&#8217;escola, dins de les limitacions que encara hem de mantenir.<\/p>\n<p style=\"text-align: center\">Les tres classes d&#8217;Educaci\u00f3 Infantil vam parlar de paraules i expressions boniques, paraules que ens agrada dir i sentir, que ens fan sentir b\u00e9 i<span style=\"font-family: inherit;font-size: 1em\"> somriure. Les vam plasmar en unes gotes que hem penjat a la mimosa del pati per formar el nostre <strong><span style=\"color: #0000ff\">Arbre de la Pau<\/span><\/strong><span style=\"color: #000000\">.\u00a0 &#8220;Som amics&#8221; \u00e9s la canc\u00f3 que ens ha acompanyat i que m\u00e9s hem cantat aquests dies.<\/span><\/span><\/p>\n<p style=\"text-align: center\">A Prim\u00e0ria hem estat veient v\u00eddeos, ens hem apropat a alguns destacats pacifistes, hem fet debats, reptes de pau per a la no-viol\u00e8ncia a l&#8217;escola&#8230; A cada classe, hem decorat per grups unes ampolles on hem enganxat les nostres reflexions i desitjos, per formar despr\u00e9s un mural conjunt, un<span style=\"color: #0000ff\"><strong> Mar de Pau<\/strong><\/span> que porti aquests missatges a tot el m\u00f3n.<\/p>\n<p><a href=\"https:\/\/agora.xtec.cat\/esc-maragall-lh\/wp-content\/uploads\/usu1598\/2022\/02\/20220131_103013-2-COLLAGE.jpg\"><img loading=\"lazy\" decoding=\"async\" class=\"wp-image-13447 aligncenter\" src=\"https:\/\/agora.xtec.cat\/esc-maragall-lh\/wp-content\/uploads\/usu1598\/2022\/02\/20220131_103013-2-COLLAGE-1024x1024.jpg\" alt=\"\" width=\"653\" height=\"653\" srcset=\"https:\/\/agora.xtec.cat\/esc-maragall-lh\/wp-content\/uploads\/usu1598\/2022\/02\/20220131_103013-2-COLLAGE-1024x1024.jpg 1024w, https:\/\/agora.xtec.cat\/esc-maragall-lh\/wp-content\/uploads\/usu1598\/2022\/02\/20220131_103013-2-COLLAGE-300x300.jpg 300w, https:\/\/agora.xtec.cat\/esc-maragall-lh\/wp-content\/uploads\/usu1598\/2022\/02\/20220131_103013-2-COLLAGE-150x150.jpg 150w, https:\/\/agora.xtec.cat\/esc-maragall-lh\/wp-content\/uploads\/usu1598\/2022\/02\/20220131_103013-2-COLLAGE-768x768.jpg 768w, https:\/\/agora.xtec.cat\/esc-maragall-lh\/wp-content\/uploads\/usu1598\/2022\/02\/20220131_103013-2-COLLAGE-1536x1536.jpg 1536w, https:\/\/agora.xtec.cat\/esc-maragall-lh\/wp-content\/uploads\/usu1598\/2022\/02\/20220131_103013-2-COLLAGE.jpg 2047w\" sizes=\"auto, (max-width: 653px) 100vw, 653px\" \/><\/a><\/p>\n<p>Tamb\u00e9, durant aquesta setmana, podrem gaudir d&#8217;un recull de llibres sobre pau i just\u00edcia social que ens ha prestat la Biblioteca Tecla Sala.<\/p>\n<p style=\"text-align: center\">Podeu veure m\u00e9s fotos clicant <a href=\"https:\/\/photos.app.goo.gl\/CUSnk1i75TbBePqi6\"><strong>AQU\u00cd<\/strong>.<\/a><\/p>\n<p style=\"text-align: center\"><em><span style=\"color: #800080\"><strong>AMOR UNIVERSAL, NO-VIOL\u00c8NCIA I PAU<\/strong><\/span><\/em><\/p>\n<p>&nbsp;<\/p>\n","protected":false},"excerpt":{"rendered":"<p>&#8220;La pau comen\u00e7a amb un somriure.&#8221;<\/p>\n","protected":false},"author":14,"featured_media":13446,"comment_status":"closed","ping_status":"closed","sticky":false,"template":"","format":"standard","meta":{"_bbp_topic_count":0,"_bbp_reply_count":0,"_bbp_total_topic_count":0,"_bbp_total_reply_count":0,"_bbp_voice_count":0,"_bbp_anonymous_reply_count":0,"_bbp_topic_count_hidden":0,"_bbp_reply_count_hidden":0,"_bbp_forum_subforum_count":0,"site-sidebar-layout":"default","site-content-layout":"","ast-site-content-layout":"","site-content-style":"default","site-sidebar-style":"default","ast-global-header-display":"","ast-banner-title-visibility":"","ast-main-header-display":"","ast-hfb-above-header-display":"","ast-hfb-below-header-display":"","ast-hfb-mobile-header-display":"","site-post-title":"","ast-breadcrumbs-content":"","ast-featured-img":"","footer-sml-layout":"","theme-transparent-header-meta":"","adv-header-id-meta":"","stick-header-meta":"","header-above-stick-meta":"","header-main-stick-meta":"","header-below-stick-meta":"","astra-migrate-meta-layouts":"default","ast-page-background-enabled":"default","ast-page-background-meta":{"desktop":{"background-color":"var(--ast-global-color-4)","background-image":"","background-repeat":"repeat","background-position":"center center","background-size":"auto","background-attachment":"scroll","background-type":"","background-media":"","overlay-type":"","overlay-color":"","overlay-opacity":"","overlay-gradient":""},"tablet":{"background-color":"","background-image":"","background-repeat":"repeat","background-position":"center center","background-size":"auto","background-attachment":"scroll","background-type":"","background-media":"","overlay-type":"","overlay-color":"","overlay-opacity":"","overlay-gradient":""},"mobile":{"background-color":"","background-image":"","background-repeat":"repeat","background-position":"center center","background-size":"auto","background-attachment":"scroll","background-type":"","background-media":"","overlay-type":"","overlay-color":"","overlay-opacity":"","overlay-gradient":""}},"ast-content-background-meta":{"desktop":{"background-color":"var(--ast-global-color-5)","background-image":"","background-repeat":"repeat","background-position":"center center","background-size":"auto","background-attachment":"scroll","background-type":"","background-media":"","overlay-type":"","overlay-color":"","overlay-opacity":"","overlay-gradient":""},"tablet":{"background-color":"var(--ast-global-color-5)","background-image":"","background-repeat":"repeat","background-position":"center center","background-size":"auto","background-attachment":"scroll","background-type":"","background-media":"","overlay-type":"","overlay-color":"","overlay-opacity":"","overlay-gradient":""},"mobile":{"background-color":"var(--ast-global-color-5)","background-image":"","background-repeat":"repeat","background-position":"center center","background-size":"auto","background-attachment":"scroll","background-type":"","background-media":"","overlay-type":"","overlay-color":"","overlay-opacity":"","overlay-gradient":""}},"footnotes":""},"categories":[424,581,1,582,4,583,423,584,429,428,427,426,425,541],"tags":[457,264,263],"class_list":["post-13435","post","type-post","status-publish","format-standard","has-post-thumbnail","hentry","category-cinque-2025-26","category-curs-2021-2022","category-general","category-infantil-21-22","category-portada","category-primaria-21-22","category-quart-2025-26","category-segon-2025-26","category-429","category-sise-2022-23","category-sise-2023-24","category-sise-2024-25","category-sise-2025-26","category-tercer-2025-26","tag-celebracio","tag-dia-de-la-pau","tag-pau"],"post_mailing_queue_ids":[],"_links":{"self":[{"href":"https:\/\/agora.xtec.cat\/esc-maragall-lh\/wp-json\/wp\/v2\/posts\/13435","targetHints":{"allow":["GET"]}}],"collection":[{"href":"https:\/\/agora.xtec.cat\/esc-maragall-lh\/wp-json\/wp\/v2\/posts"}],"about":[{"href":"https:\/\/agora.xtec.cat\/esc-maragall-lh\/wp-json\/wp\/v2\/types\/post"}],"author":[{"embeddable":true,"href":"https:\/\/agora.xtec.cat\/esc-maragall-lh\/wp-json\/wp\/v2\/users\/14"}],"replies":[{"embeddable":true,"href":"https:\/\/agora.xtec.cat\/esc-maragall-lh\/wp-json\/wp\/v2\/comments?post=13435"}],"version-history":[{"count":3,"href":"https:\/\/agora.xtec.cat\/esc-maragall-lh\/wp-json\/wp\/v2\/posts\/13435\/revisions"}],"predecessor-version":[{"id":13478,"href":"https:\/\/agora.xtec.cat\/esc-maragall-lh\/wp-json\/wp\/v2\/posts\/13435\/revisions\/13478"}],"wp:featuredmedia":[{"embeddable":true,"href":"https:\/\/agora.xtec.cat\/esc-maragall-lh\/wp-json\/wp\/v2\/media\/13446"}],"wp:attachment":[{"href":"https:\/\/agora.xtec.cat\/esc-maragall-lh\/wp-json\/wp\/v2\/media?parent=13435"}],"wp:term":[{"taxonomy":"category","embeddable":true,"href":"https:\/\/agora.xtec.cat\/esc-maragall-lh\/wp-json\/wp\/v2\/categories?post=13435"},{"taxonomy":"post_tag","embeddable":true,"href":"https:\/\/agora.xtec.cat\/esc-maragall-lh\/wp-json\/wp\/v2\/tags?post=13435"}],"curies":[{"name":"wp","href":"https:\/\/api.w.org\/{rel}","templated":true}]}}