{"id":4495,"date":"2023-06-12T10:54:23","date_gmt":"2023-06-12T08:54:23","guid":{"rendered":"https:\/\/agora.xtec.cat\/esc-llevantidemar\/?p=4495"},"modified":"2023-06-11T19:05:06","modified_gmt":"2023-06-11T17:05:06","slug":"pintors-es-i5-frida-kahlo","status":"publish","type":"post","link":"https:\/\/agora.xtec.cat\/esc-llevantidemar\/general\/pintors-es-i5-frida-kahlo\/","title":{"rendered":"PINTORS\/ES I5 &#8211; FRIDA KAHLO"},"content":{"rendered":"<p style=\"text-align: justify;\" align=\"justify\"><span style=\"font-size: medium;\">Aquest \u00faltim trimestre, els i les alumnes d\u2019I5 han treballat a la pintora mexicana Frida Kahlo. <\/span><\/p>\n<p style=\"text-align: justify;\" align=\"justify\"><span style=\"font-size: medium;\">Per comen\u00e7ar vam visualitzar un v\u00eddeo on explica la seva biografia i despr\u00e9s ens vam posar mans a l\u2019obra! <\/span><span style=\"font-size: medium;\">Les dues obres que hem fet s\u00f3n:<\/span><\/p>\n<ol style=\"text-align: justify;\">\n<li><span style=\"font-size: medium;\">Autoretrat<\/span><\/li>\n<li><span style=\"font-size: medium;\">Les dos Frides<\/span><\/li>\n<\/ol>\n<p style=\"text-align: justify;\" align=\"justify\"><span style=\"font-size: medium;\">La caracter\u00edstica de la Frida Kahlo \u00e9s que porta flors al cap i unes celles particulars, i aix\u00f2 \u00e9s el que vam fer a la primera obra. Vam completar la cara de la Frida i despr\u00e9s vam adornar el seu cabell amb paper de seda simulant les flors.<\/span><\/p>\n<p style=\"text-align: justify;\" align=\"justify\"><span style=\"font-size: medium;\">A la segona obra vam treballar la simetria, intentant dibuixar a la Frida que faltava i que s\u2019unissin amb les mans i el fil que uneix els dos cors.<\/span><\/p>\n<p style=\"text-align: center;\" align=\"justify\"><a href=\"https:\/\/photos.app.goo.gl\/BDXg7YMELQx5AgqY7\" target=\"_blank\" rel=\"noopener\"><img loading=\"lazy\" decoding=\"async\" class=\"alignnone size-full wp-image-4496\" src=\"https:\/\/agora.xtec.cat\/esc-llevantidemar\/wp-content\/uploads\/usu2024\/2023\/06\/frida.jpg\" alt=\"\" width=\"400\" height=\"300\" srcset=\"https:\/\/agora.xtec.cat\/esc-llevantidemar\/wp-content\/uploads\/usu2024\/2023\/06\/frida.jpg 400w, https:\/\/agora.xtec.cat\/esc-llevantidemar\/wp-content\/uploads\/usu2024\/2023\/06\/frida-300x225.jpg 300w, https:\/\/agora.xtec.cat\/esc-llevantidemar\/wp-content\/uploads\/usu2024\/2023\/06\/frida-200x150.jpg 200w\" sizes=\"auto, (max-width: 400px) 100vw, 400px\" \/><\/a><\/p>\n<p style=\"text-align: center;\" align=\"justify\">(Cliqueu damunt la imatge per accedir a l&#8217;\u00e0lbum sencer).<\/p>\n","protected":false},"excerpt":{"rendered":"<p>Aquest \u00faltim trimestre, els i les alumnes d\u2019I5 han treballat a la pintora mexicana Frida Kahlo. Per comen\u00e7ar vam visualitzar un v\u00eddeo on explica la seva biografia i despr\u00e9s ens vam posar mans a l\u2019obra! Les dues obres que hem fet s\u00f3n: Autoretrat Les dos Frides La caracter\u00edstica de la Frida Kahlo \u00e9s que porta [&hellip;]<\/p>\n","protected":false},"author":5,"featured_media":0,"comment_status":"open","ping_status":"closed","sticky":false,"template":"","format":"standard","meta":{"site-sidebar-layout":"default","site-content-layout":"","ast-site-content-layout":"","site-content-style":"default","site-sidebar-style":"default","ast-global-header-display":"","ast-banner-title-visibility":"","ast-main-header-display":"","ast-hfb-above-header-display":"","ast-hfb-below-header-display":"","ast-hfb-mobile-header-display":"","site-post-title":"","ast-breadcrumbs-content":"","ast-featured-img":"","footer-sml-layout":"","theme-transparent-header-meta":"","adv-header-id-meta":"","stick-header-meta":"","header-above-stick-meta":"","header-main-stick-meta":"","header-below-stick-meta":"","astra-migrate-meta-layouts":"default","ast-page-background-enabled":"default","ast-page-background-meta":{"desktop":{"background-color":"var(--ast-global-color-4)","background-image":"","background-repeat":"repeat","background-position":"center center","background-size":"auto","background-attachment":"scroll","background-type":"","background-media":"","overlay-type":"","overlay-color":"","overlay-opacity":"","overlay-gradient":""},"tablet":{"background-color":"","background-image":"","background-repeat":"repeat","background-position":"center center","background-size":"auto","background-attachment":"scroll","background-type":"","background-media":"","overlay-type":"","overlay-color":"","overlay-opacity":"","overlay-gradient":""},"mobile":{"background-color":"","background-image":"","background-repeat":"repeat","background-position":"center center","background-size":"auto","background-attachment":"scroll","background-type":"","background-media":"","overlay-type":"","overlay-color":"","overlay-opacity":"","overlay-gradient":""}},"ast-content-background-meta":{"desktop":{"background-color":"var(--ast-global-color-5)","background-image":"","background-repeat":"repeat","background-position":"center center","background-size":"auto","background-attachment":"scroll","background-type":"","background-media":"","overlay-type":"","overlay-color":"","overlay-opacity":"","overlay-gradient":""},"tablet":{"background-color":"var(--ast-global-color-5)","background-image":"","background-repeat":"repeat","background-position":"center center","background-size":"auto","background-attachment":"scroll","background-type":"","background-media":"","overlay-type":"","overlay-color":"","overlay-opacity":"","overlay-gradient":""},"mobile":{"background-color":"var(--ast-global-color-5)","background-image":"","background-repeat":"repeat","background-position":"center center","background-size":"auto","background-attachment":"scroll","background-type":"","background-media":"","overlay-type":"","overlay-color":"","overlay-opacity":"","overlay-gradient":""}},"footnotes":""},"categories":[1,9,2,4],"tags":[],"class_list":["post-4495","post","type-post","status-publish","format-standard","hentry","category-general","category-i5","category-infantil","category-portada"],"post_mailing_queue_ids":[],"_links":{"self":[{"href":"https:\/\/agora.xtec.cat\/esc-llevantidemar\/wp-json\/wp\/v2\/posts\/4495","targetHints":{"allow":["GET"]}}],"collection":[{"href":"https:\/\/agora.xtec.cat\/esc-llevantidemar\/wp-json\/wp\/v2\/posts"}],"about":[{"href":"https:\/\/agora.xtec.cat\/esc-llevantidemar\/wp-json\/wp\/v2\/types\/post"}],"author":[{"embeddable":true,"href":"https:\/\/agora.xtec.cat\/esc-llevantidemar\/wp-json\/wp\/v2\/users\/5"}],"replies":[{"embeddable":true,"href":"https:\/\/agora.xtec.cat\/esc-llevantidemar\/wp-json\/wp\/v2\/comments?post=4495"}],"version-history":[{"count":1,"href":"https:\/\/agora.xtec.cat\/esc-llevantidemar\/wp-json\/wp\/v2\/posts\/4495\/revisions"}],"predecessor-version":[{"id":4497,"href":"https:\/\/agora.xtec.cat\/esc-llevantidemar\/wp-json\/wp\/v2\/posts\/4495\/revisions\/4497"}],"wp:attachment":[{"href":"https:\/\/agora.xtec.cat\/esc-llevantidemar\/wp-json\/wp\/v2\/media?parent=4495"}],"wp:term":[{"taxonomy":"category","embeddable":true,"href":"https:\/\/agora.xtec.cat\/esc-llevantidemar\/wp-json\/wp\/v2\/categories?post=4495"},{"taxonomy":"post_tag","embeddable":true,"href":"https:\/\/agora.xtec.cat\/esc-llevantidemar\/wp-json\/wp\/v2\/tags?post=4495"}],"curies":[{"name":"wp","href":"https:\/\/api.w.org\/{rel}","templated":true}]}}