{"id":3586,"date":"2022-05-09T12:58:34","date_gmt":"2022-05-09T10:58:34","guid":{"rendered":"https:\/\/agora.xtec.cat\/esc-llevantidemar\/?p=3586"},"modified":"2022-05-09T15:26:05","modified_gmt":"2022-05-09T13:26:05","slug":"colonies-ci-a-pontos-can-oliver","status":"publish","type":"post","link":"https:\/\/agora.xtec.cat\/esc-llevantidemar\/portada\/colonies-ci-a-pontos-can-oliver\/","title":{"rendered":"COL\u00d2NIES CI A PONT\u00d3S, CA&#8217;N OLIVER"},"content":{"rendered":"<p style=\"text-align: justify;\">El 25 i 26 d&#8217;abril els nens i nenes de CI vam anar de col\u00f2nies a Ca&#8217;n Oliver a Pont\u00f3s. Vam passar uns dies fant\u00e0stics gaudint d&#8217;unes activitats sobre l&#8217;\u00c8poca Medieval. Mireu quines fotos!<\/p>\n<p><a href=\"https:\/\/photos.app.goo.gl\/dSGDVM1benbFk5oB9\" target=\"_blank\" rel=\"noopener\"><img loading=\"lazy\" decoding=\"async\" class=\"aligncenter size-large wp-image-3590\" src=\"https:\/\/agora.xtec.cat\/esc-llevantidemar\/wp-content\/uploads\/usu2024\/2022\/05\/prova-1-1024x768.jpg\" alt=\"\" width=\"1024\" height=\"768\" srcset=\"https:\/\/agora.xtec.cat\/esc-llevantidemar\/wp-content\/uploads\/usu2024\/2022\/05\/prova-1-1024x768.jpg 1024w, https:\/\/agora.xtec.cat\/esc-llevantidemar\/wp-content\/uploads\/usu2024\/2022\/05\/prova-1-300x225.jpg 300w, https:\/\/agora.xtec.cat\/esc-llevantidemar\/wp-content\/uploads\/usu2024\/2022\/05\/prova-1-768x576.jpg 768w, https:\/\/agora.xtec.cat\/esc-llevantidemar\/wp-content\/uploads\/usu2024\/2022\/05\/prova-1-1536x1152.jpg 1536w, https:\/\/agora.xtec.cat\/esc-llevantidemar\/wp-content\/uploads\/usu2024\/2022\/05\/prova-1-200x150.jpg 200w, https:\/\/agora.xtec.cat\/esc-llevantidemar\/wp-content\/uploads\/usu2024\/2022\/05\/prova-1.jpg 2016w\" sizes=\"auto, (max-width: 1024px) 100vw, 1024px\" \/><\/a><\/p>\n<p style=\"text-align: center;\">(Cliqueu damunt la imatge per accedir a l&#8217;\u00e0lbum sencer).<\/p>\n","protected":false},"excerpt":{"rendered":"<p>El 25 i 26 d&#8217;abril els nens i nenes de CI vam anar de col\u00f2nies a Ca&#8217;n Oliver a Pont\u00f3s. Vam passar uns dies fant\u00e0stics gaudint d&#8217;unes activitats sobre l&#8217;\u00c8poca Medieval. Mireu quines fotos! (Cliqueu damunt la imatge per accedir a l&#8217;\u00e0lbum sencer).<\/p>\n","protected":false},"author":3,"featured_media":0,"comment_status":"open","ping_status":"closed","sticky":false,"template":"","format":"standard","meta":{"site-sidebar-layout":"default","site-content-layout":"","ast-site-content-layout":"","site-content-style":"default","site-sidebar-style":"default","ast-global-header-display":"","ast-banner-title-visibility":"","ast-main-header-display":"","ast-hfb-above-header-display":"","ast-hfb-below-header-display":"","ast-hfb-mobile-header-display":"","site-post-title":"","ast-breadcrumbs-content":"","ast-featured-img":"","footer-sml-layout":"","theme-transparent-header-meta":"","adv-header-id-meta":"","stick-header-meta":"","header-above-stick-meta":"","header-main-stick-meta":"","header-below-stick-meta":"","astra-migrate-meta-layouts":"default","ast-page-background-enabled":"default","ast-page-background-meta":{"desktop":{"background-color":"var(--ast-global-color-4)","background-image":"","background-repeat":"repeat","background-position":"center center","background-size":"auto","background-attachment":"scroll","background-type":"","background-media":"","overlay-type":"","overlay-color":"","overlay-opacity":"","overlay-gradient":""},"tablet":{"background-color":"","background-image":"","background-repeat":"repeat","background-position":"center center","background-size":"auto","background-attachment":"scroll","background-type":"","background-media":"","overlay-type":"","overlay-color":"","overlay-opacity":"","overlay-gradient":""},"mobile":{"background-color":"","background-image":"","background-repeat":"repeat","background-position":"center center","background-size":"auto","background-attachment":"scroll","background-type":"","background-media":"","overlay-type":"","overlay-color":"","overlay-opacity":"","overlay-gradient":""}},"ast-content-background-meta":{"desktop":{"background-color":"var(--ast-global-color-5)","background-image":"","background-repeat":"repeat","background-position":"center center","background-size":"auto","background-attachment":"scroll","background-type":"","background-media":"","overlay-type":"","overlay-color":"","overlay-opacity":"","overlay-gradient":""},"tablet":{"background-color":"var(--ast-global-color-5)","background-image":"","background-repeat":"repeat","background-position":"center center","background-size":"auto","background-attachment":"scroll","background-type":"","background-media":"","overlay-type":"","overlay-color":"","overlay-opacity":"","overlay-gradient":""},"mobile":{"background-color":"var(--ast-global-color-5)","background-image":"","background-repeat":"repeat","background-position":"center center","background-size":"auto","background-attachment":"scroll","background-type":"","background-media":"","overlay-type":"","overlay-color":"","overlay-opacity":"","overlay-gradient":""}},"footnotes":""},"categories":[10,11,4,5],"tags":[],"class_list":["post-3586","post","type-post","status-publish","format-standard","hentry","category-1r","category-2n","category-portada","category-primaria"],"post_mailing_queue_ids":[],"_links":{"self":[{"href":"https:\/\/agora.xtec.cat\/esc-llevantidemar\/wp-json\/wp\/v2\/posts\/3586","targetHints":{"allow":["GET"]}}],"collection":[{"href":"https:\/\/agora.xtec.cat\/esc-llevantidemar\/wp-json\/wp\/v2\/posts"}],"about":[{"href":"https:\/\/agora.xtec.cat\/esc-llevantidemar\/wp-json\/wp\/v2\/types\/post"}],"author":[{"embeddable":true,"href":"https:\/\/agora.xtec.cat\/esc-llevantidemar\/wp-json\/wp\/v2\/users\/3"}],"replies":[{"embeddable":true,"href":"https:\/\/agora.xtec.cat\/esc-llevantidemar\/wp-json\/wp\/v2\/comments?post=3586"}],"version-history":[{"count":3,"href":"https:\/\/agora.xtec.cat\/esc-llevantidemar\/wp-json\/wp\/v2\/posts\/3586\/revisions"}],"predecessor-version":[{"id":3607,"href":"https:\/\/agora.xtec.cat\/esc-llevantidemar\/wp-json\/wp\/v2\/posts\/3586\/revisions\/3607"}],"wp:attachment":[{"href":"https:\/\/agora.xtec.cat\/esc-llevantidemar\/wp-json\/wp\/v2\/media?parent=3586"}],"wp:term":[{"taxonomy":"category","embeddable":true,"href":"https:\/\/agora.xtec.cat\/esc-llevantidemar\/wp-json\/wp\/v2\/categories?post=3586"},{"taxonomy":"post_tag","embeddable":true,"href":"https:\/\/agora.xtec.cat\/esc-llevantidemar\/wp-json\/wp\/v2\/tags?post=3586"}],"curies":[{"name":"wp","href":"https:\/\/api.w.org\/{rel}","templated":true}]}}