{"id":9857,"date":"2026-04-24T15:40:53","date_gmt":"2026-04-24T13:40:53","guid":{"rendered":"https:\/\/agora.xtec.cat\/esc-leseresdecreixell\/?p=9857"},"modified":"2026-04-24T15:45:15","modified_gmt":"2026-04-24T13:45:15","slug":"exhibicio-de-sardanes-a-lescola","status":"publish","type":"post","link":"https:\/\/agora.xtec.cat\/esc-leseresdecreixell\/general\/exhibicio-de-sardanes-a-lescola\/","title":{"rendered":"Exhibici\u00f3 de Sardanes a l&#8217;escola"},"content":{"rendered":"\n<div class=\"wp-block-getwid-video-popup has-image\"><a class=\"wp-block-getwid-video-popup__link\" href=\"https:\/\/agora.xtec.cat\/esc-leseresdecreixell\/wp-content\/uploads\/usu1046\/2026\/04\/Video-Sardanes.mp4\"><div class=\"wp-block-getwid-video-popup__wrapper\"><img loading=\"lazy\" decoding=\"async\" width=\"828\" height=\"1172\" src=\"https:\/\/agora.xtec.cat\/esc-leseresdecreixell\/wp-content\/uploads\/usu1046\/2026\/04\/WhatsApp-Image-2026-04-24-at-15.38.58.jpeg\" alt=\"\" class=\"wp-block-getwid-video-popup__image wp-block-getwid-video-popup__source wp-image-9858\" srcset=\"https:\/\/agora.xtec.cat\/esc-leseresdecreixell\/wp-content\/uploads\/usu1046\/2026\/04\/WhatsApp-Image-2026-04-24-at-15.38.58.jpeg 828w, https:\/\/agora.xtec.cat\/esc-leseresdecreixell\/wp-content\/uploads\/usu1046\/2026\/04\/WhatsApp-Image-2026-04-24-at-15.38.58-212x300.jpeg 212w, https:\/\/agora.xtec.cat\/esc-leseresdecreixell\/wp-content\/uploads\/usu1046\/2026\/04\/WhatsApp-Image-2026-04-24-at-15.38.58-723x1024.jpeg 723w, https:\/\/agora.xtec.cat\/esc-leseresdecreixell\/wp-content\/uploads\/usu1046\/2026\/04\/WhatsApp-Image-2026-04-24-at-15.38.58-768x1087.jpeg 768w\" sizes=\"auto, (max-width: 828px) 100vw, 828px\" \/><div class=\"wp-block-getwid-video-popup__button is-style-default\"><div class=\"wp-block-getwid-video-popup__icon\"><i class=\"fas fa-play\" aria-hidden=\"true\"><\/i><\/div><\/div><\/div><\/a><div class=\"wp-block-getwid-video-popup__caption\"><\/div><\/div>\n\n\n\n<div style=\"height:43px\" aria-hidden=\"true\" class=\"wp-block-spacer\"><\/div>\n\n\n\n<p>La tarda d&#8217;ahir va ser una aut\u00e8ntica celebraci\u00f3 de la cultura catalana al pati de la nostra escola. Com a cloenda d&#8217;una jornada plena de cultura, vam gaudir d&#8217;una gran ballada que va omplir el centre de m\u00fasica, rotllanes i molta alegria.<\/p>\n\n\n\n<p><strong>L&#8217;exhibici\u00f3 de 3r:  Fruit del comprom\u00eds i l&#8217;assaig<\/strong> L&#8217;alumnat de <strong>3r de Prim\u00e0ria<\/strong> va obrir l&#8217;acte amb una exhibici\u00f3 de sardanes. Aquesta mostra \u00e9s el resultat de mesos de feina, ja que des del mes de mar\u00e7 han estat assajant setmanalment amb la <strong>Maribel i el Tom\u00e0s<\/strong>, a les classes d&#8217;educaci\u00f3 f\u00edsica i m\u00fasica. Des de l&#8217;escola, volem agrair profundament la dedicaci\u00f3 d&#8217;aquests dos voluntaris, que han transm\u00e8s amb paci\u00e8ncia i passi\u00f3 el valor d&#8217;aquesta dansa als nostres nens i nenes.<\/p>\n\n\n\n<p><strong>La Sardana Curta: Un viatge als or\u00edgens<\/strong> Durant l&#8217;exhibici\u00f3, vam poder gaudir de la <strong>Sardana Curta<\/strong>. A difer\u00e8ncia de la sardana moderna o llarga que coneixem avui dia, la curta \u00e9s la forma original i m\u00e9s antiga d&#8217;aquest ball. Es caracteritza per tenir una estructura m\u00e9s breu i r\u00edtmica, mantenint l&#8217;ess\u00e8ncia tradicional de les rotllanes empordaneses del segle XIX.<\/p>\n\n\n\n<p><strong>Una escola que balla plegada<\/strong> Despr\u00e9s de l&#8217;exhibici\u00f3, els alumnes de 3r es van convertir en mestres per un dia, ensenyant els passos b\u00e0sics a la resta de companys i companyes del centre. En pocs minuts, tot el pati estava unit en grans rotllanes ballant plegats.<\/p>\n\n\n\n<p>La festa va acabar de la manera m\u00e9s espont\u00e0nia possible: la m\u00fasica va continuar i tothom es va llan\u00e7ar a ballar altres danses populars que hem apr\u00e8s durant el curs, com la <strong>Polca d&#8217;Ours<\/strong> i el <strong>Patatuf<\/strong>. Va ser un moment d&#8217;improvisaci\u00f3 col\u00b7lectiva on la diversi\u00f3 va ser la protagonista absoluta.<\/p>\n\n\n\n<p>Gr\u00e0cies a tothom per fer cr\u00e9ixer la nostra cultura!<\/p>\n","protected":false},"excerpt":{"rendered":"<p>La tarda d&#8217;ahir va ser una aut\u00e8ntica celebraci\u00f3 de la cultura catalana al pati de la nostra escola. Com a [&hellip;]<\/p>\n","protected":false},"author":26,"featured_media":9858,"comment_status":"open","ping_status":"open","sticky":false,"template":"","format":"image","meta":{"_bbp_topic_count":0,"_bbp_reply_count":0,"_bbp_total_topic_count":0,"_bbp_total_reply_count":0,"_bbp_voice_count":0,"_bbp_anonymous_reply_count":0,"_bbp_topic_count_hidden":0,"_bbp_reply_count_hidden":0,"_bbp_forum_subforum_count":0,"site-sidebar-layout":"default","site-content-layout":"","ast-site-content-layout":"default","site-content-style":"default","site-sidebar-style":"default","ast-global-header-display":"","ast-banner-title-visibility":"","ast-main-header-display":"","ast-hfb-above-header-display":"","ast-hfb-below-header-display":"","ast-hfb-mobile-header-display":"","site-post-title":"","ast-breadcrumbs-content":"","ast-featured-img":"","footer-sml-layout":"","theme-transparent-header-meta":"","adv-header-id-meta":"","stick-header-meta":"","header-above-stick-meta":"","header-main-stick-meta":"","header-below-stick-meta":"","astra-migrate-meta-layouts":"set","ast-page-background-enabled":"default","ast-page-background-meta":{"desktop":{"background-color":"var(--ast-global-color-4)","background-image":"","background-repeat":"repeat","background-position":"center center","background-size":"auto","background-attachment":"scroll","background-type":"","background-media":"","overlay-type":"","overlay-color":"","overlay-opacity":"","overlay-gradient":""},"tablet":{"background-color":"","background-image":"","background-repeat":"repeat","background-position":"center center","background-size":"auto","background-attachment":"scroll","background-type":"","background-media":"","overlay-type":"","overlay-color":"","overlay-opacity":"","overlay-gradient":""},"mobile":{"background-color":"","background-image":"","background-repeat":"repeat","background-position":"center center","background-size":"auto","background-attachment":"scroll","background-type":"","background-media":"","overlay-type":"","overlay-color":"","overlay-opacity":"","overlay-gradient":""}},"ast-content-background-meta":{"desktop":{"background-color":"var(--ast-global-color-5)","background-image":"","background-repeat":"repeat","background-position":"center center","background-size":"auto","background-attachment":"scroll","background-type":"","background-media":"","overlay-type":"","overlay-color":"","overlay-opacity":"","overlay-gradient":""},"tablet":{"background-color":"var(--ast-global-color-5)","background-image":"","background-repeat":"repeat","background-position":"center center","background-size":"auto","background-attachment":"scroll","background-type":"","background-media":"","overlay-type":"","overlay-color":"","overlay-opacity":"","overlay-gradient":""},"mobile":{"background-color":"var(--ast-global-color-5)","background-image":"","background-repeat":"repeat","background-position":"center center","background-size":"auto","background-attachment":"scroll","background-type":"","background-media":"","overlay-type":"","overlay-color":"","overlay-opacity":"","overlay-gradient":""}},"footnotes":""},"categories":[7,1,4,35],"tags":[],"class_list":["post-9857","post","type-post","status-publish","format-image","has-post-thumbnail","hentry","category-ampa","category-general","category-portada","category-sortides-i-activitats","post_format-post-format-image"],"post_mailing_queue_ids":[],"_links":{"self":[{"href":"https:\/\/agora.xtec.cat\/esc-leseresdecreixell\/wp-json\/wp\/v2\/posts\/9857","targetHints":{"allow":["GET"]}}],"collection":[{"href":"https:\/\/agora.xtec.cat\/esc-leseresdecreixell\/wp-json\/wp\/v2\/posts"}],"about":[{"href":"https:\/\/agora.xtec.cat\/esc-leseresdecreixell\/wp-json\/wp\/v2\/types\/post"}],"author":[{"embeddable":true,"href":"https:\/\/agora.xtec.cat\/esc-leseresdecreixell\/wp-json\/wp\/v2\/users\/26"}],"replies":[{"embeddable":true,"href":"https:\/\/agora.xtec.cat\/esc-leseresdecreixell\/wp-json\/wp\/v2\/comments?post=9857"}],"version-history":[{"count":3,"href":"https:\/\/agora.xtec.cat\/esc-leseresdecreixell\/wp-json\/wp\/v2\/posts\/9857\/revisions"}],"predecessor-version":[{"id":9862,"href":"https:\/\/agora.xtec.cat\/esc-leseresdecreixell\/wp-json\/wp\/v2\/posts\/9857\/revisions\/9862"}],"wp:featuredmedia":[{"embeddable":true,"href":"https:\/\/agora.xtec.cat\/esc-leseresdecreixell\/wp-json\/wp\/v2\/media\/9858"}],"wp:attachment":[{"href":"https:\/\/agora.xtec.cat\/esc-leseresdecreixell\/wp-json\/wp\/v2\/media?parent=9857"}],"wp:term":[{"taxonomy":"category","embeddable":true,"href":"https:\/\/agora.xtec.cat\/esc-leseresdecreixell\/wp-json\/wp\/v2\/categories?post=9857"},{"taxonomy":"post_tag","embeddable":true,"href":"https:\/\/agora.xtec.cat\/esc-leseresdecreixell\/wp-json\/wp\/v2\/tags?post=9857"}],"curies":[{"name":"wp","href":"https:\/\/api.w.org\/{rel}","templated":true}]}}