{"id":9828,"date":"2026-04-15T14:51:41","date_gmt":"2026-04-15T12:51:41","guid":{"rendered":"https:\/\/agora.xtec.cat\/esc-leseresdecreixell\/?p=9828"},"modified":"2026-04-15T14:54:56","modified_gmt":"2026-04-15T12:54:56","slug":"9828","status":"publish","type":"post","link":"https:\/\/agora.xtec.cat\/esc-leseresdecreixell\/general\/9828\/","title":{"rendered":"La poesia pren vida a l&#8217;aula audiovisual amb els alumnes de 2n"},"content":{"rendered":"\n<figure class=\"wp-block-embed is-type-video is-provider-youtube wp-block-embed-youtube wp-embed-aspect-16-9 wp-has-aspect-ratio\"><div class=\"wp-block-embed__wrapper\">\n<div class=\"ast-oembed-container \" style=\"height: 100%;\"><iframe loading=\"lazy\" title=\"LA PRIMAVERA 2n\" width=\"500\" height=\"281\" src=\"https:\/\/www.youtube.com\/embed\/HgO3WfdOx-k?feature=oembed\" frameborder=\"0\" allow=\"accelerometer; autoplay; clipboard-write; encrypted-media; gyroscope; picture-in-picture; web-share\" referrerpolicy=\"strict-origin-when-cross-origin\" allowfullscreen><\/iframe><\/div>\n<\/div><\/figure>\n\n\n\n<div style=\"height:43px\" aria-hidden=\"true\" class=\"wp-block-spacer\"><\/div>\n\n\n\n<p>Amb l\u2019arribada del bon temps, els nens i nenes de <strong>2n de Prim\u00e0ria<\/strong> han volgut celebrar la natura a trav\u00e9s de les paraules. En una activitat que combina la llengua, la literatura i la tecnologia, alguns alumnes han interpretat el poema <strong>&#8220;La primavera&#8221;<\/strong>, de l&#8217;escriptor <strong>Ramon Besora<\/strong>.<\/p>\n\n\n\n<h3 class=\"wp-block-heading\">\ud83c\udfac Tecnologia al servei de la cultura<\/h3>\n\n\n\n<p>Per fer aquesta recitaci\u00f3 encara m\u00e9s especial, ens hem despla\u00e7at a l&#8217;<strong>aula audiovisual<\/strong> de l&#8217;escola. Els i les alumnes s&#8217;han convertit en aut\u00e8ntics professionals de la comunicaci\u00f3 utilitzant:<\/p>\n\n\n\n<ul class=\"wp-block-list\">\n<li><strong>El Chroma:<\/strong> Gr\u00e0cies a la pantalla verda, hem pogut transportar els nostres rapsodes a escenaris primaverals plens de colors i flors, creant una atmosfera m\u00e0gica que acompanya els versos de Besora.<\/li>\n\n\n\n<li><strong>Micr\u00f2fons sense fils:<\/strong> L&#8217;\u00fas de microfonia d&#8217;alta qualitat ha perm\u00e8s que la dicci\u00f3 i l&#8217;expressivitat dels nens i nenes es capt\u00e9s amb total claredat, treballant aix\u00ed la confian\u00e7a en l&#8217;expressi\u00f3 oral.<\/li>\n<\/ul>\n\n\n\n<h3 class=\"wp-block-heading\">M\u00e9s que una lectura<\/h3>\n\n\n\n<p>Aquesta activitat no ha estat nom\u00e9s una gravaci\u00f3; ha estat una oportunitat per treballar el ritme, l&#8217;entonaci\u00f3 i la memoritzaci\u00f3 d&#8217;una de les obres m\u00e9s dolces de la nostra literatura infantil. Veure els alumnes moure&#8217;s amb tanta naturalitat entre c\u00e0meres i micr\u00f2fons ens demostra com la tecnologia pot ser una aliada fant\u00e0stica per potenciar la creativitat.<\/p>\n","protected":false},"excerpt":{"rendered":"<p>Amb l\u2019arribada del bon temps, els nens i nenes de 2n de Prim\u00e0ria han volgut celebrar la natura a trav\u00e9s [&hellip;]<\/p>\n","protected":false},"author":26,"featured_media":9830,"comment_status":"open","ping_status":"open","sticky":false,"template":"","format":"image","meta":{"_bbp_topic_count":0,"_bbp_reply_count":0,"_bbp_total_topic_count":0,"_bbp_total_reply_count":0,"_bbp_voice_count":0,"_bbp_anonymous_reply_count":0,"_bbp_topic_count_hidden":0,"_bbp_reply_count_hidden":0,"_bbp_forum_subforum_count":0,"site-sidebar-layout":"default","site-content-layout":"","ast-site-content-layout":"default","site-content-style":"default","site-sidebar-style":"default","ast-global-header-display":"","ast-banner-title-visibility":"","ast-main-header-display":"","ast-hfb-above-header-display":"","ast-hfb-below-header-display":"","ast-hfb-mobile-header-display":"","site-post-title":"","ast-breadcrumbs-content":"","ast-featured-img":"","footer-sml-layout":"","theme-transparent-header-meta":"","adv-header-id-meta":"","stick-header-meta":"","header-above-stick-meta":"","header-main-stick-meta":"","header-below-stick-meta":"","astra-migrate-meta-layouts":"set","ast-page-background-enabled":"default","ast-page-background-meta":{"desktop":{"background-color":"var(--ast-global-color-4)","background-image":"","background-repeat":"repeat","background-position":"center center","background-size":"auto","background-attachment":"scroll","background-type":"","background-media":"","overlay-type":"","overlay-color":"","overlay-opacity":"","overlay-gradient":""},"tablet":{"background-color":"","background-image":"","background-repeat":"repeat","background-position":"center center","background-size":"auto","background-attachment":"scroll","background-type":"","background-media":"","overlay-type":"","overlay-color":"","overlay-opacity":"","overlay-gradient":""},"mobile":{"background-color":"","background-image":"","background-repeat":"repeat","background-position":"center center","background-size":"auto","background-attachment":"scroll","background-type":"","background-media":"","overlay-type":"","overlay-color":"","overlay-opacity":"","overlay-gradient":""}},"ast-content-background-meta":{"desktop":{"background-color":"var(--ast-global-color-5)","background-image":"","background-repeat":"repeat","background-position":"center center","background-size":"auto","background-attachment":"scroll","background-type":"","background-media":"","overlay-type":"","overlay-color":"","overlay-opacity":"","overlay-gradient":""},"tablet":{"background-color":"var(--ast-global-color-5)","background-image":"","background-repeat":"repeat","background-position":"center center","background-size":"auto","background-attachment":"scroll","background-type":"","background-media":"","overlay-type":"","overlay-color":"","overlay-opacity":"","overlay-gradient":""},"mobile":{"background-color":"var(--ast-global-color-5)","background-image":"","background-repeat":"repeat","background-position":"center center","background-size":"auto","background-attachment":"scroll","background-type":"","background-media":"","overlay-type":"","overlay-color":"","overlay-opacity":"","overlay-gradient":""}},"footnotes":""},"categories":[11,1,4],"tags":[],"class_list":["post-9828","post","type-post","status-publish","format-image","has-post-thumbnail","hentry","category-2n","category-general","category-portada","post_format-post-format-image"],"post_mailing_queue_ids":[],"_links":{"self":[{"href":"https:\/\/agora.xtec.cat\/esc-leseresdecreixell\/wp-json\/wp\/v2\/posts\/9828","targetHints":{"allow":["GET"]}}],"collection":[{"href":"https:\/\/agora.xtec.cat\/esc-leseresdecreixell\/wp-json\/wp\/v2\/posts"}],"about":[{"href":"https:\/\/agora.xtec.cat\/esc-leseresdecreixell\/wp-json\/wp\/v2\/types\/post"}],"author":[{"embeddable":true,"href":"https:\/\/agora.xtec.cat\/esc-leseresdecreixell\/wp-json\/wp\/v2\/users\/26"}],"replies":[{"embeddable":true,"href":"https:\/\/agora.xtec.cat\/esc-leseresdecreixell\/wp-json\/wp\/v2\/comments?post=9828"}],"version-history":[{"count":3,"href":"https:\/\/agora.xtec.cat\/esc-leseresdecreixell\/wp-json\/wp\/v2\/posts\/9828\/revisions"}],"predecessor-version":[{"id":9833,"href":"https:\/\/agora.xtec.cat\/esc-leseresdecreixell\/wp-json\/wp\/v2\/posts\/9828\/revisions\/9833"}],"wp:featuredmedia":[{"embeddable":true,"href":"https:\/\/agora.xtec.cat\/esc-leseresdecreixell\/wp-json\/wp\/v2\/media\/9830"}],"wp:attachment":[{"href":"https:\/\/agora.xtec.cat\/esc-leseresdecreixell\/wp-json\/wp\/v2\/media?parent=9828"}],"wp:term":[{"taxonomy":"category","embeddable":true,"href":"https:\/\/agora.xtec.cat\/esc-leseresdecreixell\/wp-json\/wp\/v2\/categories?post=9828"},{"taxonomy":"post_tag","embeddable":true,"href":"https:\/\/agora.xtec.cat\/esc-leseresdecreixell\/wp-json\/wp\/v2\/tags?post=9828"}],"curies":[{"name":"wp","href":"https:\/\/api.w.org\/{rel}","templated":true}]}}