{"id":9792,"date":"2026-04-10T09:22:01","date_gmt":"2026-04-10T07:22:01","guid":{"rendered":"https:\/\/agora.xtec.cat\/esc-leseresdecreixell\/?p=9792"},"modified":"2026-04-10T09:22:02","modified_gmt":"2026-04-10T07:22:02","slug":"el-cicle-superior-viatja-a-la-prehistoria-al-museu-arqueologic-de-reus","status":"publish","type":"post","link":"https:\/\/agora.xtec.cat\/esc-leseresdecreixell\/portada\/el-cicle-superior-viatja-a-la-prehistoria-al-museu-arqueologic-de-reus\/","title":{"rendered":"El Cicle Superior viatja a la Prehist\u00f2ria al Museu Arqueol\u00f2gic de Reus"},"content":{"rendered":"\n<figure class=\"wp-block-gallery has-nested-images columns-default is-cropped wp-block-gallery-1 is-layout-flex wp-block-gallery-is-layout-flex\">\n<figure class=\"wp-block-image size-large\"><img loading=\"lazy\" decoding=\"async\" width=\"768\" height=\"1024\" data-id=\"9793\" src=\"https:\/\/agora.xtec.cat\/esc-leseresdecreixell\/wp-content\/uploads\/usu1046\/2026\/04\/WhatsApp-Image-2026-04-09-at-17.42.55-1-768x1024.jpeg\" alt=\"\" class=\"wp-image-9793\" srcset=\"https:\/\/agora.xtec.cat\/esc-leseresdecreixell\/wp-content\/uploads\/usu1046\/2026\/04\/WhatsApp-Image-2026-04-09-at-17.42.55-1-768x1024.jpeg 768w, https:\/\/agora.xtec.cat\/esc-leseresdecreixell\/wp-content\/uploads\/usu1046\/2026\/04\/WhatsApp-Image-2026-04-09-at-17.42.55-1-225x300.jpeg 225w, https:\/\/agora.xtec.cat\/esc-leseresdecreixell\/wp-content\/uploads\/usu1046\/2026\/04\/WhatsApp-Image-2026-04-09-at-17.42.55-1-1152x1536.jpeg 1152w, https:\/\/agora.xtec.cat\/esc-leseresdecreixell\/wp-content\/uploads\/usu1046\/2026\/04\/WhatsApp-Image-2026-04-09-at-17.42.55-1.jpeg 1536w\" sizes=\"auto, (max-width: 768px) 100vw, 768px\" \/><\/figure>\n\n\n\n<figure class=\"wp-block-image size-large\"><img loading=\"lazy\" decoding=\"async\" width=\"768\" height=\"1024\" data-id=\"9796\" src=\"https:\/\/agora.xtec.cat\/esc-leseresdecreixell\/wp-content\/uploads\/usu1046\/2026\/04\/WhatsApp-Image-2026-04-09-at-17.42.55-768x1024.jpeg\" alt=\"\" class=\"wp-image-9796\" srcset=\"https:\/\/agora.xtec.cat\/esc-leseresdecreixell\/wp-content\/uploads\/usu1046\/2026\/04\/WhatsApp-Image-2026-04-09-at-17.42.55-768x1024.jpeg 768w, https:\/\/agora.xtec.cat\/esc-leseresdecreixell\/wp-content\/uploads\/usu1046\/2026\/04\/WhatsApp-Image-2026-04-09-at-17.42.55-225x300.jpeg 225w, https:\/\/agora.xtec.cat\/esc-leseresdecreixell\/wp-content\/uploads\/usu1046\/2026\/04\/WhatsApp-Image-2026-04-09-at-17.42.55-1152x1536.jpeg 1152w, https:\/\/agora.xtec.cat\/esc-leseresdecreixell\/wp-content\/uploads\/usu1046\/2026\/04\/WhatsApp-Image-2026-04-09-at-17.42.55.jpeg 1536w\" sizes=\"auto, (max-width: 768px) 100vw, 768px\" \/><\/figure>\n\n\n\n<figure class=\"wp-block-image size-large\"><img loading=\"lazy\" decoding=\"async\" width=\"1024\" height=\"703\" data-id=\"9795\" src=\"https:\/\/agora.xtec.cat\/esc-leseresdecreixell\/wp-content\/uploads\/usu1046\/2026\/04\/WhatsApp-Image-2026-04-09-at-17.42.54-3-1024x703.jpeg\" alt=\"\" class=\"wp-image-9795\" srcset=\"https:\/\/agora.xtec.cat\/esc-leseresdecreixell\/wp-content\/uploads\/usu1046\/2026\/04\/WhatsApp-Image-2026-04-09-at-17.42.54-3-1024x703.jpeg 1024w, https:\/\/agora.xtec.cat\/esc-leseresdecreixell\/wp-content\/uploads\/usu1046\/2026\/04\/WhatsApp-Image-2026-04-09-at-17.42.54-3-300x206.jpeg 300w, https:\/\/agora.xtec.cat\/esc-leseresdecreixell\/wp-content\/uploads\/usu1046\/2026\/04\/WhatsApp-Image-2026-04-09-at-17.42.54-3-768x527.jpeg 768w, https:\/\/agora.xtec.cat\/esc-leseresdecreixell\/wp-content\/uploads\/usu1046\/2026\/04\/WhatsApp-Image-2026-04-09-at-17.42.54-3-1536x1054.jpeg 1536w, https:\/\/agora.xtec.cat\/esc-leseresdecreixell\/wp-content\/uploads\/usu1046\/2026\/04\/WhatsApp-Image-2026-04-09-at-17.42.54-3.jpeg 2048w\" sizes=\"auto, (max-width: 1024px) 100vw, 1024px\" \/><\/figure>\n\n\n\n<figure class=\"wp-block-image size-large\"><img loading=\"lazy\" decoding=\"async\" width=\"768\" height=\"1024\" data-id=\"9798\" src=\"https:\/\/agora.xtec.cat\/esc-leseresdecreixell\/wp-content\/uploads\/usu1046\/2026\/04\/WhatsApp-Image-2026-04-09-at-17.42.54-2-768x1024.jpeg\" alt=\"\" class=\"wp-image-9798\" srcset=\"https:\/\/agora.xtec.cat\/esc-leseresdecreixell\/wp-content\/uploads\/usu1046\/2026\/04\/WhatsApp-Image-2026-04-09-at-17.42.54-2-768x1024.jpeg 768w, https:\/\/agora.xtec.cat\/esc-leseresdecreixell\/wp-content\/uploads\/usu1046\/2026\/04\/WhatsApp-Image-2026-04-09-at-17.42.54-2-225x300.jpeg 225w, https:\/\/agora.xtec.cat\/esc-leseresdecreixell\/wp-content\/uploads\/usu1046\/2026\/04\/WhatsApp-Image-2026-04-09-at-17.42.54-2-1152x1536.jpeg 1152w, https:\/\/agora.xtec.cat\/esc-leseresdecreixell\/wp-content\/uploads\/usu1046\/2026\/04\/WhatsApp-Image-2026-04-09-at-17.42.54-2.jpeg 1536w\" sizes=\"auto, (max-width: 768px) 100vw, 768px\" \/><\/figure>\n\n\n\n<figure class=\"wp-block-image size-large\"><img loading=\"lazy\" decoding=\"async\" width=\"768\" height=\"1024\" data-id=\"9794\" src=\"https:\/\/agora.xtec.cat\/esc-leseresdecreixell\/wp-content\/uploads\/usu1046\/2026\/04\/WhatsApp-Image-2026-04-09-at-17.42.54-1-768x1024.jpeg\" alt=\"\" class=\"wp-image-9794\" srcset=\"https:\/\/agora.xtec.cat\/esc-leseresdecreixell\/wp-content\/uploads\/usu1046\/2026\/04\/WhatsApp-Image-2026-04-09-at-17.42.54-1-768x1024.jpeg 768w, https:\/\/agora.xtec.cat\/esc-leseresdecreixell\/wp-content\/uploads\/usu1046\/2026\/04\/WhatsApp-Image-2026-04-09-at-17.42.54-1-225x300.jpeg 225w, https:\/\/agora.xtec.cat\/esc-leseresdecreixell\/wp-content\/uploads\/usu1046\/2026\/04\/WhatsApp-Image-2026-04-09-at-17.42.54-1-1152x1536.jpeg 1152w, https:\/\/agora.xtec.cat\/esc-leseresdecreixell\/wp-content\/uploads\/usu1046\/2026\/04\/WhatsApp-Image-2026-04-09-at-17.42.54-1.jpeg 1536w\" sizes=\"auto, (max-width: 768px) 100vw, 768px\" \/><\/figure>\n\n\n\n<figure class=\"wp-block-image size-large\"><img loading=\"lazy\" decoding=\"async\" width=\"768\" height=\"1024\" data-id=\"9797\" src=\"https:\/\/agora.xtec.cat\/esc-leseresdecreixell\/wp-content\/uploads\/usu1046\/2026\/04\/WhatsApp-Image-2026-04-09-at-17.42.54-768x1024.jpeg\" alt=\"\" class=\"wp-image-9797\" srcset=\"https:\/\/agora.xtec.cat\/esc-leseresdecreixell\/wp-content\/uploads\/usu1046\/2026\/04\/WhatsApp-Image-2026-04-09-at-17.42.54-768x1024.jpeg 768w, https:\/\/agora.xtec.cat\/esc-leseresdecreixell\/wp-content\/uploads\/usu1046\/2026\/04\/WhatsApp-Image-2026-04-09-at-17.42.54-225x300.jpeg 225w, https:\/\/agora.xtec.cat\/esc-leseresdecreixell\/wp-content\/uploads\/usu1046\/2026\/04\/WhatsApp-Image-2026-04-09-at-17.42.54-1152x1536.jpeg 1152w, https:\/\/agora.xtec.cat\/esc-leseresdecreixell\/wp-content\/uploads\/usu1046\/2026\/04\/WhatsApp-Image-2026-04-09-at-17.42.54.jpeg 1536w\" sizes=\"auto, (max-width: 768px) 100vw, 768px\" \/><\/figure>\n<\/figure>\n\n\n\n<div style=\"height:74px\" aria-hidden=\"true\" class=\"wp-block-spacer\"><\/div>\n\n\n\n<p>El passat <strong>26 de mar\u00e7<\/strong>, els i les alumnes de <strong>Cicle Superior<\/strong> (5\u00e8 i 6\u00e8) van gaudir d&#8217;una jornada plena de descobriments i conviv\u00e8ncia a la ciutat de Reus. El fil conductor de la sortida va ser un viatge en el temps per con\u00e8ixer de prop els nostres avantpassats.<\/p>\n\n\n\n<h3 class=\"wp-block-heading\">Investigadors i investigadores del passat<\/h3>\n\n\n\n<p>L&#8217;activitat central va tenir lloc al <strong>Museu Arqueol\u00f2gic de Reus<\/strong>, on l&#8217;alumnat va participar en un taller din\u00e0mic sobre la <strong>Prehist\u00f2ria<\/strong>. A trav\u00e9s de l&#8217;observaci\u00f3 de restes arqueol\u00f2giques i de diversos jocs did\u00e0ctics, els nois i noies van poder entendre millor com vivien, com ca\u00e7aven i com s&#8217;organitzaven els primers \u00e9ssers humans. \ud83e\uddb4\ud83d\uddff<\/p>\n\n\n\n<p>Aquesta experi\u00e8ncia ha perm\u00e8s refor\u00e7ar de manera pr\u00e0ctica i visual els continguts que estem treballant a l&#8217;\u00e0rea de Coneixement del Medi.<\/p>\n\n\n\n<h3 class=\"wp-block-heading\">Esbarjo al Parc de Sant Jordi<\/h3>\n\n\n\n<p>Despr\u00e9s de la immersi\u00f3 hist\u00f2rica, el grup es va despla\u00e7ar al <strong>Parc de Sant Jordi<\/strong>. En aquest entorn verd de la ciutat, vam aprofitar per dinar plegats i gaudir d&#8217;una bona estona de joc lliure i descans sota el sol. \u2600\ufe0f\ud83c\udf33<\/p>\n\n\n\n<p>Ha estat una sortida molt completa on hem combinat l&#8217;aprenentatge cultural amb la diversi\u00f3 i la cohesi\u00f3 de grup. Tornem amb la motxilla plena de nous coneixements i an\u00e8cdotes compartides!<\/p>\n","protected":false},"excerpt":{"rendered":"<p>El passat 26 de mar\u00e7, els i les alumnes de Cicle Superior (5\u00e8 i 6\u00e8) van gaudir d&#8217;una jornada plena [&hellip;]<\/p>\n","protected":false},"author":26,"featured_media":9798,"comment_status":"open","ping_status":"open","sticky":false,"template":"","format":"image","meta":{"_bbp_topic_count":0,"_bbp_reply_count":0,"_bbp_total_topic_count":0,"_bbp_total_reply_count":0,"_bbp_voice_count":0,"_bbp_anonymous_reply_count":0,"_bbp_topic_count_hidden":0,"_bbp_reply_count_hidden":0,"_bbp_forum_subforum_count":0,"site-sidebar-layout":"default","site-content-layout":"","ast-site-content-layout":"default","site-content-style":"default","site-sidebar-style":"default","ast-global-header-display":"","ast-banner-title-visibility":"","ast-main-header-display":"","ast-hfb-above-header-display":"","ast-hfb-below-header-display":"","ast-hfb-mobile-header-display":"","site-post-title":"","ast-breadcrumbs-content":"","ast-featured-img":"","footer-sml-layout":"","theme-transparent-header-meta":"","adv-header-id-meta":"","stick-header-meta":"","header-above-stick-meta":"","header-main-stick-meta":"","header-below-stick-meta":"","astra-migrate-meta-layouts":"set","ast-page-background-enabled":"default","ast-page-background-meta":{"desktop":{"background-color":"var(--ast-global-color-4)","background-image":"","background-repeat":"repeat","background-position":"center center","background-size":"auto","background-attachment":"scroll","background-type":"","background-media":"","overlay-type":"","overlay-color":"","overlay-opacity":"","overlay-gradient":""},"tablet":{"background-color":"","background-image":"","background-repeat":"repeat","background-position":"center center","background-size":"auto","background-attachment":"scroll","background-type":"","background-media":"","overlay-type":"","overlay-color":"","overlay-opacity":"","overlay-gradient":""},"mobile":{"background-color":"","background-image":"","background-repeat":"repeat","background-position":"center center","background-size":"auto","background-attachment":"scroll","background-type":"","background-media":"","overlay-type":"","overlay-color":"","overlay-opacity":"","overlay-gradient":""}},"ast-content-background-meta":{"desktop":{"background-color":"var(--ast-global-color-5)","background-image":"","background-repeat":"repeat","background-position":"center center","background-size":"auto","background-attachment":"scroll","background-type":"","background-media":"","overlay-type":"","overlay-color":"","overlay-opacity":"","overlay-gradient":""},"tablet":{"background-color":"var(--ast-global-color-5)","background-image":"","background-repeat":"repeat","background-position":"center center","background-size":"auto","background-attachment":"scroll","background-type":"","background-media":"","overlay-type":"","overlay-color":"","overlay-opacity":"","overlay-gradient":""},"mobile":{"background-color":"var(--ast-global-color-5)","background-image":"","background-repeat":"repeat","background-position":"center center","background-size":"auto","background-attachment":"scroll","background-type":"","background-media":"","overlay-type":"","overlay-color":"","overlay-opacity":"","overlay-gradient":""}},"footnotes":""},"categories":[14,15,4,35],"tags":[],"class_list":["post-9792","post","type-post","status-publish","format-image","has-post-thumbnail","hentry","category-5e","category-6e","category-portada","category-sortides-i-activitats","post_format-post-format-image"],"post_mailing_queue_ids":[],"_links":{"self":[{"href":"https:\/\/agora.xtec.cat\/esc-leseresdecreixell\/wp-json\/wp\/v2\/posts\/9792","targetHints":{"allow":["GET"]}}],"collection":[{"href":"https:\/\/agora.xtec.cat\/esc-leseresdecreixell\/wp-json\/wp\/v2\/posts"}],"about":[{"href":"https:\/\/agora.xtec.cat\/esc-leseresdecreixell\/wp-json\/wp\/v2\/types\/post"}],"author":[{"embeddable":true,"href":"https:\/\/agora.xtec.cat\/esc-leseresdecreixell\/wp-json\/wp\/v2\/users\/26"}],"replies":[{"embeddable":true,"href":"https:\/\/agora.xtec.cat\/esc-leseresdecreixell\/wp-json\/wp\/v2\/comments?post=9792"}],"version-history":[{"count":1,"href":"https:\/\/agora.xtec.cat\/esc-leseresdecreixell\/wp-json\/wp\/v2\/posts\/9792\/revisions"}],"predecessor-version":[{"id":9800,"href":"https:\/\/agora.xtec.cat\/esc-leseresdecreixell\/wp-json\/wp\/v2\/posts\/9792\/revisions\/9800"}],"wp:featuredmedia":[{"embeddable":true,"href":"https:\/\/agora.xtec.cat\/esc-leseresdecreixell\/wp-json\/wp\/v2\/media\/9798"}],"wp:attachment":[{"href":"https:\/\/agora.xtec.cat\/esc-leseresdecreixell\/wp-json\/wp\/v2\/media?parent=9792"}],"wp:term":[{"taxonomy":"category","embeddable":true,"href":"https:\/\/agora.xtec.cat\/esc-leseresdecreixell\/wp-json\/wp\/v2\/categories?post=9792"},{"taxonomy":"post_tag","embeddable":true,"href":"https:\/\/agora.xtec.cat\/esc-leseresdecreixell\/wp-json\/wp\/v2\/tags?post=9792"}],"curies":[{"name":"wp","href":"https:\/\/api.w.org\/{rel}","templated":true}]}}