{"id":8489,"date":"2024-05-09T10:43:11","date_gmt":"2024-05-09T08:43:11","guid":{"rendered":"https:\/\/agora.xtec.cat\/esc-leseresdecreixell\/?p=8489"},"modified":"2024-05-09T10:43:11","modified_gmt":"2024-05-09T08:43:11","slug":"festa-de-lampa-de-sant-jordi","status":"publish","type":"post","link":"https:\/\/agora.xtec.cat\/esc-leseresdecreixell\/general\/festa-de-lampa-de-sant-jordi\/","title":{"rendered":"Festa de l&#8217;AMPA de Sant Jordi"},"content":{"rendered":"<p>El 23 d&#8217;abril, a la sortida de l\u2019escola, l\u2019AMPA va organitzar uns tallers de Sant Jordi amb berenar, manualitats i paradeta de roses i llibres. Va ser tot un \u00e8xit amb molta participaci\u00f3 de les fam\u00edlies. Gr\u00e0cies a tothom per venir i col\u2022laborar. Els diners recaptats seran utilitzats per reformar els patis de l&#8217;escola.<\/p>\n<div id='gallery-1' class='gallery galleryid-8489 gallery-columns-4 gallery-size-medium'><figure class='gallery-item'>\n\t\t\t<div class='gallery-icon landscape'>\n\t\t\t\t<a href='https:\/\/agora.xtec.cat\/esc-leseresdecreixell\/general\/festa-de-lampa-de-sant-jordi\/attachment\/whatsapp-image-2024-05-09-at-10-38-41\/'><img loading=\"lazy\" decoding=\"async\" width=\"300\" height=\"300\" src=\"https:\/\/agora.xtec.cat\/esc-leseresdecreixell\/wp-content\/uploads\/usu1046\/2024\/05\/WhatsApp-Image-2024-05-09-at-10.38.41-300x300.jpeg\" class=\"attachment-medium size-medium\" alt=\"\" srcset=\"https:\/\/agora.xtec.cat\/esc-leseresdecreixell\/wp-content\/uploads\/usu1046\/2024\/05\/WhatsApp-Image-2024-05-09-at-10.38.41-300x300.jpeg 300w, https:\/\/agora.xtec.cat\/esc-leseresdecreixell\/wp-content\/uploads\/usu1046\/2024\/05\/WhatsApp-Image-2024-05-09-at-10.38.41-1024x1024.jpeg 1024w, https:\/\/agora.xtec.cat\/esc-leseresdecreixell\/wp-content\/uploads\/usu1046\/2024\/05\/WhatsApp-Image-2024-05-09-at-10.38.41-150x150.jpeg 150w, https:\/\/agora.xtec.cat\/esc-leseresdecreixell\/wp-content\/uploads\/usu1046\/2024\/05\/WhatsApp-Image-2024-05-09-at-10.38.41-768x768.jpeg 768w, https:\/\/agora.xtec.cat\/esc-leseresdecreixell\/wp-content\/uploads\/usu1046\/2024\/05\/WhatsApp-Image-2024-05-09-at-10.38.41.jpeg 1440w\" sizes=\"auto, (max-width: 300px) 100vw, 300px\" \/><\/a>\n\t\t\t<\/div><\/figure><figure class='gallery-item'>\n\t\t\t<div class='gallery-icon landscape'>\n\t\t\t\t<a href='https:\/\/agora.xtec.cat\/esc-leseresdecreixell\/general\/festa-de-lampa-de-sant-jordi\/attachment\/whatsapp-image-2024-05-09-at-10-38-41-1\/'><img loading=\"lazy\" decoding=\"async\" width=\"300\" height=\"300\" src=\"https:\/\/agora.xtec.cat\/esc-leseresdecreixell\/wp-content\/uploads\/usu1046\/2024\/05\/WhatsApp-Image-2024-05-09-at-10.38.41-1-300x300.jpeg\" class=\"attachment-medium size-medium\" alt=\"\" srcset=\"https:\/\/agora.xtec.cat\/esc-leseresdecreixell\/wp-content\/uploads\/usu1046\/2024\/05\/WhatsApp-Image-2024-05-09-at-10.38.41-1-300x300.jpeg 300w, https:\/\/agora.xtec.cat\/esc-leseresdecreixell\/wp-content\/uploads\/usu1046\/2024\/05\/WhatsApp-Image-2024-05-09-at-10.38.41-1-1024x1024.jpeg 1024w, https:\/\/agora.xtec.cat\/esc-leseresdecreixell\/wp-content\/uploads\/usu1046\/2024\/05\/WhatsApp-Image-2024-05-09-at-10.38.41-1-150x150.jpeg 150w, https:\/\/agora.xtec.cat\/esc-leseresdecreixell\/wp-content\/uploads\/usu1046\/2024\/05\/WhatsApp-Image-2024-05-09-at-10.38.41-1-768x767.jpeg 768w, https:\/\/agora.xtec.cat\/esc-leseresdecreixell\/wp-content\/uploads\/usu1046\/2024\/05\/WhatsApp-Image-2024-05-09-at-10.38.41-1.jpeg 1440w\" sizes=\"auto, (max-width: 300px) 100vw, 300px\" \/><\/a>\n\t\t\t<\/div><\/figure><figure class='gallery-item'>\n\t\t\t<div class='gallery-icon landscape'>\n\t\t\t\t<a href='https:\/\/agora.xtec.cat\/esc-leseresdecreixell\/general\/festa-de-lampa-de-sant-jordi\/attachment\/whatsapp-image-2024-05-09-at-10-38-41-2\/'><img loading=\"lazy\" decoding=\"async\" width=\"300\" height=\"300\" src=\"https:\/\/agora.xtec.cat\/esc-leseresdecreixell\/wp-content\/uploads\/usu1046\/2024\/05\/WhatsApp-Image-2024-05-09-at-10.38.41-2-300x300.jpeg\" class=\"attachment-medium size-medium\" alt=\"\" srcset=\"https:\/\/agora.xtec.cat\/esc-leseresdecreixell\/wp-content\/uploads\/usu1046\/2024\/05\/WhatsApp-Image-2024-05-09-at-10.38.41-2-300x300.jpeg 300w, https:\/\/agora.xtec.cat\/esc-leseresdecreixell\/wp-content\/uploads\/usu1046\/2024\/05\/WhatsApp-Image-2024-05-09-at-10.38.41-2-1024x1024.jpeg 1024w, https:\/\/agora.xtec.cat\/esc-leseresdecreixell\/wp-content\/uploads\/usu1046\/2024\/05\/WhatsApp-Image-2024-05-09-at-10.38.41-2-150x150.jpeg 150w, https:\/\/agora.xtec.cat\/esc-leseresdecreixell\/wp-content\/uploads\/usu1046\/2024\/05\/WhatsApp-Image-2024-05-09-at-10.38.41-2-768x767.jpeg 768w, https:\/\/agora.xtec.cat\/esc-leseresdecreixell\/wp-content\/uploads\/usu1046\/2024\/05\/WhatsApp-Image-2024-05-09-at-10.38.41-2.jpeg 1440w\" sizes=\"auto, (max-width: 300px) 100vw, 300px\" \/><\/a>\n\t\t\t<\/div><\/figure><figure class='gallery-item'>\n\t\t\t<div class='gallery-icon landscape'>\n\t\t\t\t<a href='https:\/\/agora.xtec.cat\/esc-leseresdecreixell\/general\/festa-de-lampa-de-sant-jordi\/attachment\/whatsapp-image-2024-05-09-at-10-38-41-3\/'><img loading=\"lazy\" decoding=\"async\" width=\"300\" height=\"300\" src=\"https:\/\/agora.xtec.cat\/esc-leseresdecreixell\/wp-content\/uploads\/usu1046\/2024\/05\/WhatsApp-Image-2024-05-09-at-10.38.41-3-300x300.jpeg\" class=\"attachment-medium size-medium\" alt=\"\" srcset=\"https:\/\/agora.xtec.cat\/esc-leseresdecreixell\/wp-content\/uploads\/usu1046\/2024\/05\/WhatsApp-Image-2024-05-09-at-10.38.41-3-300x300.jpeg 300w, https:\/\/agora.xtec.cat\/esc-leseresdecreixell\/wp-content\/uploads\/usu1046\/2024\/05\/WhatsApp-Image-2024-05-09-at-10.38.41-3-1024x1024.jpeg 1024w, https:\/\/agora.xtec.cat\/esc-leseresdecreixell\/wp-content\/uploads\/usu1046\/2024\/05\/WhatsApp-Image-2024-05-09-at-10.38.41-3-150x150.jpeg 150w, https:\/\/agora.xtec.cat\/esc-leseresdecreixell\/wp-content\/uploads\/usu1046\/2024\/05\/WhatsApp-Image-2024-05-09-at-10.38.41-3-768x768.jpeg 768w, https:\/\/agora.xtec.cat\/esc-leseresdecreixell\/wp-content\/uploads\/usu1046\/2024\/05\/WhatsApp-Image-2024-05-09-at-10.38.41-3.jpeg 1440w\" sizes=\"auto, (max-width: 300px) 100vw, 300px\" \/><\/a>\n\t\t\t<\/div><\/figure><figure class='gallery-item'>\n\t\t\t<div class='gallery-icon landscape'>\n\t\t\t\t<a href='https:\/\/agora.xtec.cat\/esc-leseresdecreixell\/general\/festa-de-lampa-de-sant-jordi\/attachment\/whatsapp-image-2024-05-09-at-10-38-41-4\/'><img loading=\"lazy\" decoding=\"async\" width=\"300\" height=\"300\" src=\"https:\/\/agora.xtec.cat\/esc-leseresdecreixell\/wp-content\/uploads\/usu1046\/2024\/05\/WhatsApp-Image-2024-05-09-at-10.38.41-4-300x300.jpeg\" class=\"attachment-medium size-medium\" alt=\"\" srcset=\"https:\/\/agora.xtec.cat\/esc-leseresdecreixell\/wp-content\/uploads\/usu1046\/2024\/05\/WhatsApp-Image-2024-05-09-at-10.38.41-4-300x300.jpeg 300w, https:\/\/agora.xtec.cat\/esc-leseresdecreixell\/wp-content\/uploads\/usu1046\/2024\/05\/WhatsApp-Image-2024-05-09-at-10.38.41-4-1024x1024.jpeg 1024w, https:\/\/agora.xtec.cat\/esc-leseresdecreixell\/wp-content\/uploads\/usu1046\/2024\/05\/WhatsApp-Image-2024-05-09-at-10.38.41-4-150x150.jpeg 150w, https:\/\/agora.xtec.cat\/esc-leseresdecreixell\/wp-content\/uploads\/usu1046\/2024\/05\/WhatsApp-Image-2024-05-09-at-10.38.41-4-768x768.jpeg 768w, https:\/\/agora.xtec.cat\/esc-leseresdecreixell\/wp-content\/uploads\/usu1046\/2024\/05\/WhatsApp-Image-2024-05-09-at-10.38.41-4.jpeg 1440w\" sizes=\"auto, (max-width: 300px) 100vw, 300px\" \/><\/a>\n\t\t\t<\/div><\/figure><figure class='gallery-item'>\n\t\t\t<div class='gallery-icon landscape'>\n\t\t\t\t<a href='https:\/\/agora.xtec.cat\/esc-leseresdecreixell\/general\/festa-de-lampa-de-sant-jordi\/attachment\/whatsapp-image-2024-05-09-at-10-38-41-5\/'><img loading=\"lazy\" decoding=\"async\" width=\"300\" height=\"300\" src=\"https:\/\/agora.xtec.cat\/esc-leseresdecreixell\/wp-content\/uploads\/usu1046\/2024\/05\/WhatsApp-Image-2024-05-09-at-10.38.41-5-300x300.jpeg\" class=\"attachment-medium size-medium\" alt=\"\" srcset=\"https:\/\/agora.xtec.cat\/esc-leseresdecreixell\/wp-content\/uploads\/usu1046\/2024\/05\/WhatsApp-Image-2024-05-09-at-10.38.41-5-300x300.jpeg 300w, https:\/\/agora.xtec.cat\/esc-leseresdecreixell\/wp-content\/uploads\/usu1046\/2024\/05\/WhatsApp-Image-2024-05-09-at-10.38.41-5-1024x1024.jpeg 1024w, https:\/\/agora.xtec.cat\/esc-leseresdecreixell\/wp-content\/uploads\/usu1046\/2024\/05\/WhatsApp-Image-2024-05-09-at-10.38.41-5-150x150.jpeg 150w, https:\/\/agora.xtec.cat\/esc-leseresdecreixell\/wp-content\/uploads\/usu1046\/2024\/05\/WhatsApp-Image-2024-05-09-at-10.38.41-5-768x768.jpeg 768w, https:\/\/agora.xtec.cat\/esc-leseresdecreixell\/wp-content\/uploads\/usu1046\/2024\/05\/WhatsApp-Image-2024-05-09-at-10.38.41-5.jpeg 1440w\" sizes=\"auto, (max-width: 300px) 100vw, 300px\" \/><\/a>\n\t\t\t<\/div><\/figure><figure class='gallery-item'>\n\t\t\t<div class='gallery-icon landscape'>\n\t\t\t\t<a href='https:\/\/agora.xtec.cat\/esc-leseresdecreixell\/general\/festa-de-lampa-de-sant-jordi\/attachment\/whatsapp-image-2024-05-09-at-10-38-41-6\/'><img loading=\"lazy\" decoding=\"async\" width=\"300\" height=\"300\" src=\"https:\/\/agora.xtec.cat\/esc-leseresdecreixell\/wp-content\/uploads\/usu1046\/2024\/05\/WhatsApp-Image-2024-05-09-at-10.38.41-6-300x300.jpeg\" class=\"attachment-medium size-medium\" alt=\"\" srcset=\"https:\/\/agora.xtec.cat\/esc-leseresdecreixell\/wp-content\/uploads\/usu1046\/2024\/05\/WhatsApp-Image-2024-05-09-at-10.38.41-6-300x300.jpeg 300w, https:\/\/agora.xtec.cat\/esc-leseresdecreixell\/wp-content\/uploads\/usu1046\/2024\/05\/WhatsApp-Image-2024-05-09-at-10.38.41-6-1024x1024.jpeg 1024w, https:\/\/agora.xtec.cat\/esc-leseresdecreixell\/wp-content\/uploads\/usu1046\/2024\/05\/WhatsApp-Image-2024-05-09-at-10.38.41-6-150x150.jpeg 150w, https:\/\/agora.xtec.cat\/esc-leseresdecreixell\/wp-content\/uploads\/usu1046\/2024\/05\/WhatsApp-Image-2024-05-09-at-10.38.41-6-768x767.jpeg 768w, https:\/\/agora.xtec.cat\/esc-leseresdecreixell\/wp-content\/uploads\/usu1046\/2024\/05\/WhatsApp-Image-2024-05-09-at-10.38.41-6.jpeg 1440w\" sizes=\"auto, (max-width: 300px) 100vw, 300px\" \/><\/a>\n\t\t\t<\/div><\/figure><figure class='gallery-item'>\n\t\t\t<div class='gallery-icon landscape'>\n\t\t\t\t<a href='https:\/\/agora.xtec.cat\/esc-leseresdecreixell\/general\/festa-de-lampa-de-sant-jordi\/attachment\/whatsapp-image-2024-05-09-at-10-38-41-7\/'><img loading=\"lazy\" decoding=\"async\" width=\"300\" height=\"300\" src=\"https:\/\/agora.xtec.cat\/esc-leseresdecreixell\/wp-content\/uploads\/usu1046\/2024\/05\/WhatsApp-Image-2024-05-09-at-10.38.41-7-300x300.jpeg\" class=\"attachment-medium size-medium\" alt=\"\" srcset=\"https:\/\/agora.xtec.cat\/esc-leseresdecreixell\/wp-content\/uploads\/usu1046\/2024\/05\/WhatsApp-Image-2024-05-09-at-10.38.41-7-300x300.jpeg 300w, https:\/\/agora.xtec.cat\/esc-leseresdecreixell\/wp-content\/uploads\/usu1046\/2024\/05\/WhatsApp-Image-2024-05-09-at-10.38.41-7-1024x1024.jpeg 1024w, https:\/\/agora.xtec.cat\/esc-leseresdecreixell\/wp-content\/uploads\/usu1046\/2024\/05\/WhatsApp-Image-2024-05-09-at-10.38.41-7-150x150.jpeg 150w, https:\/\/agora.xtec.cat\/esc-leseresdecreixell\/wp-content\/uploads\/usu1046\/2024\/05\/WhatsApp-Image-2024-05-09-at-10.38.41-7-768x768.jpeg 768w, https:\/\/agora.xtec.cat\/esc-leseresdecreixell\/wp-content\/uploads\/usu1046\/2024\/05\/WhatsApp-Image-2024-05-09-at-10.38.41-7.jpeg 1440w\" sizes=\"auto, (max-width: 300px) 100vw, 300px\" \/><\/a>\n\t\t\t<\/div><\/figure>\n\t\t<\/div>\n\n","protected":false},"excerpt":{"rendered":"<p>El 23 d&#8217;abril, a la sortida de l\u2019escola, l\u2019AMPA va organitzar uns tallers de Sant Jordi amb berenar, manualitats i [&hellip;]<\/p>\n","protected":false},"author":26,"featured_media":8494,"comment_status":"open","ping_status":"closed","sticky":false,"template":"","format":"standard","meta":{"_bbp_topic_count":0,"_bbp_reply_count":0,"_bbp_total_topic_count":0,"_bbp_total_reply_count":0,"_bbp_voice_count":0,"_bbp_anonymous_reply_count":0,"_bbp_topic_count_hidden":0,"_bbp_reply_count_hidden":0,"_bbp_forum_subforum_count":0,"site-sidebar-layout":"default","site-content-layout":"","ast-site-content-layout":"","site-content-style":"default","site-sidebar-style":"default","ast-global-header-display":"","ast-banner-title-visibility":"","ast-main-header-display":"","ast-hfb-above-header-display":"","ast-hfb-below-header-display":"","ast-hfb-mobile-header-display":"","site-post-title":"","ast-breadcrumbs-content":"","ast-featured-img":"","footer-sml-layout":"","theme-transparent-header-meta":"","adv-header-id-meta":"","stick-header-meta":"","header-above-stick-meta":"","header-main-stick-meta":"","header-below-stick-meta":"","astra-migrate-meta-layouts":"default","ast-page-background-enabled":"default","ast-page-background-meta":{"desktop":{"background-color":"var(--ast-global-color-4)","background-image":"","background-repeat":"repeat","background-position":"center center","background-size":"auto","background-attachment":"scroll","background-type":"","background-media":"","overlay-type":"","overlay-color":"","overlay-opacity":"","overlay-gradient":""},"tablet":{"background-color":"","background-image":"","background-repeat":"repeat","background-position":"center center","background-size":"auto","background-attachment":"scroll","background-type":"","background-media":"","overlay-type":"","overlay-color":"","overlay-opacity":"","overlay-gradient":""},"mobile":{"background-color":"","background-image":"","background-repeat":"repeat","background-position":"center center","background-size":"auto","background-attachment":"scroll","background-type":"","background-media":"","overlay-type":"","overlay-color":"","overlay-opacity":"","overlay-gradient":""}},"ast-content-background-meta":{"desktop":{"background-color":"var(--ast-global-color-5)","background-image":"","background-repeat":"repeat","background-position":"center center","background-size":"auto","background-attachment":"scroll","background-type":"","background-media":"","overlay-type":"","overlay-color":"","overlay-opacity":"","overlay-gradient":""},"tablet":{"background-color":"var(--ast-global-color-5)","background-image":"","background-repeat":"repeat","background-position":"center center","background-size":"auto","background-attachment":"scroll","background-type":"","background-media":"","overlay-type":"","overlay-color":"","overlay-opacity":"","overlay-gradient":""},"mobile":{"background-color":"var(--ast-global-color-5)","background-image":"","background-repeat":"repeat","background-position":"center center","background-size":"auto","background-attachment":"scroll","background-type":"","background-media":"","overlay-type":"","overlay-color":"","overlay-opacity":"","overlay-gradient":""}},"footnotes":""},"categories":[7,1,4],"tags":[],"class_list":["post-8489","post","type-post","status-publish","format-standard","has-post-thumbnail","hentry","category-ampa","category-general","category-portada"],"post_mailing_queue_ids":[],"_links":{"self":[{"href":"https:\/\/agora.xtec.cat\/esc-leseresdecreixell\/wp-json\/wp\/v2\/posts\/8489","targetHints":{"allow":["GET"]}}],"collection":[{"href":"https:\/\/agora.xtec.cat\/esc-leseresdecreixell\/wp-json\/wp\/v2\/posts"}],"about":[{"href":"https:\/\/agora.xtec.cat\/esc-leseresdecreixell\/wp-json\/wp\/v2\/types\/post"}],"author":[{"embeddable":true,"href":"https:\/\/agora.xtec.cat\/esc-leseresdecreixell\/wp-json\/wp\/v2\/users\/26"}],"replies":[{"embeddable":true,"href":"https:\/\/agora.xtec.cat\/esc-leseresdecreixell\/wp-json\/wp\/v2\/comments?post=8489"}],"version-history":[{"count":1,"href":"https:\/\/agora.xtec.cat\/esc-leseresdecreixell\/wp-json\/wp\/v2\/posts\/8489\/revisions"}],"predecessor-version":[{"id":8498,"href":"https:\/\/agora.xtec.cat\/esc-leseresdecreixell\/wp-json\/wp\/v2\/posts\/8489\/revisions\/8498"}],"wp:featuredmedia":[{"embeddable":true,"href":"https:\/\/agora.xtec.cat\/esc-leseresdecreixell\/wp-json\/wp\/v2\/media\/8494"}],"wp:attachment":[{"href":"https:\/\/agora.xtec.cat\/esc-leseresdecreixell\/wp-json\/wp\/v2\/media?parent=8489"}],"wp:term":[{"taxonomy":"category","embeddable":true,"href":"https:\/\/agora.xtec.cat\/esc-leseresdecreixell\/wp-json\/wp\/v2\/categories?post=8489"},{"taxonomy":"post_tag","embeddable":true,"href":"https:\/\/agora.xtec.cat\/esc-leseresdecreixell\/wp-json\/wp\/v2\/tags?post=8489"}],"curies":[{"name":"wp","href":"https:\/\/api.w.org\/{rel}","templated":true}]}}