{"id":7103,"date":"2022-11-14T12:35:06","date_gmt":"2022-11-14T11:35:06","guid":{"rendered":"https:\/\/agora.xtec.cat\/esc-leseresdecreixell\/?p=7103"},"modified":"2022-11-14T12:35:06","modified_gmt":"2022-11-14T11:35:06","slug":"programa-proa","status":"publish","type":"post","link":"https:\/\/agora.xtec.cat\/esc-leseresdecreixell\/general\/programa-proa\/","title":{"rendered":"PROGRAMA PROA+"},"content":{"rendered":"<p>Us informem que el nostre centre s\u2019ha incorporat al programa PROA+ des d\u2019aquest curs i fins el 2027.<\/p>\n<p>Aquest programa \u00e9s l\u2019evoluci\u00f3 del que hem format part durant els cursos 20-21 i 21-22 anomenat PMOE (Pla de Millora d\u2019Oportunitats Educatives)\u00a0i ambd\u00f3s comparteixen l\u2019objectiu principal d\u2019enfortir i refor\u00e7ar els centres docents per a compensar l\u2019impacte de la COVID-19.<\/p>\n<p>Es pret\u00e9n que els centres puguin proporcionar a aquest alumnat els refor\u00e7os necessaris per millorar el seu benestar i reduir el retard educatiu, mitjan\u00e7ant la cura de l\u2019acolliment i les transicions entre etapes, la concentraci\u00f3 de l\u2019ensenyament en les compet\u00e8ncies i els aprenentatges essencials, promovent l\u2019enriquiment educatiu amb especial atenci\u00f3 a l\u2019alumnat m\u00e9s vulnerable.<\/p>\n<p><strong>Principis pedag\u00f2gics PROA<\/strong>+<\/p>\n<p>El programa PROA+ es basa en els principis pedag\u00f2gics seg\u00fcents recollits a la LOMLOE:<\/p>\n<ul>\n<li><strong>Equitat, que garanteixi la igualtat d\u2019oportunitats<\/strong><\/li>\n<li><strong>Evitar la segregaci\u00f3 al acc\u00e9s i en la din\u00e0mica interna dels centres<\/strong><\/li>\n<li><strong>Educaci\u00f3 inclusiva, com a principi fonamental<\/strong><\/li>\n<li><strong>Expectatives positives sobre les possibilitats d\u2019\u00e8xit de tot l\u2019alumnat<\/strong><\/li>\n<li><strong>Acompanyament i orientaci\u00f3<\/strong><\/li>\n<li><strong>Rellev\u00e0ncia de l\u2019educaci\u00f3 no cognitiva (socioemocional)\u00a0<\/strong>per als aprenentatges i el benestar futur<\/li>\n<li><strong>La consideraci\u00f3 del coneixement acumulat<\/strong>\u00a0per a la millora cont\u00ednua del proc\u00e9s d\u2019ensenyament- aprenentatge<\/li>\n<\/ul>\n<p>Aquest programa va acompanyat d\u2019una dotaci\u00f3 econ\u00f2mica per portar a terme les activitats palanca per a l\u2019assoliment dels objectius.<\/p>\n<p><a href=\"https:\/\/agora.xtec.cat\/esc-leseresdecreixell\/wp-content\/uploads\/usu1046\/2022\/11\/es-financiado-por-la-uni-n-europea-pantone.jpg.jpg\"><img loading=\"lazy\" decoding=\"async\" class=\"aligncenter size-full wp-image-7104\" src=\"https:\/\/agora.xtec.cat\/esc-leseresdecreixell\/wp-content\/uploads\/usu1046\/2022\/11\/es-financiado-por-la-uni-n-europea-pantone.jpg.jpg\" alt=\"\" width=\"576\" height=\"152\" srcset=\"https:\/\/agora.xtec.cat\/esc-leseresdecreixell\/wp-content\/uploads\/usu1046\/2022\/11\/es-financiado-por-la-uni-n-europea-pantone.jpg.jpg 576w, https:\/\/agora.xtec.cat\/esc-leseresdecreixell\/wp-content\/uploads\/usu1046\/2022\/11\/es-financiado-por-la-uni-n-europea-pantone.jpg-300x79.jpg 300w\" sizes=\"auto, (max-width: 576px) 100vw, 576px\" \/><\/a> <a href=\"https:\/\/agora.xtec.cat\/esc-leseresdecreixell\/wp-content\/uploads\/usu1046\/2022\/11\/logo-prtr-dos-l-neas-color.jpg.jpg\"><img loading=\"lazy\" decoding=\"async\" class=\"aligncenter size-large wp-image-7105\" src=\"https:\/\/agora.xtec.cat\/esc-leseresdecreixell\/wp-content\/uploads\/usu1046\/2022\/11\/logo-prtr-dos-l-neas-color.jpg.jpg\" alt=\"\" width=\"576\" height=\"133\" srcset=\"https:\/\/agora.xtec.cat\/esc-leseresdecreixell\/wp-content\/uploads\/usu1046\/2022\/11\/logo-prtr-dos-l-neas-color.jpg.jpg 576w, https:\/\/agora.xtec.cat\/esc-leseresdecreixell\/wp-content\/uploads\/usu1046\/2022\/11\/logo-prtr-dos-l-neas-color.jpg-300x69.jpg 300w\" sizes=\"auto, (max-width: 576px) 100vw, 576px\" \/><\/a> <a href=\"https:\/\/agora.xtec.cat\/esc-leseresdecreixell\/wp-content\/uploads\/usu1046\/2022\/11\/mefp.png\"><img loading=\"lazy\" decoding=\"async\" class=\"aligncenter size-large wp-image-7106\" src=\"https:\/\/agora.xtec.cat\/esc-leseresdecreixell\/wp-content\/uploads\/usu1046\/2022\/11\/mefp.png\" alt=\"\" width=\"640\" height=\"160\" srcset=\"https:\/\/agora.xtec.cat\/esc-leseresdecreixell\/wp-content\/uploads\/usu1046\/2022\/11\/mefp.png 640w, https:\/\/agora.xtec.cat\/esc-leseresdecreixell\/wp-content\/uploads\/usu1046\/2022\/11\/mefp-300x75.png 300w\" sizes=\"auto, (max-width: 640px) 100vw, 640px\" \/><\/a> <a href=\"https:\/\/agora.xtec.cat\/esc-leseresdecreixell\/wp-content\/uploads\/usu1046\/2022\/11\/PROA.png\"><img loading=\"lazy\" decoding=\"async\" class=\"aligncenter size-large wp-image-7107\" src=\"https:\/\/agora.xtec.cat\/esc-leseresdecreixell\/wp-content\/uploads\/usu1046\/2022\/11\/PROA-1024x294.png\" alt=\"\" width=\"1024\" height=\"294\" srcset=\"https:\/\/agora.xtec.cat\/esc-leseresdecreixell\/wp-content\/uploads\/usu1046\/2022\/11\/PROA-1024x294.png 1024w, https:\/\/agora.xtec.cat\/esc-leseresdecreixell\/wp-content\/uploads\/usu1046\/2022\/11\/PROA-300x86.png 300w, https:\/\/agora.xtec.cat\/esc-leseresdecreixell\/wp-content\/uploads\/usu1046\/2022\/11\/PROA-768x221.png 768w, https:\/\/agora.xtec.cat\/esc-leseresdecreixell\/wp-content\/uploads\/usu1046\/2022\/11\/PROA.png 1034w\" sizes=\"auto, (max-width: 1024px) 100vw, 1024px\" \/><\/a><\/p>\n","protected":false},"excerpt":{"rendered":"<p>Us informem que el nostre centre s\u2019ha incorporat al programa PROA+ des d\u2019aquest curs i fins el 2027. Aquest programa [&hellip;]<\/p>\n","protected":false},"author":1,"featured_media":7107,"comment_status":"open","ping_status":"closed","sticky":false,"template":"","format":"standard","meta":{"_bbp_topic_count":0,"_bbp_reply_count":0,"_bbp_total_topic_count":0,"_bbp_total_reply_count":0,"_bbp_voice_count":0,"_bbp_anonymous_reply_count":0,"_bbp_topic_count_hidden":0,"_bbp_reply_count_hidden":0,"_bbp_forum_subforum_count":0,"site-sidebar-layout":"default","site-content-layout":"","ast-site-content-layout":"","site-content-style":"default","site-sidebar-style":"default","ast-global-header-display":"","ast-banner-title-visibility":"","ast-main-header-display":"","ast-hfb-above-header-display":"","ast-hfb-below-header-display":"","ast-hfb-mobile-header-display":"","site-post-title":"","ast-breadcrumbs-content":"","ast-featured-img":"","footer-sml-layout":"","theme-transparent-header-meta":"","adv-header-id-meta":"","stick-header-meta":"","header-above-stick-meta":"","header-main-stick-meta":"","header-below-stick-meta":"","astra-migrate-meta-layouts":"default","ast-page-background-enabled":"default","ast-page-background-meta":{"desktop":{"background-color":"var(--ast-global-color-4)","background-image":"","background-repeat":"repeat","background-position":"center center","background-size":"auto","background-attachment":"scroll","background-type":"","background-media":"","overlay-type":"","overlay-color":"","overlay-opacity":"","overlay-gradient":""},"tablet":{"background-color":"","background-image":"","background-repeat":"repeat","background-position":"center center","background-size":"auto","background-attachment":"scroll","background-type":"","background-media":"","overlay-type":"","overlay-color":"","overlay-opacity":"","overlay-gradient":""},"mobile":{"background-color":"","background-image":"","background-repeat":"repeat","background-position":"center center","background-size":"auto","background-attachment":"scroll","background-type":"","background-media":"","overlay-type":"","overlay-color":"","overlay-opacity":"","overlay-gradient":""}},"ast-content-background-meta":{"desktop":{"background-color":"var(--ast-global-color-5)","background-image":"","background-repeat":"repeat","background-position":"center center","background-size":"auto","background-attachment":"scroll","background-type":"","background-media":"","overlay-type":"","overlay-color":"","overlay-opacity":"","overlay-gradient":""},"tablet":{"background-color":"var(--ast-global-color-5)","background-image":"","background-repeat":"repeat","background-position":"center center","background-size":"auto","background-attachment":"scroll","background-type":"","background-media":"","overlay-type":"","overlay-color":"","overlay-opacity":"","overlay-gradient":""},"mobile":{"background-color":"var(--ast-global-color-5)","background-image":"","background-repeat":"repeat","background-position":"center center","background-size":"auto","background-attachment":"scroll","background-type":"","background-media":"","overlay-type":"","overlay-color":"","overlay-opacity":"","overlay-gradient":""}},"footnotes":""},"categories":[1,4],"tags":[],"class_list":["post-7103","post","type-post","status-publish","format-standard","has-post-thumbnail","hentry","category-general","category-portada"],"post_mailing_queue_ids":[],"_links":{"self":[{"href":"https:\/\/agora.xtec.cat\/esc-leseresdecreixell\/wp-json\/wp\/v2\/posts\/7103","targetHints":{"allow":["GET"]}}],"collection":[{"href":"https:\/\/agora.xtec.cat\/esc-leseresdecreixell\/wp-json\/wp\/v2\/posts"}],"about":[{"href":"https:\/\/agora.xtec.cat\/esc-leseresdecreixell\/wp-json\/wp\/v2\/types\/post"}],"author":[{"embeddable":true,"href":"https:\/\/agora.xtec.cat\/esc-leseresdecreixell\/wp-json\/wp\/v2\/users\/1"}],"replies":[{"embeddable":true,"href":"https:\/\/agora.xtec.cat\/esc-leseresdecreixell\/wp-json\/wp\/v2\/comments?post=7103"}],"version-history":[{"count":1,"href":"https:\/\/agora.xtec.cat\/esc-leseresdecreixell\/wp-json\/wp\/v2\/posts\/7103\/revisions"}],"predecessor-version":[{"id":7108,"href":"https:\/\/agora.xtec.cat\/esc-leseresdecreixell\/wp-json\/wp\/v2\/posts\/7103\/revisions\/7108"}],"wp:featuredmedia":[{"embeddable":true,"href":"https:\/\/agora.xtec.cat\/esc-leseresdecreixell\/wp-json\/wp\/v2\/media\/7107"}],"wp:attachment":[{"href":"https:\/\/agora.xtec.cat\/esc-leseresdecreixell\/wp-json\/wp\/v2\/media?parent=7103"}],"wp:term":[{"taxonomy":"category","embeddable":true,"href":"https:\/\/agora.xtec.cat\/esc-leseresdecreixell\/wp-json\/wp\/v2\/categories?post=7103"},{"taxonomy":"post_tag","embeddable":true,"href":"https:\/\/agora.xtec.cat\/esc-leseresdecreixell\/wp-json\/wp\/v2\/tags?post=7103"}],"curies":[{"name":"wp","href":"https:\/\/api.w.org\/{rel}","templated":true}]}}