{"id":648,"date":"2016-10-17T15:01:48","date_gmt":"2016-10-17T14:01:48","guid":{"rendered":"http:\/\/agora.xtec.cat\/esc-leseresdecreixell\/?p=648"},"modified":"2016-10-17T15:03:47","modified_gmt":"2016-10-17T14:03:47","slug":"sortida-aria-kadabra","status":"publish","type":"post","link":"https:\/\/agora.xtec.cat\/esc-leseresdecreixell\/general\/sortida-aria-kadabra\/","title":{"rendered":"Sortida Aria Kadabra"},"content":{"rendered":"<p>La m\u00e0gica aventura de F\u00edgaro.<\/p>\n<p>Els nens i nenes de 3r i 4t assistirem a aquest espectacle de m\u00e0gia i m\u00fasica.<\/p>\n<p>La m\u00e0gia torna al Liceu amb un espectacle fascinant d\u2019il\u00b7lusionisme en qu\u00e8 Figaro ser\u00e0 encantat per les bruixes de Macbeth i haur\u00e0 de rec\u00f3rrer la temporada d\u2019\u00f2pera 2016\/17 del Liceu, amb obres com Elektra, Rigoletto, Don Giovanni&#8230; Escenes i il\u00b7lusions plenes de color, sorprenents i amb uns quants enigmes que caldr\u00e0 resoldre amb les paraules m\u00e0giques del Liceu: Aria Kadabra. M\u00fasica, m\u00e0gia i teatre, amb els quals segur que tothom quedar\u00e0 bocabadat.<\/p>\n<p><a href=\"http:\/\/www.liceubarcelona.cat\/temporada-16-17\/el-petit-liceu-familiar\/aria-kadabra\/presentacio.html?gclid=CKDdprv-4c8CFWEo0wodaYQL3g\" target=\"_blank\">Enlla\u00e7 a la web<\/a><\/p>\n<p>A la tarda visitarem una exposici\u00f3 al museu blau.<\/p>\n<p>L\u2019exposici\u00f3 temporal <strong><em>Spinosaurus: <\/em>el gegant perdut del Cretaci <\/strong>presenta al <a href=\"http:\/\/museuciencies.cat\/visitans\/museu-blau\/\" target=\"_blank\">Museu Blau<\/a> de Barcelona el primer dinosaure adaptat per nedar que es coneix i el m\u00e9s gran entre els dinosaures carn\u00edvors. La mostra, organitzada per la <a href=\"http:\/\/www.nationalgeographic.com.es\/\" target=\"_blank\">National Geographic Society<\/a> amb la col\u00b7laboraci\u00f3 de la <a href=\"http:\/\/www.uchicago.edu\/\" target=\"_blank\">Universitat de Chicago<\/a>, s\u2019ha complementat amb f\u00f2ssils de les col\u00b7leccions del Museu, que inclouen restes d\u2019aquest singular dinosaure.<\/p>\n<p><a href=\"http:\/\/museuciencies.cat\/exposicio_temporal\/spinosaurus-el-gegant-perdut-del-cretaci\/\">Enlla\u00e7 a la web<\/a><\/p>\n<p>&nbsp;<\/p>\n","protected":false},"excerpt":{"rendered":"<p>Sortida alumnes de 3r i 4t el 20-10-16<\/p>\n","protected":false},"author":1,"featured_media":650,"comment_status":"open","ping_status":"open","sticky":false,"template":"","format":"standard","meta":{"_bbp_topic_count":0,"_bbp_reply_count":0,"_bbp_total_topic_count":0,"_bbp_total_reply_count":0,"_bbp_voice_count":0,"_bbp_anonymous_reply_count":0,"_bbp_topic_count_hidden":0,"_bbp_reply_count_hidden":0,"_bbp_forum_subforum_count":0,"site-sidebar-layout":"default","site-content-layout":"","ast-site-content-layout":"","site-content-style":"default","site-sidebar-style":"default","ast-global-header-display":"","ast-banner-title-visibility":"","ast-main-header-display":"","ast-hfb-above-header-display":"","ast-hfb-below-header-display":"","ast-hfb-mobile-header-display":"","site-post-title":"","ast-breadcrumbs-content":"","ast-featured-img":"","footer-sml-layout":"","theme-transparent-header-meta":"","adv-header-id-meta":"","stick-header-meta":"","header-above-stick-meta":"","header-main-stick-meta":"","header-below-stick-meta":"","astra-migrate-meta-layouts":"default","ast-page-background-enabled":"default","ast-page-background-meta":{"desktop":{"background-color":"var(--ast-global-color-4)","background-image":"","background-repeat":"repeat","background-position":"center center","background-size":"auto","background-attachment":"scroll","background-type":"","background-media":"","overlay-type":"","overlay-color":"","overlay-opacity":"","overlay-gradient":""},"tablet":{"background-color":"","background-image":"","background-repeat":"repeat","background-position":"center center","background-size":"auto","background-attachment":"scroll","background-type":"","background-media":"","overlay-type":"","overlay-color":"","overlay-opacity":"","overlay-gradient":""},"mobile":{"background-color":"","background-image":"","background-repeat":"repeat","background-position":"center center","background-size":"auto","background-attachment":"scroll","background-type":"","background-media":"","overlay-type":"","overlay-color":"","overlay-opacity":"","overlay-gradient":""}},"ast-content-background-meta":{"desktop":{"background-color":"var(--ast-global-color-5)","background-image":"","background-repeat":"repeat","background-position":"center center","background-size":"auto","background-attachment":"scroll","background-type":"","background-media":"","overlay-type":"","overlay-color":"","overlay-opacity":"","overlay-gradient":""},"tablet":{"background-color":"var(--ast-global-color-5)","background-image":"","background-repeat":"repeat","background-position":"center center","background-size":"auto","background-attachment":"scroll","background-type":"","background-media":"","overlay-type":"","overlay-color":"","overlay-opacity":"","overlay-gradient":""},"mobile":{"background-color":"var(--ast-global-color-5)","background-image":"","background-repeat":"repeat","background-position":"center center","background-size":"auto","background-attachment":"scroll","background-type":"","background-media":"","overlay-type":"","overlay-color":"","overlay-opacity":"","overlay-gradient":""}},"footnotes":""},"categories":[12,13,1,4,5,35],"tags":[65],"class_list":["post-648","post","type-post","status-publish","format-standard","has-post-thumbnail","hentry","category-3r","category-4t","category-general","category-portada","category-primaria","category-sortides-i-activitats","tag-sortida"],"post_mailing_queue_ids":[],"_links":{"self":[{"href":"https:\/\/agora.xtec.cat\/esc-leseresdecreixell\/wp-json\/wp\/v2\/posts\/648","targetHints":{"allow":["GET"]}}],"collection":[{"href":"https:\/\/agora.xtec.cat\/esc-leseresdecreixell\/wp-json\/wp\/v2\/posts"}],"about":[{"href":"https:\/\/agora.xtec.cat\/esc-leseresdecreixell\/wp-json\/wp\/v2\/types\/post"}],"author":[{"embeddable":true,"href":"https:\/\/agora.xtec.cat\/esc-leseresdecreixell\/wp-json\/wp\/v2\/users\/1"}],"replies":[{"embeddable":true,"href":"https:\/\/agora.xtec.cat\/esc-leseresdecreixell\/wp-json\/wp\/v2\/comments?post=648"}],"version-history":[{"count":1,"href":"https:\/\/agora.xtec.cat\/esc-leseresdecreixell\/wp-json\/wp\/v2\/posts\/648\/revisions"}],"predecessor-version":[{"id":649,"href":"https:\/\/agora.xtec.cat\/esc-leseresdecreixell\/wp-json\/wp\/v2\/posts\/648\/revisions\/649"}],"wp:featuredmedia":[{"embeddable":true,"href":"https:\/\/agora.xtec.cat\/esc-leseresdecreixell\/wp-json\/wp\/v2\/media\/650"}],"wp:attachment":[{"href":"https:\/\/agora.xtec.cat\/esc-leseresdecreixell\/wp-json\/wp\/v2\/media?parent=648"}],"wp:term":[{"taxonomy":"category","embeddable":true,"href":"https:\/\/agora.xtec.cat\/esc-leseresdecreixell\/wp-json\/wp\/v2\/categories?post=648"},{"taxonomy":"post_tag","embeddable":true,"href":"https:\/\/agora.xtec.cat\/esc-leseresdecreixell\/wp-json\/wp\/v2\/tags?post=648"}],"curies":[{"name":"wp","href":"https:\/\/api.w.org\/{rel}","templated":true}]}}