{"id":529,"date":"2016-04-12T15:20:24","date_gmt":"2016-04-12T14:20:24","guid":{"rendered":"http:\/\/agora.xtec.cat\/esc-leseresdecreixell\/?p=529"},"modified":"2016-04-12T15:27:25","modified_gmt":"2016-04-12T14:27:25","slug":"activitats-extraescolars","status":"publish","type":"post","link":"https:\/\/agora.xtec.cat\/esc-leseresdecreixell\/ampa\/activitats-extraescolars\/","title":{"rendered":"Activitats extraescolars"},"content":{"rendered":"<p>Des de l\u2019AMPA s\u2019ha fet una oferta d\u2019extraescolars a la comunitat educativa.<\/p>\n<p>Considerem que les extraescolars son un espai educatiu en un temps de lleure.<\/p>\n<p>Les persones que duen a terme les diferents activitats son responsables del grup, en la seguretat de les activitats, treballen h\u00e0bits i actituds dels nens, conserven el material i donen informaci\u00f3n i valoraci\u00f3 de l\u2019activitat.<\/p>\n<ul style=\"list-style-type: disc;\">\n<li>L\u2019Objectiu de mantenir un rati de 1\/10 nens per grup d\u2019edat, petit, mitjans i grans. En el cas que superin aquest n\u00famero es desdobla el grup o s\u2019ofereix un refor\u00e7, depenent de l\u2019activitat.<\/li>\n<li>El m\u00ednim de nens per dur a terme una activitat es de grups de 5\/6, depenent de l\u2019activitat.<\/li>\n<li>L\u2019AMPA t\u00e9 contractada una asseguran\u00e7a de responsabilitat civil tal i com estableix la normativa.<\/li>\n<li>Estem adherits a la FAPAC, per tal de poder estar assesorats de les posibles modificacions de la normativa.<\/li>\n<\/ul>\n<table style=\"height: 320px;\" width=\"827\">\n<tbody>\n<tr>\n<td width=\"96\"><\/td>\n<td width=\"96\"><strong>DILLUNS<\/strong><\/td>\n<td width=\"97\"><strong>DIMARTS<\/strong><\/td>\n<td width=\"96\"><strong>DIMECRES<\/strong><\/td>\n<td width=\"96\"><strong>DIJOUS<\/strong><\/td>\n<td width=\"97\"><strong>DIVENDRES<\/strong><\/td>\n<\/tr>\n<tr>\n<td width=\"96\"><strong>12.30 \u2013 13.30<\/strong><\/td>\n<td width=\"96\"><\/td>\n<td width=\"97\">Angl\u00e8s3er-5\u00e8<\/td>\n<td width=\"96\"><\/td>\n<td width=\"96\">Angl\u00e8s3er-5\u00e8<\/td>\n<td width=\"97\"><\/td>\n<\/tr>\n<tr>\n<td width=\"96\"><strong>16.30-17.30<\/strong><\/td>\n<td width=\"96\">ZUMBA<\/td>\n<td width=\"97\">Angl\u00e8sP-3 a 1er<\/td>\n<td width=\"96\">R\u00cdTMICA<\/td>\n<td width=\"96\">Angl\u00e8sP-3 a 1er<\/td>\n<td width=\"97\">Patinatge<\/td>\n<\/tr>\n<tr>\n<td width=\"96\"><strong>16.30-18.00<\/strong><\/td>\n<td width=\"96\"><\/td>\n<td width=\"97\">MULTIESPORTS<\/td>\n<td width=\"96\"><\/td>\n<td width=\"96\">MULTIESPORTS<\/td>\n<td width=\"97\"><\/td>\n<\/tr>\n<\/tbody>\n<\/table>\n<p>&nbsp;<\/p>\n","protected":false},"excerpt":{"rendered":"<p>Des de l\u2019AMPA s\u2019ha fet una oferta d\u2019extraescolars a la comunitat educativa. Considerem que les extraescolars son un espai educatiu [&hellip;]<\/p>\n","protected":false},"author":1,"featured_media":0,"comment_status":"open","ping_status":"open","sticky":false,"template":"","format":"standard","meta":{"_bbp_topic_count":0,"_bbp_reply_count":0,"_bbp_total_topic_count":0,"_bbp_total_reply_count":0,"_bbp_voice_count":0,"_bbp_anonymous_reply_count":0,"_bbp_topic_count_hidden":0,"_bbp_reply_count_hidden":0,"_bbp_forum_subforum_count":0,"site-sidebar-layout":"default","site-content-layout":"","ast-site-content-layout":"","site-content-style":"default","site-sidebar-style":"default","ast-global-header-display":"","ast-banner-title-visibility":"","ast-main-header-display":"","ast-hfb-above-header-display":"","ast-hfb-below-header-display":"","ast-hfb-mobile-header-display":"","site-post-title":"","ast-breadcrumbs-content":"","ast-featured-img":"","footer-sml-layout":"","theme-transparent-header-meta":"","adv-header-id-meta":"","stick-header-meta":"","header-above-stick-meta":"","header-main-stick-meta":"","header-below-stick-meta":"","astra-migrate-meta-layouts":"default","ast-page-background-enabled":"default","ast-page-background-meta":{"desktop":{"background-color":"var(--ast-global-color-4)","background-image":"","background-repeat":"repeat","background-position":"center center","background-size":"auto","background-attachment":"scroll","background-type":"","background-media":"","overlay-type":"","overlay-color":"","overlay-opacity":"","overlay-gradient":""},"tablet":{"background-color":"","background-image":"","background-repeat":"repeat","background-position":"center center","background-size":"auto","background-attachment":"scroll","background-type":"","background-media":"","overlay-type":"","overlay-color":"","overlay-opacity":"","overlay-gradient":""},"mobile":{"background-color":"","background-image":"","background-repeat":"repeat","background-position":"center center","background-size":"auto","background-attachment":"scroll","background-type":"","background-media":"","overlay-type":"","overlay-color":"","overlay-opacity":"","overlay-gradient":""}},"ast-content-background-meta":{"desktop":{"background-color":"var(--ast-global-color-5)","background-image":"","background-repeat":"repeat","background-position":"center center","background-size":"auto","background-attachment":"scroll","background-type":"","background-media":"","overlay-type":"","overlay-color":"","overlay-opacity":"","overlay-gradient":""},"tablet":{"background-color":"var(--ast-global-color-5)","background-image":"","background-repeat":"repeat","background-position":"center center","background-size":"auto","background-attachment":"scroll","background-type":"","background-media":"","overlay-type":"","overlay-color":"","overlay-opacity":"","overlay-gradient":""},"mobile":{"background-color":"var(--ast-global-color-5)","background-image":"","background-repeat":"repeat","background-position":"center center","background-size":"auto","background-attachment":"scroll","background-type":"","background-media":"","overlay-type":"","overlay-color":"","overlay-opacity":"","overlay-gradient":""}},"footnotes":""},"categories":[7],"tags":[],"class_list":["post-529","post","type-post","status-publish","format-standard","hentry","category-ampa"],"post_mailing_queue_ids":[],"_links":{"self":[{"href":"https:\/\/agora.xtec.cat\/esc-leseresdecreixell\/wp-json\/wp\/v2\/posts\/529","targetHints":{"allow":["GET"]}}],"collection":[{"href":"https:\/\/agora.xtec.cat\/esc-leseresdecreixell\/wp-json\/wp\/v2\/posts"}],"about":[{"href":"https:\/\/agora.xtec.cat\/esc-leseresdecreixell\/wp-json\/wp\/v2\/types\/post"}],"author":[{"embeddable":true,"href":"https:\/\/agora.xtec.cat\/esc-leseresdecreixell\/wp-json\/wp\/v2\/users\/1"}],"replies":[{"embeddable":true,"href":"https:\/\/agora.xtec.cat\/esc-leseresdecreixell\/wp-json\/wp\/v2\/comments?post=529"}],"version-history":[{"count":3,"href":"https:\/\/agora.xtec.cat\/esc-leseresdecreixell\/wp-json\/wp\/v2\/posts\/529\/revisions"}],"predecessor-version":[{"id":532,"href":"https:\/\/agora.xtec.cat\/esc-leseresdecreixell\/wp-json\/wp\/v2\/posts\/529\/revisions\/532"}],"wp:attachment":[{"href":"https:\/\/agora.xtec.cat\/esc-leseresdecreixell\/wp-json\/wp\/v2\/media?parent=529"}],"wp:term":[{"taxonomy":"category","embeddable":true,"href":"https:\/\/agora.xtec.cat\/esc-leseresdecreixell\/wp-json\/wp\/v2\/categories?post=529"},{"taxonomy":"post_tag","embeddable":true,"href":"https:\/\/agora.xtec.cat\/esc-leseresdecreixell\/wp-json\/wp\/v2\/tags?post=529"}],"curies":[{"name":"wp","href":"https:\/\/api.w.org\/{rel}","templated":true}]}}