{"id":4364,"date":"2021-03-22T14:21:00","date_gmt":"2021-03-22T13:21:00","guid":{"rendered":"http:\/\/agora.xtec.cat\/esc-leseresdecreixell\/?p=4364"},"modified":"2021-03-22T14:22:33","modified_gmt":"2021-03-22T13:22:33","slug":"3a-assemblea-conjunta-virtual","status":"publish","type":"post","link":"https:\/\/agora.xtec.cat\/esc-leseresdecreixell\/general\/3a-assemblea-conjunta-virtual\/","title":{"rendered":"3a ASSEMBLEA CONJUNTA VIRTUAL"},"content":{"rendered":"<p><span style=\"color: #993366;\"><strong>El passat divendres 19 vam celebrar a la nostra escola la 3a Assemblea Conjunta Virtual!!!<\/strong><\/span><\/p>\n<p><span style=\"color: #008000;\"><b style=\"color: #008000;\">En aquesta assemblea els secretaris i secret\u00e0ries de cada classe ens van dir moltes coses interessants: van fer propostes per millorar el dia a dia a la nostra escola i es van explicar activitats i sortides que s&#8217;han realitzat durant el trimestre. Tamb\u00e9 es va <\/b><span style=\"color: #008000;\"><span style=\"color: #008000;\"><b>agrair<\/b><\/span><b style=\"color: #008000;\"> el consum de llet tots els matins i les millores que la nostra conserge ha realitzat a l&#8217;escola, com pintar els bancs, instal\u00b7lar-nos <\/b><\/span><span style=\"color: #008000;\"><b>cortines<\/b><\/span><b style=\"color: #008000;\">&#8230;<\/b><\/span><\/p>\n<p><span style=\"color: #ff6600;\"><strong><span style=\"font-family: inherit; font-size: 1em;\">L&#8217;alumnat va felicitar a tots els <\/span><\/strong><\/span><span style=\"color: #ff6600;\"><strong><span style=\"font-family: inherit; font-size: 1em;\">mestres i alumnes que es diuen Josep i Josepa pel seu sant, van enviar missatges a la nostra directora perqu\u00e8 es recuperi ben aviat i van desitjar molta sort a la mestra Mariv\u00ed, que es jubilar\u00e0 en breu.<\/span><\/strong><\/span><\/p>\n<p><span style=\"color: #0000ff;\"><strong>Per \u00faltim ens vam desitjar unes MOLT BONES VACANCES DE PRIMAVERA!!!!!!!!!!<\/strong><\/span><\/p>\n<p><span style=\"color: #993300;\"><strong><span style=\"font-family: inherit; font-size: 1em;\">Fins aviat!!!!!<\/span><\/strong><\/span><\/p>\n<p><span style=\"color: #ff6600;\"><strong><span style=\"font-family: inherit; font-size: 1em;\"><a href=\"https:\/\/agora.xtec.cat\/esc-leseresdecreixell\/wp-content\/uploads\/usu1046\/2021\/03\/3-conjunta.jpg\"><img loading=\"lazy\" decoding=\"async\" class=\"alignnone size-large wp-image-4366\" src=\"https:\/\/agora.xtec.cat\/esc-leseresdecreixell\/wp-content\/uploads\/usu1046\/2021\/03\/3-conjunta-1024x576.jpg\" alt=\"\" width=\"1024\" height=\"576\" srcset=\"https:\/\/agora.xtec.cat\/esc-leseresdecreixell\/wp-content\/uploads\/usu1046\/2021\/03\/3-conjunta-1024x576.jpg 1024w, https:\/\/agora.xtec.cat\/esc-leseresdecreixell\/wp-content\/uploads\/usu1046\/2021\/03\/3-conjunta-300x169.jpg 300w, https:\/\/agora.xtec.cat\/esc-leseresdecreixell\/wp-content\/uploads\/usu1046\/2021\/03\/3-conjunta-768x432.jpg 768w, https:\/\/agora.xtec.cat\/esc-leseresdecreixell\/wp-content\/uploads\/usu1046\/2021\/03\/3-conjunta.jpg 1366w\" sizes=\"auto, (max-width: 1024px) 100vw, 1024px\" \/><\/a><\/span><\/strong><\/span><\/p>\n<p>&nbsp;<\/p>\n<p><span style=\"color: #ff6600;\"><strong><span style=\"font-family: inherit; font-size: 1em;\"> <a href=\"https:\/\/agora.xtec.cat\/esc-leseresdecreixell\/wp-content\/uploads\/usu1046\/2021\/03\/3-conjunta2.jpg.png\"><img loading=\"lazy\" decoding=\"async\" class=\"alignnone size-large wp-image-4367\" src=\"https:\/\/agora.xtec.cat\/esc-leseresdecreixell\/wp-content\/uploads\/usu1046\/2021\/03\/3-conjunta2.jpg-1024x576.png\" alt=\"\" width=\"1024\" height=\"576\" srcset=\"https:\/\/agora.xtec.cat\/esc-leseresdecreixell\/wp-content\/uploads\/usu1046\/2021\/03\/3-conjunta2.jpg-1024x576.png 1024w, https:\/\/agora.xtec.cat\/esc-leseresdecreixell\/wp-content\/uploads\/usu1046\/2021\/03\/3-conjunta2.jpg-300x169.png 300w, https:\/\/agora.xtec.cat\/esc-leseresdecreixell\/wp-content\/uploads\/usu1046\/2021\/03\/3-conjunta2.jpg-768x432.png 768w, https:\/\/agora.xtec.cat\/esc-leseresdecreixell\/wp-content\/uploads\/usu1046\/2021\/03\/3-conjunta2.jpg.png 1366w\" sizes=\"auto, (max-width: 1024px) 100vw, 1024px\" \/><\/a><\/span><\/strong><\/span><\/p>\n","protected":false},"excerpt":{"rendered":"<p>El passat divendres 19 vam celebrar a la nostra escola la 3a Assemblea Conjunta Virtual!!! En aquesta assemblea els secretaris [&hellip;]<\/p>\n","protected":false},"author":19,"featured_media":4367,"comment_status":"open","ping_status":"closed","sticky":false,"template":"","format":"standard","meta":{"_bbp_topic_count":0,"_bbp_reply_count":0,"_bbp_total_topic_count":0,"_bbp_total_reply_count":0,"_bbp_voice_count":0,"_bbp_anonymous_reply_count":0,"_bbp_topic_count_hidden":0,"_bbp_reply_count_hidden":0,"_bbp_forum_subforum_count":0,"site-sidebar-layout":"default","site-content-layout":"","ast-site-content-layout":"","site-content-style":"default","site-sidebar-style":"default","ast-global-header-display":"","ast-banner-title-visibility":"","ast-main-header-display":"","ast-hfb-above-header-display":"","ast-hfb-below-header-display":"","ast-hfb-mobile-header-display":"","site-post-title":"","ast-breadcrumbs-content":"","ast-featured-img":"","footer-sml-layout":"","theme-transparent-header-meta":"","adv-header-id-meta":"","stick-header-meta":"","header-above-stick-meta":"","header-main-stick-meta":"","header-below-stick-meta":"","astra-migrate-meta-layouts":"default","ast-page-background-enabled":"default","ast-page-background-meta":{"desktop":{"background-color":"var(--ast-global-color-4)","background-image":"","background-repeat":"repeat","background-position":"center center","background-size":"auto","background-attachment":"scroll","background-type":"","background-media":"","overlay-type":"","overlay-color":"","overlay-opacity":"","overlay-gradient":""},"tablet":{"background-color":"","background-image":"","background-repeat":"repeat","background-position":"center center","background-size":"auto","background-attachment":"scroll","background-type":"","background-media":"","overlay-type":"","overlay-color":"","overlay-opacity":"","overlay-gradient":""},"mobile":{"background-color":"","background-image":"","background-repeat":"repeat","background-position":"center center","background-size":"auto","background-attachment":"scroll","background-type":"","background-media":"","overlay-type":"","overlay-color":"","overlay-opacity":"","overlay-gradient":""}},"ast-content-background-meta":{"desktop":{"background-color":"var(--ast-global-color-5)","background-image":"","background-repeat":"repeat","background-position":"center center","background-size":"auto","background-attachment":"scroll","background-type":"","background-media":"","overlay-type":"","overlay-color":"","overlay-opacity":"","overlay-gradient":""},"tablet":{"background-color":"var(--ast-global-color-5)","background-image":"","background-repeat":"repeat","background-position":"center center","background-size":"auto","background-attachment":"scroll","background-type":"","background-media":"","overlay-type":"","overlay-color":"","overlay-opacity":"","overlay-gradient":""},"mobile":{"background-color":"var(--ast-global-color-5)","background-image":"","background-repeat":"repeat","background-position":"center center","background-size":"auto","background-attachment":"scroll","background-type":"","background-media":"","overlay-type":"","overlay-color":"","overlay-opacity":"","overlay-gradient":""}},"footnotes":""},"categories":[10,11,12,13,14,15,1,2,9,4,5,106,35],"tags":[],"class_list":["post-4364","post","type-post","status-publish","format-standard","has-post-thumbnail","hentry","category-1r","category-2n","category-3r","category-4t","category-5e","category-6e","category-general","category-infantil","category-p5","category-portada","category-primaria","category-convivencia","category-sortides-i-activitats"],"post_mailing_queue_ids":[],"_links":{"self":[{"href":"https:\/\/agora.xtec.cat\/esc-leseresdecreixell\/wp-json\/wp\/v2\/posts\/4364","targetHints":{"allow":["GET"]}}],"collection":[{"href":"https:\/\/agora.xtec.cat\/esc-leseresdecreixell\/wp-json\/wp\/v2\/posts"}],"about":[{"href":"https:\/\/agora.xtec.cat\/esc-leseresdecreixell\/wp-json\/wp\/v2\/types\/post"}],"author":[{"embeddable":true,"href":"https:\/\/agora.xtec.cat\/esc-leseresdecreixell\/wp-json\/wp\/v2\/users\/19"}],"replies":[{"embeddable":true,"href":"https:\/\/agora.xtec.cat\/esc-leseresdecreixell\/wp-json\/wp\/v2\/comments?post=4364"}],"version-history":[{"count":3,"href":"https:\/\/agora.xtec.cat\/esc-leseresdecreixell\/wp-json\/wp\/v2\/posts\/4364\/revisions"}],"predecessor-version":[{"id":4369,"href":"https:\/\/agora.xtec.cat\/esc-leseresdecreixell\/wp-json\/wp\/v2\/posts\/4364\/revisions\/4369"}],"wp:featuredmedia":[{"embeddable":true,"href":"https:\/\/agora.xtec.cat\/esc-leseresdecreixell\/wp-json\/wp\/v2\/media\/4367"}],"wp:attachment":[{"href":"https:\/\/agora.xtec.cat\/esc-leseresdecreixell\/wp-json\/wp\/v2\/media?parent=4364"}],"wp:term":[{"taxonomy":"category","embeddable":true,"href":"https:\/\/agora.xtec.cat\/esc-leseresdecreixell\/wp-json\/wp\/v2\/categories?post=4364"},{"taxonomy":"post_tag","embeddable":true,"href":"https:\/\/agora.xtec.cat\/esc-leseresdecreixell\/wp-json\/wp\/v2\/tags?post=4364"}],"curies":[{"name":"wp","href":"https:\/\/api.w.org\/{rel}","templated":true}]}}