{"id":3543,"date":"2021-01-30T10:57:31","date_gmt":"2021-01-30T09:57:31","guid":{"rendered":"http:\/\/agora.xtec.cat\/esc-leseresdecreixell\/?p=3543"},"modified":"2021-01-30T10:57:31","modified_gmt":"2021-01-30T09:57:31","slug":"dia-de-la-ciencia-cicle-inicial","status":"publish","type":"post","link":"https:\/\/agora.xtec.cat\/esc-leseresdecreixell\/general\/dia-de-la-ciencia-cicle-inicial\/","title":{"rendered":"DIA DE LA CI\u00c8NCIA CICLE INICIAL"},"content":{"rendered":"<p><span style=\"color: #0000ff;\"><strong>Ahir vam celebrar el dia de la Ci\u00e8ncia a tota l&#8217;escola. Nenes, nens i mestres de cicle inicial ens vam vestir de cient\u00edfics i cient\u00edfiques i vam fer 4 experiments molts interessants: <span style=\"color: #800080;\">aigua que camina<\/span>, <span style=\"color: #ff00ff;\">cascada de colors<\/span>, <span style=\"color: #ff6600;\">densitats<\/span> i<span style=\"color: #008000;\"> cabells de punta<\/span>. Hem apr\u00e8s molt i sobretot ens hem divertit!!!!!<\/strong><\/span><\/p>\n<p><a href=\"https:\/\/agora.xtec.cat\/esc-leseresdecreixell\/wp-content\/uploads\/usu1046\/2021\/01\/dia-de-la-ci\u00e8ncia-1-e1612000364936.png\"><img loading=\"lazy\" decoding=\"async\" class=\"alignnone size-large wp-image-3554\" src=\"https:\/\/agora.xtec.cat\/esc-leseresdecreixell\/wp-content\/uploads\/usu1046\/2021\/01\/dia-de-la-ci\u00e8ncia-1-1024x576.png\" alt=\"\" width=\"1024\" height=\"576\" \/><\/a><a href=\"https:\/\/agora.xtec.cat\/esc-leseresdecreixell\/wp-content\/uploads\/usu1046\/2021\/01\/dia-de-la-ci\u00e8ncia-2.png\"><img loading=\"lazy\" decoding=\"async\" class=\"alignnone size-large wp-image-3555\" src=\"https:\/\/agora.xtec.cat\/esc-leseresdecreixell\/wp-content\/uploads\/usu1046\/2021\/01\/dia-de-la-ci\u00e8ncia-2-1024x576.png\" alt=\"\" width=\"1024\" height=\"576\" srcset=\"https:\/\/agora.xtec.cat\/esc-leseresdecreixell\/wp-content\/uploads\/usu1046\/2021\/01\/dia-de-la-ci\u00e8ncia-2-1024x576.png 1024w, https:\/\/agora.xtec.cat\/esc-leseresdecreixell\/wp-content\/uploads\/usu1046\/2021\/01\/dia-de-la-ci\u00e8ncia-2-300x169.png 300w, https:\/\/agora.xtec.cat\/esc-leseresdecreixell\/wp-content\/uploads\/usu1046\/2021\/01\/dia-de-la-ci\u00e8ncia-2-768x432.png 768w, https:\/\/agora.xtec.cat\/esc-leseresdecreixell\/wp-content\/uploads\/usu1046\/2021\/01\/dia-de-la-ci\u00e8ncia-2.png 1366w\" sizes=\"auto, (max-width: 1024px) 100vw, 1024px\" \/><\/a><a href=\"https:\/\/agora.xtec.cat\/esc-leseresdecreixell\/wp-content\/uploads\/usu1046\/2021\/01\/dia-de-la-ci\u00e8ncia-3.png\"><img loading=\"lazy\" decoding=\"async\" class=\"alignnone size-large wp-image-3556\" src=\"https:\/\/agora.xtec.cat\/esc-leseresdecreixell\/wp-content\/uploads\/usu1046\/2021\/01\/dia-de-la-ci\u00e8ncia-3-1024x576.png\" alt=\"\" width=\"1024\" height=\"576\" srcset=\"https:\/\/agora.xtec.cat\/esc-leseresdecreixell\/wp-content\/uploads\/usu1046\/2021\/01\/dia-de-la-ci\u00e8ncia-3-1024x576.png 1024w, https:\/\/agora.xtec.cat\/esc-leseresdecreixell\/wp-content\/uploads\/usu1046\/2021\/01\/dia-de-la-ci\u00e8ncia-3-300x169.png 300w, https:\/\/agora.xtec.cat\/esc-leseresdecreixell\/wp-content\/uploads\/usu1046\/2021\/01\/dia-de-la-ci\u00e8ncia-3-768x432.png 768w, https:\/\/agora.xtec.cat\/esc-leseresdecreixell\/wp-content\/uploads\/usu1046\/2021\/01\/dia-de-la-ci\u00e8ncia-3.png 1366w\" sizes=\"auto, (max-width: 1024px) 100vw, 1024px\" \/><\/a><a href=\"https:\/\/agora.xtec.cat\/esc-leseresdecreixell\/wp-content\/uploads\/usu1046\/2021\/01\/dia-de-la-ci\u00e8ncia-4.png\"><img loading=\"lazy\" decoding=\"async\" class=\"alignnone size-large wp-image-3557\" src=\"https:\/\/agora.xtec.cat\/esc-leseresdecreixell\/wp-content\/uploads\/usu1046\/2021\/01\/dia-de-la-ci\u00e8ncia-4-1024x576.png\" alt=\"\" width=\"1024\" height=\"576\" srcset=\"https:\/\/agora.xtec.cat\/esc-leseresdecreixell\/wp-content\/uploads\/usu1046\/2021\/01\/dia-de-la-ci\u00e8ncia-4-1024x576.png 1024w, https:\/\/agora.xtec.cat\/esc-leseresdecreixell\/wp-content\/uploads\/usu1046\/2021\/01\/dia-de-la-ci\u00e8ncia-4-300x169.png 300w, https:\/\/agora.xtec.cat\/esc-leseresdecreixell\/wp-content\/uploads\/usu1046\/2021\/01\/dia-de-la-ci\u00e8ncia-4-768x432.png 768w, https:\/\/agora.xtec.cat\/esc-leseresdecreixell\/wp-content\/uploads\/usu1046\/2021\/01\/dia-de-la-ci\u00e8ncia-4.png 1366w\" sizes=\"auto, (max-width: 1024px) 100vw, 1024px\" \/><\/a><a href=\"https:\/\/agora.xtec.cat\/esc-leseresdecreixell\/wp-content\/uploads\/usu1046\/2021\/01\/dia-de-la-ci\u00e8ncia-5.png\"><img loading=\"lazy\" decoding=\"async\" class=\"alignnone size-large wp-image-3558\" src=\"https:\/\/agora.xtec.cat\/esc-leseresdecreixell\/wp-content\/uploads\/usu1046\/2021\/01\/dia-de-la-ci\u00e8ncia-5-1024x576.png\" alt=\"\" width=\"1024\" height=\"576\" srcset=\"https:\/\/agora.xtec.cat\/esc-leseresdecreixell\/wp-content\/uploads\/usu1046\/2021\/01\/dia-de-la-ci\u00e8ncia-5-1024x576.png 1024w, https:\/\/agora.xtec.cat\/esc-leseresdecreixell\/wp-content\/uploads\/usu1046\/2021\/01\/dia-de-la-ci\u00e8ncia-5-300x169.png 300w, https:\/\/agora.xtec.cat\/esc-leseresdecreixell\/wp-content\/uploads\/usu1046\/2021\/01\/dia-de-la-ci\u00e8ncia-5-768x432.png 768w, https:\/\/agora.xtec.cat\/esc-leseresdecreixell\/wp-content\/uploads\/usu1046\/2021\/01\/dia-de-la-ci\u00e8ncia-5.png 1366w\" sizes=\"auto, (max-width: 1024px) 100vw, 1024px\" \/><\/a><a href=\"https:\/\/agora.xtec.cat\/esc-leseresdecreixell\/wp-content\/uploads\/usu1046\/2021\/01\/dia-de-la-ci\u00e8ncia-6-e1612000278935.png\"><img loading=\"lazy\" decoding=\"async\" class=\"alignnone size-large wp-image-3547\" src=\"https:\/\/agora.xtec.cat\/esc-leseresdecreixell\/wp-content\/uploads\/usu1046\/2021\/01\/dia-de-la-ci\u00e8ncia-6-1024x576.png\" alt=\"\" width=\"1024\" height=\"576\" \/><\/a><a href=\"https:\/\/agora.xtec.cat\/esc-leseresdecreixell\/wp-content\/uploads\/usu1046\/2021\/01\/dia-de-la-ci\u00e8ncia-7.png\"><img loading=\"lazy\" decoding=\"async\" class=\"alignnone size-large wp-image-3548\" src=\"https:\/\/agora.xtec.cat\/esc-leseresdecreixell\/wp-content\/uploads\/usu1046\/2021\/01\/dia-de-la-ci\u00e8ncia-7-1024x576.png\" alt=\"\" width=\"1024\" height=\"576\" srcset=\"https:\/\/agora.xtec.cat\/esc-leseresdecreixell\/wp-content\/uploads\/usu1046\/2021\/01\/dia-de-la-ci\u00e8ncia-7-1024x576.png 1024w, https:\/\/agora.xtec.cat\/esc-leseresdecreixell\/wp-content\/uploads\/usu1046\/2021\/01\/dia-de-la-ci\u00e8ncia-7-300x169.png 300w, https:\/\/agora.xtec.cat\/esc-leseresdecreixell\/wp-content\/uploads\/usu1046\/2021\/01\/dia-de-la-ci\u00e8ncia-7-768x432.png 768w, https:\/\/agora.xtec.cat\/esc-leseresdecreixell\/wp-content\/uploads\/usu1046\/2021\/01\/dia-de-la-ci\u00e8ncia-7.png 1366w\" sizes=\"auto, (max-width: 1024px) 100vw, 1024px\" \/><\/a><a href=\"https:\/\/agora.xtec.cat\/esc-leseresdecreixell\/wp-content\/uploads\/usu1046\/2021\/01\/dia-de-la-ci\u00e8ncia-8.png\"><img loading=\"lazy\" decoding=\"async\" class=\"alignnone size-large wp-image-3549\" src=\"https:\/\/agora.xtec.cat\/esc-leseresdecreixell\/wp-content\/uploads\/usu1046\/2021\/01\/dia-de-la-ci\u00e8ncia-8-1024x576.png\" alt=\"\" width=\"1024\" height=\"576\" srcset=\"https:\/\/agora.xtec.cat\/esc-leseresdecreixell\/wp-content\/uploads\/usu1046\/2021\/01\/dia-de-la-ci\u00e8ncia-8-1024x576.png 1024w, https:\/\/agora.xtec.cat\/esc-leseresdecreixell\/wp-content\/uploads\/usu1046\/2021\/01\/dia-de-la-ci\u00e8ncia-8-300x169.png 300w, https:\/\/agora.xtec.cat\/esc-leseresdecreixell\/wp-content\/uploads\/usu1046\/2021\/01\/dia-de-la-ci\u00e8ncia-8-768x432.png 768w, https:\/\/agora.xtec.cat\/esc-leseresdecreixell\/wp-content\/uploads\/usu1046\/2021\/01\/dia-de-la-ci\u00e8ncia-8.png 1366w\" sizes=\"auto, (max-width: 1024px) 100vw, 1024px\" \/><\/a><a href=\"https:\/\/agora.xtec.cat\/esc-leseresdecreixell\/wp-content\/uploads\/usu1046\/2021\/01\/dia-de-la-ci\u00e8ncia-9.png\"><img loading=\"lazy\" decoding=\"async\" class=\"alignnone size-large wp-image-3550\" src=\"https:\/\/agora.xtec.cat\/esc-leseresdecreixell\/wp-content\/uploads\/usu1046\/2021\/01\/dia-de-la-ci\u00e8ncia-9-1024x576.png\" alt=\"\" width=\"1024\" height=\"576\" srcset=\"https:\/\/agora.xtec.cat\/esc-leseresdecreixell\/wp-content\/uploads\/usu1046\/2021\/01\/dia-de-la-ci\u00e8ncia-9-1024x576.png 1024w, https:\/\/agora.xtec.cat\/esc-leseresdecreixell\/wp-content\/uploads\/usu1046\/2021\/01\/dia-de-la-ci\u00e8ncia-9-300x169.png 300w, https:\/\/agora.xtec.cat\/esc-leseresdecreixell\/wp-content\/uploads\/usu1046\/2021\/01\/dia-de-la-ci\u00e8ncia-9-768x432.png 768w, https:\/\/agora.xtec.cat\/esc-leseresdecreixell\/wp-content\/uploads\/usu1046\/2021\/01\/dia-de-la-ci\u00e8ncia-9.png 1366w\" sizes=\"auto, (max-width: 1024px) 100vw, 1024px\" \/><\/a><a href=\"https:\/\/agora.xtec.cat\/esc-leseresdecreixell\/wp-content\/uploads\/usu1046\/2021\/01\/dia-de-la-ci\u00e8ncia-10.png\"><img loading=\"lazy\" decoding=\"async\" class=\"alignnone size-large wp-image-3551\" src=\"https:\/\/agora.xtec.cat\/esc-leseresdecreixell\/wp-content\/uploads\/usu1046\/2021\/01\/dia-de-la-ci\u00e8ncia-10-1024x576.png\" alt=\"\" width=\"1024\" height=\"576\" srcset=\"https:\/\/agora.xtec.cat\/esc-leseresdecreixell\/wp-content\/uploads\/usu1046\/2021\/01\/dia-de-la-ci\u00e8ncia-10-1024x576.png 1024w, https:\/\/agora.xtec.cat\/esc-leseresdecreixell\/wp-content\/uploads\/usu1046\/2021\/01\/dia-de-la-ci\u00e8ncia-10-300x169.png 300w, https:\/\/agora.xtec.cat\/esc-leseresdecreixell\/wp-content\/uploads\/usu1046\/2021\/01\/dia-de-la-ci\u00e8ncia-10-768x432.png 768w, https:\/\/agora.xtec.cat\/esc-leseresdecreixell\/wp-content\/uploads\/usu1046\/2021\/01\/dia-de-la-ci\u00e8ncia-10.png 1366w\" sizes=\"auto, (max-width: 1024px) 100vw, 1024px\" \/><\/a><a href=\"https:\/\/agora.xtec.cat\/esc-leseresdecreixell\/wp-content\/uploads\/usu1046\/2021\/01\/dia-de-la-ci\u00e8ncia-11.png\"><img loading=\"lazy\" decoding=\"async\" class=\"alignnone size-large wp-image-3552\" src=\"https:\/\/agora.xtec.cat\/esc-leseresdecreixell\/wp-content\/uploads\/usu1046\/2021\/01\/dia-de-la-ci\u00e8ncia-11-1024x576.png\" alt=\"\" width=\"1024\" height=\"576\" srcset=\"https:\/\/agora.xtec.cat\/esc-leseresdecreixell\/wp-content\/uploads\/usu1046\/2021\/01\/dia-de-la-ci\u00e8ncia-11-1024x576.png 1024w, https:\/\/agora.xtec.cat\/esc-leseresdecreixell\/wp-content\/uploads\/usu1046\/2021\/01\/dia-de-la-ci\u00e8ncia-11-300x169.png 300w, https:\/\/agora.xtec.cat\/esc-leseresdecreixell\/wp-content\/uploads\/usu1046\/2021\/01\/dia-de-la-ci\u00e8ncia-11-768x432.png 768w, https:\/\/agora.xtec.cat\/esc-leseresdecreixell\/wp-content\/uploads\/usu1046\/2021\/01\/dia-de-la-ci\u00e8ncia-11.png 1366w\" sizes=\"auto, (max-width: 1024px) 100vw, 1024px\" \/><\/a><a href=\"https:\/\/agora.xtec.cat\/esc-leseresdecreixell\/wp-content\/uploads\/usu1046\/2021\/01\/dia-de-la-ci\u00e8ncia-12.png\"><img loading=\"lazy\" decoding=\"async\" class=\"alignnone size-large wp-image-3553\" src=\"https:\/\/agora.xtec.cat\/esc-leseresdecreixell\/wp-content\/uploads\/usu1046\/2021\/01\/dia-de-la-ci\u00e8ncia-12-1024x576.png\" alt=\"\" width=\"1024\" height=\"576\" srcset=\"https:\/\/agora.xtec.cat\/esc-leseresdecreixell\/wp-content\/uploads\/usu1046\/2021\/01\/dia-de-la-ci\u00e8ncia-12-1024x576.png 1024w, https:\/\/agora.xtec.cat\/esc-leseresdecreixell\/wp-content\/uploads\/usu1046\/2021\/01\/dia-de-la-ci\u00e8ncia-12-300x169.png 300w, https:\/\/agora.xtec.cat\/esc-leseresdecreixell\/wp-content\/uploads\/usu1046\/2021\/01\/dia-de-la-ci\u00e8ncia-12-768x432.png 768w, https:\/\/agora.xtec.cat\/esc-leseresdecreixell\/wp-content\/uploads\/usu1046\/2021\/01\/dia-de-la-ci\u00e8ncia-12.png 1366w\" sizes=\"auto, (max-width: 1024px) 100vw, 1024px\" \/><\/a><\/p>\n<p>&nbsp;<\/p>\n","protected":false},"excerpt":{"rendered":"<p>Les classes de 1r i 2n celebrem el Dia de la Ci\u00e8ncia!!!<\/p>\n","protected":false},"author":19,"featured_media":3554,"comment_status":"open","ping_status":"closed","sticky":false,"template":"","format":"standard","meta":{"_bbp_topic_count":0,"_bbp_reply_count":0,"_bbp_total_topic_count":0,"_bbp_total_reply_count":0,"_bbp_voice_count":0,"_bbp_anonymous_reply_count":0,"_bbp_topic_count_hidden":0,"_bbp_reply_count_hidden":0,"_bbp_forum_subforum_count":0,"site-sidebar-layout":"default","site-content-layout":"","ast-site-content-layout":"","site-content-style":"default","site-sidebar-style":"default","ast-global-header-display":"","ast-banner-title-visibility":"","ast-main-header-display":"","ast-hfb-above-header-display":"","ast-hfb-below-header-display":"","ast-hfb-mobile-header-display":"","site-post-title":"","ast-breadcrumbs-content":"","ast-featured-img":"","footer-sml-layout":"","theme-transparent-header-meta":"","adv-header-id-meta":"","stick-header-meta":"","header-above-stick-meta":"","header-main-stick-meta":"","header-below-stick-meta":"","astra-migrate-meta-layouts":"default","ast-page-background-enabled":"default","ast-page-background-meta":{"desktop":{"background-color":"var(--ast-global-color-4)","background-image":"","background-repeat":"repeat","background-position":"center center","background-size":"auto","background-attachment":"scroll","background-type":"","background-media":"","overlay-type":"","overlay-color":"","overlay-opacity":"","overlay-gradient":""},"tablet":{"background-color":"","background-image":"","background-repeat":"repeat","background-position":"center center","background-size":"auto","background-attachment":"scroll","background-type":"","background-media":"","overlay-type":"","overlay-color":"","overlay-opacity":"","overlay-gradient":""},"mobile":{"background-color":"","background-image":"","background-repeat":"repeat","background-position":"center center","background-size":"auto","background-attachment":"scroll","background-type":"","background-media":"","overlay-type":"","overlay-color":"","overlay-opacity":"","overlay-gradient":""}},"ast-content-background-meta":{"desktop":{"background-color":"var(--ast-global-color-5)","background-image":"","background-repeat":"repeat","background-position":"center center","background-size":"auto","background-attachment":"scroll","background-type":"","background-media":"","overlay-type":"","overlay-color":"","overlay-opacity":"","overlay-gradient":""},"tablet":{"background-color":"var(--ast-global-color-5)","background-image":"","background-repeat":"repeat","background-position":"center center","background-size":"auto","background-attachment":"scroll","background-type":"","background-media":"","overlay-type":"","overlay-color":"","overlay-opacity":"","overlay-gradient":""},"mobile":{"background-color":"var(--ast-global-color-5)","background-image":"","background-repeat":"repeat","background-position":"center center","background-size":"auto","background-attachment":"scroll","background-type":"","background-media":"","overlay-type":"","overlay-color":"","overlay-opacity":"","overlay-gradient":""}},"footnotes":""},"categories":[10,11,1,4,5,35],"tags":[],"class_list":["post-3543","post","type-post","status-publish","format-standard","has-post-thumbnail","hentry","category-1r","category-2n","category-general","category-portada","category-primaria","category-sortides-i-activitats"],"post_mailing_queue_ids":[],"_links":{"self":[{"href":"https:\/\/agora.xtec.cat\/esc-leseresdecreixell\/wp-json\/wp\/v2\/posts\/3543","targetHints":{"allow":["GET"]}}],"collection":[{"href":"https:\/\/agora.xtec.cat\/esc-leseresdecreixell\/wp-json\/wp\/v2\/posts"}],"about":[{"href":"https:\/\/agora.xtec.cat\/esc-leseresdecreixell\/wp-json\/wp\/v2\/types\/post"}],"author":[{"embeddable":true,"href":"https:\/\/agora.xtec.cat\/esc-leseresdecreixell\/wp-json\/wp\/v2\/users\/19"}],"replies":[{"embeddable":true,"href":"https:\/\/agora.xtec.cat\/esc-leseresdecreixell\/wp-json\/wp\/v2\/comments?post=3543"}],"version-history":[{"count":2,"href":"https:\/\/agora.xtec.cat\/esc-leseresdecreixell\/wp-json\/wp\/v2\/posts\/3543\/revisions"}],"predecessor-version":[{"id":3560,"href":"https:\/\/agora.xtec.cat\/esc-leseresdecreixell\/wp-json\/wp\/v2\/posts\/3543\/revisions\/3560"}],"wp:featuredmedia":[{"embeddable":true,"href":"https:\/\/agora.xtec.cat\/esc-leseresdecreixell\/wp-json\/wp\/v2\/media\/3554"}],"wp:attachment":[{"href":"https:\/\/agora.xtec.cat\/esc-leseresdecreixell\/wp-json\/wp\/v2\/media?parent=3543"}],"wp:term":[{"taxonomy":"category","embeddable":true,"href":"https:\/\/agora.xtec.cat\/esc-leseresdecreixell\/wp-json\/wp\/v2\/categories?post=3543"},{"taxonomy":"post_tag","embeddable":true,"href":"https:\/\/agora.xtec.cat\/esc-leseresdecreixell\/wp-json\/wp\/v2\/tags?post=3543"}],"curies":[{"name":"wp","href":"https:\/\/api.w.org\/{rel}","templated":true}]}}