{"id":1527,"date":"2019-05-12T19:10:49","date_gmt":"2019-05-12T17:10:49","guid":{"rendered":"http:\/\/agora.xtec.cat\/esc-leseresdecreixell\/?p=1527"},"modified":"2019-05-15T10:08:32","modified_gmt":"2019-05-15T08:08:32","slug":"xvii-trobada-de-corals-deducacio-infantil-i-primaria","status":"publish","type":"post","link":"https:\/\/agora.xtec.cat\/esc-leseresdecreixell\/general\/xvii-trobada-de-corals-deducacio-infantil-i-primaria\/","title":{"rendered":"XVII Trobada de Corals d&#8217;Educaci\u00f3 Infantil i Prim\u00e0ria."},"content":{"rendered":"<p>La Coral de l&#8217;Escola va participar, el dissatbe 11 de maig, a la XVII Trobada de Corals d&#8217;Educaci\u00f3 Infantil i Prim\u00e0ria realitzada al Teatre complex Educatiu de Tarragona. La Coral est\u00e0 formada per l&#8217;alumnat de Cicle Superior i el seu director, Jovi Mart\u00ed.<br \/>\nHo van fer genial i us felicitem per l&#8217;esfor\u00e7 que heu fet durant el curs!<br \/>\n<a href=\"https:\/\/agora.xtec.cat\/esc-leseresdecreixell\/wp-content\/uploads\/usu1046\/2019\/05\/1.jpg\"><img loading=\"lazy\" decoding=\"async\" class=\"alignnone size-full wp-image-1544\" src=\"https:\/\/agora.xtec.cat\/esc-leseresdecreixell\/wp-content\/uploads\/usu1046\/2019\/05\/1.jpg\" alt=\"\" width=\"640\" height=\"480\" srcset=\"https:\/\/agora.xtec.cat\/esc-leseresdecreixell\/wp-content\/uploads\/usu1046\/2019\/05\/1.jpg 640w, https:\/\/agora.xtec.cat\/esc-leseresdecreixell\/wp-content\/uploads\/usu1046\/2019\/05\/1-300x225.jpg 300w, https:\/\/agora.xtec.cat\/esc-leseresdecreixell\/wp-content\/uploads\/usu1046\/2019\/05\/1-200x150.jpg 200w\" sizes=\"auto, (max-width: 640px) 100vw, 640px\" \/><\/a><\/p>\n<p><a href=\"https:\/\/agora.xtec.cat\/esc-leseresdecreixell\/wp-content\/uploads\/usu1046\/2019\/05\/2.jpg\"><img loading=\"lazy\" decoding=\"async\" class=\"alignnone size-large wp-image-1545\" src=\"https:\/\/agora.xtec.cat\/esc-leseresdecreixell\/wp-content\/uploads\/usu1046\/2019\/05\/2.jpg\" alt=\"\" width=\"800\" height=\"600\" srcset=\"https:\/\/agora.xtec.cat\/esc-leseresdecreixell\/wp-content\/uploads\/usu1046\/2019\/05\/2.jpg 800w, https:\/\/agora.xtec.cat\/esc-leseresdecreixell\/wp-content\/uploads\/usu1046\/2019\/05\/2-300x225.jpg 300w, https:\/\/agora.xtec.cat\/esc-leseresdecreixell\/wp-content\/uploads\/usu1046\/2019\/05\/2-768x576.jpg 768w, https:\/\/agora.xtec.cat\/esc-leseresdecreixell\/wp-content\/uploads\/usu1046\/2019\/05\/2-200x150.jpg 200w\" sizes=\"auto, (max-width: 800px) 100vw, 800px\" \/><\/a><\/p>\n<p><a href=\"https:\/\/agora.xtec.cat\/esc-leseresdecreixell\/wp-content\/uploads\/usu1046\/2019\/05\/3.jpg\"><img loading=\"lazy\" decoding=\"async\" class=\"alignnone size-large wp-image-1546\" src=\"https:\/\/agora.xtec.cat\/esc-leseresdecreixell\/wp-content\/uploads\/usu1046\/2019\/05\/3.jpg\" alt=\"\" width=\"800\" height=\"600\" srcset=\"https:\/\/agora.xtec.cat\/esc-leseresdecreixell\/wp-content\/uploads\/usu1046\/2019\/05\/3.jpg 800w, https:\/\/agora.xtec.cat\/esc-leseresdecreixell\/wp-content\/uploads\/usu1046\/2019\/05\/3-300x225.jpg 300w, https:\/\/agora.xtec.cat\/esc-leseresdecreixell\/wp-content\/uploads\/usu1046\/2019\/05\/3-768x576.jpg 768w, https:\/\/agora.xtec.cat\/esc-leseresdecreixell\/wp-content\/uploads\/usu1046\/2019\/05\/3-200x150.jpg 200w\" sizes=\"auto, (max-width: 800px) 100vw, 800px\" \/><\/a><\/p>\n<p><a href=\"https:\/\/agora.xtec.cat\/esc-leseresdecreixell\/wp-content\/uploads\/usu1046\/2019\/05\/4.jpg\"><img loading=\"lazy\" decoding=\"async\" class=\"alignnone size-large wp-image-1547\" src=\"https:\/\/agora.xtec.cat\/esc-leseresdecreixell\/wp-content\/uploads\/usu1046\/2019\/05\/4.jpg\" alt=\"\" width=\"800\" height=\"600\" srcset=\"https:\/\/agora.xtec.cat\/esc-leseresdecreixell\/wp-content\/uploads\/usu1046\/2019\/05\/4.jpg 800w, https:\/\/agora.xtec.cat\/esc-leseresdecreixell\/wp-content\/uploads\/usu1046\/2019\/05\/4-300x225.jpg 300w, https:\/\/agora.xtec.cat\/esc-leseresdecreixell\/wp-content\/uploads\/usu1046\/2019\/05\/4-768x576.jpg 768w, https:\/\/agora.xtec.cat\/esc-leseresdecreixell\/wp-content\/uploads\/usu1046\/2019\/05\/4-200x150.jpg 200w\" sizes=\"auto, (max-width: 800px) 100vw, 800px\" \/><\/a><\/p>\n<p><a href=\"https:\/\/agora.xtec.cat\/esc-leseresdecreixell\/wp-content\/uploads\/usu1046\/2019\/05\/5.jpg\"><img loading=\"lazy\" decoding=\"async\" class=\"alignnone size-large wp-image-1548\" src=\"https:\/\/agora.xtec.cat\/esc-leseresdecreixell\/wp-content\/uploads\/usu1046\/2019\/05\/5.jpg\" alt=\"\" width=\"800\" height=\"600\" srcset=\"https:\/\/agora.xtec.cat\/esc-leseresdecreixell\/wp-content\/uploads\/usu1046\/2019\/05\/5.jpg 800w, https:\/\/agora.xtec.cat\/esc-leseresdecreixell\/wp-content\/uploads\/usu1046\/2019\/05\/5-300x225.jpg 300w, https:\/\/agora.xtec.cat\/esc-leseresdecreixell\/wp-content\/uploads\/usu1046\/2019\/05\/5-768x576.jpg 768w, https:\/\/agora.xtec.cat\/esc-leseresdecreixell\/wp-content\/uploads\/usu1046\/2019\/05\/5-200x150.jpg 200w\" sizes=\"auto, (max-width: 800px) 100vw, 800px\" \/><\/a><\/p>\n<p><a href=\"https:\/\/agora.xtec.cat\/esc-leseresdecreixell\/wp-content\/uploads\/usu1046\/2019\/05\/P1170413.jpg\"><img loading=\"lazy\" decoding=\"async\" class=\"alignnone size-large wp-image-1549\" src=\"https:\/\/agora.xtec.cat\/esc-leseresdecreixell\/wp-content\/uploads\/usu1046\/2019\/05\/P1170413.jpg\" alt=\"\" width=\"640\" height=\"480\" srcset=\"https:\/\/agora.xtec.cat\/esc-leseresdecreixell\/wp-content\/uploads\/usu1046\/2019\/05\/P1170413.jpg 640w, https:\/\/agora.xtec.cat\/esc-leseresdecreixell\/wp-content\/uploads\/usu1046\/2019\/05\/P1170413-300x225.jpg 300w, https:\/\/agora.xtec.cat\/esc-leseresdecreixell\/wp-content\/uploads\/usu1046\/2019\/05\/P1170413-200x150.jpg 200w\" sizes=\"auto, (max-width: 640px) 100vw, 640px\" \/><\/a><\/p>\n<p><a href=\"https:\/\/agora.xtec.cat\/esc-leseresdecreixell\/wp-content\/uploads\/usu1046\/2019\/05\/P1170415.jpg\"><img loading=\"lazy\" decoding=\"async\" class=\"alignnone size-large wp-image-1550\" src=\"https:\/\/agora.xtec.cat\/esc-leseresdecreixell\/wp-content\/uploads\/usu1046\/2019\/05\/P1170415.jpg\" alt=\"\" width=\"640\" height=\"480\" srcset=\"https:\/\/agora.xtec.cat\/esc-leseresdecreixell\/wp-content\/uploads\/usu1046\/2019\/05\/P1170415.jpg 640w, https:\/\/agora.xtec.cat\/esc-leseresdecreixell\/wp-content\/uploads\/usu1046\/2019\/05\/P1170415-300x225.jpg 300w, https:\/\/agora.xtec.cat\/esc-leseresdecreixell\/wp-content\/uploads\/usu1046\/2019\/05\/P1170415-200x150.jpg 200w\" sizes=\"auto, (max-width: 640px) 100vw, 640px\" \/><\/a><\/p>\n","protected":false},"excerpt":{"rendered":"<p>La Coral de l&#8217;Escola, l&#8217;alumnat de Cicle Superior, va participar a la XVII Trobada de Corals d&#8217;Educaci\u00f3 Infantil i Prim\u00e0ria a Tarragona.<\/p>\n","protected":false},"author":17,"featured_media":1546,"comment_status":"open","ping_status":"closed","sticky":false,"template":"","format":"standard","meta":{"_bbp_topic_count":0,"_bbp_reply_count":0,"_bbp_total_topic_count":0,"_bbp_total_reply_count":0,"_bbp_voice_count":0,"_bbp_anonymous_reply_count":0,"_bbp_topic_count_hidden":0,"_bbp_reply_count_hidden":0,"_bbp_forum_subforum_count":0,"site-sidebar-layout":"default","site-content-layout":"","ast-site-content-layout":"","site-content-style":"default","site-sidebar-style":"default","ast-global-header-display":"","ast-banner-title-visibility":"","ast-main-header-display":"","ast-hfb-above-header-display":"","ast-hfb-below-header-display":"","ast-hfb-mobile-header-display":"","site-post-title":"","ast-breadcrumbs-content":"","ast-featured-img":"","footer-sml-layout":"","theme-transparent-header-meta":"","adv-header-id-meta":"","stick-header-meta":"","header-above-stick-meta":"","header-main-stick-meta":"","header-below-stick-meta":"","astra-migrate-meta-layouts":"default","ast-page-background-enabled":"default","ast-page-background-meta":{"desktop":{"background-color":"var(--ast-global-color-4)","background-image":"","background-repeat":"repeat","background-position":"center center","background-size":"auto","background-attachment":"scroll","background-type":"","background-media":"","overlay-type":"","overlay-color":"","overlay-opacity":"","overlay-gradient":""},"tablet":{"background-color":"","background-image":"","background-repeat":"repeat","background-position":"center center","background-size":"auto","background-attachment":"scroll","background-type":"","background-media":"","overlay-type":"","overlay-color":"","overlay-opacity":"","overlay-gradient":""},"mobile":{"background-color":"","background-image":"","background-repeat":"repeat","background-position":"center center","background-size":"auto","background-attachment":"scroll","background-type":"","background-media":"","overlay-type":"","overlay-color":"","overlay-opacity":"","overlay-gradient":""}},"ast-content-background-meta":{"desktop":{"background-color":"var(--ast-global-color-5)","background-image":"","background-repeat":"repeat","background-position":"center center","background-size":"auto","background-attachment":"scroll","background-type":"","background-media":"","overlay-type":"","overlay-color":"","overlay-opacity":"","overlay-gradient":""},"tablet":{"background-color":"var(--ast-global-color-5)","background-image":"","background-repeat":"repeat","background-position":"center center","background-size":"auto","background-attachment":"scroll","background-type":"","background-media":"","overlay-type":"","overlay-color":"","overlay-opacity":"","overlay-gradient":""},"mobile":{"background-color":"var(--ast-global-color-5)","background-image":"","background-repeat":"repeat","background-position":"center center","background-size":"auto","background-attachment":"scroll","background-type":"","background-media":"","overlay-type":"","overlay-color":"","overlay-opacity":"","overlay-gradient":""}},"footnotes":""},"categories":[14,15,41,1,40,4],"tags":[],"class_list":["post-1527","post","type-post","status-publish","format-standard","has-post-thumbnail","hentry","category-5e","category-6e","category-coral","category-general","category-la-coral","category-portada"],"post_mailing_queue_ids":[],"_links":{"self":[{"href":"https:\/\/agora.xtec.cat\/esc-leseresdecreixell\/wp-json\/wp\/v2\/posts\/1527","targetHints":{"allow":["GET"]}}],"collection":[{"href":"https:\/\/agora.xtec.cat\/esc-leseresdecreixell\/wp-json\/wp\/v2\/posts"}],"about":[{"href":"https:\/\/agora.xtec.cat\/esc-leseresdecreixell\/wp-json\/wp\/v2\/types\/post"}],"author":[{"embeddable":true,"href":"https:\/\/agora.xtec.cat\/esc-leseresdecreixell\/wp-json\/wp\/v2\/users\/17"}],"replies":[{"embeddable":true,"href":"https:\/\/agora.xtec.cat\/esc-leseresdecreixell\/wp-json\/wp\/v2\/comments?post=1527"}],"version-history":[{"count":3,"href":"https:\/\/agora.xtec.cat\/esc-leseresdecreixell\/wp-json\/wp\/v2\/posts\/1527\/revisions"}],"predecessor-version":[{"id":1576,"href":"https:\/\/agora.xtec.cat\/esc-leseresdecreixell\/wp-json\/wp\/v2\/posts\/1527\/revisions\/1576"}],"wp:featuredmedia":[{"embeddable":true,"href":"https:\/\/agora.xtec.cat\/esc-leseresdecreixell\/wp-json\/wp\/v2\/media\/1546"}],"wp:attachment":[{"href":"https:\/\/agora.xtec.cat\/esc-leseresdecreixell\/wp-json\/wp\/v2\/media?parent=1527"}],"wp:term":[{"taxonomy":"category","embeddable":true,"href":"https:\/\/agora.xtec.cat\/esc-leseresdecreixell\/wp-json\/wp\/v2\/categories?post=1527"},{"taxonomy":"post_tag","embeddable":true,"href":"https:\/\/agora.xtec.cat\/esc-leseresdecreixell\/wp-json\/wp\/v2\/tags?post=1527"}],"curies":[{"name":"wp","href":"https:\/\/api.w.org\/{rel}","templated":true}]}}