{"id":872,"date":"2020-06-01T08:30:47","date_gmt":"2020-06-01T06:30:47","guid":{"rendered":"https:\/\/agora.xtec.cat\/esc-lasiniamolins\/?p=872"},"modified":"2020-06-02T08:39:25","modified_gmt":"2020-06-02T06:39:25","slug":"la-sinia-a-casa-2-5-juny","status":"publish","type":"post","link":"https:\/\/agora.xtec.cat\/esc-lasiniamolins\/general\/la-sinia-a-casa-2-5-juny\/","title":{"rendered":"LA SINIA A CASA (2-5 JUNY)"},"content":{"rendered":"<p>Comencem una setmana m\u00e9s curta del que \u00e9s habitual amb nous reptes. Els que encara no ens h\u00e0giu fet arribar la <strong>foto<\/strong> per al <strong>comiat de sis\u00e8<\/strong> recordeu fer-ho com a m\u00e0xim fins dijous <strong>4 de juny<\/strong>!<\/p>\n<p>A continuaci\u00f3 us adjuntem els fulls de tasques de tots els nivells per a la setmana del <strong>2 al 5 de juny:<\/strong><\/p>\n<p><a href=\"https:\/\/agora.xtec.cat\/esc-lasiniamolins\/wp-content\/uploads\/usu2018\/2020\/05\/P3-LaS\u00edniaaCasa9.pdf\">P3 LaS\u00edniaaCasa9<\/a><\/p>\n<p><a href=\"https:\/\/agora.xtec.cat\/esc-lasiniamolins\/wp-content\/uploads\/usu2018\/2020\/05\/P4-LaS\u00edniaaCasa9.pdf\">P4 LaS\u00edniaaCasa9<\/a><\/p>\n<p><a href=\"https:\/\/agora.xtec.cat\/esc-lasiniamolins\/wp-content\/uploads\/usu2018\/2020\/05\/P5-LaS\u00edniaaCasa9.pdf\">P5 LaS\u00edniaaCasa9<\/a><\/p>\n<p><a href=\"https:\/\/agora.xtec.cat\/esc-lasiniamolins\/wp-content\/uploads\/usu2018\/2020\/05\/1r-LaS\u00edniaaCasa9.pdf\">1r LaS\u00edniaaCasa9<\/a><\/p>\n<p><a href=\"https:\/\/agora.xtec.cat\/esc-lasiniamolins\/wp-content\/uploads\/usu2018\/2020\/05\/2n-LaS\u00edniaaCasa9.pdf\">2n LaS\u00edniaaCasa9<\/a><\/p>\n<p><a href=\"https:\/\/agora.xtec.cat\/esc-lasiniamolins\/wp-content\/uploads\/usu2018\/2020\/05\/3r-LaSiniaaCasa9.pdf\">3r LaSiniaaCasa9<\/a><\/p>\n<p><a href=\"https:\/\/agora.xtec.cat\/esc-lasiniamolins\/wp-content\/uploads\/usu2018\/2020\/05\/4t-LaS\u00edniaaCasa9.pdf\">4t LaS\u00edniaaCasa9<\/a><\/p>\n<p><a href=\"https:\/\/agora.xtec.cat\/esc-lasiniamolins\/wp-content\/uploads\/usu2018\/2020\/05\/5\u00e8-LaS\u00edniaaCasa9.pdf\">5\u00e8 LaS\u00edniaaCasa9<\/a><\/p>\n<p><a href=\"https:\/\/agora.xtec.cat\/esc-lasiniamolins\/wp-content\/uploads\/usu2018\/2020\/05\/6\u00e8LaS\u00edniaacasa9.pdf\">6\u00e8 LaS\u00edniaacasa9<\/a><\/p>\n","protected":false},"excerpt":{"rendered":"<p>Comencem una setmana m\u00e9s curta del que \u00e9s habitual amb nous reptes. Els que encara no ens h\u00e0giu fet arribar la foto per al comiat de sis\u00e8 recordeu fer-ho com a m\u00e0xim fins dijous 4 de juny!<br \/>\nA continuaci\u00f3 us adjuntem els fulls de tasques de&hellip;  <a href=\"https:\/\/agora.xtec.cat\/esc-lasiniamolins\/general\/la-sinia-a-casa-2-5-juny\/\" title=\"Read LA SINIA A CASA (2-5 JUNY)\">Llegeix m\u00e9s\u00bb<\/a><\/p>\n","protected":false},"author":1,"featured_media":0,"comment_status":"open","ping_status":"closed","sticky":false,"template":"","format":"standard","meta":{"_bbp_topic_count":0,"_bbp_reply_count":0,"_bbp_total_topic_count":0,"_bbp_total_reply_count":0,"_bbp_voice_count":0,"_bbp_anonymous_reply_count":0,"_bbp_topic_count_hidden":0,"_bbp_reply_count_hidden":0,"_bbp_forum_subforum_count":0,"footnotes":""},"categories":[4,1],"tags":[128],"class_list":["post-872","post","type-post","status-publish","format-standard","hentry","category-portada","category-general","tag-la-sinia-a-casa"],"post_mailing_queue_ids":[],"_links":{"self":[{"href":"https:\/\/agora.xtec.cat\/esc-lasiniamolins\/wp-json\/wp\/v2\/posts\/872","targetHints":{"allow":["GET"]}}],"collection":[{"href":"https:\/\/agora.xtec.cat\/esc-lasiniamolins\/wp-json\/wp\/v2\/posts"}],"about":[{"href":"https:\/\/agora.xtec.cat\/esc-lasiniamolins\/wp-json\/wp\/v2\/types\/post"}],"author":[{"embeddable":true,"href":"https:\/\/agora.xtec.cat\/esc-lasiniamolins\/wp-json\/wp\/v2\/users\/1"}],"replies":[{"embeddable":true,"href":"https:\/\/agora.xtec.cat\/esc-lasiniamolins\/wp-json\/wp\/v2\/comments?post=872"}],"version-history":[{"count":1,"href":"https:\/\/agora.xtec.cat\/esc-lasiniamolins\/wp-json\/wp\/v2\/posts\/872\/revisions"}],"predecessor-version":[{"id":882,"href":"https:\/\/agora.xtec.cat\/esc-lasiniamolins\/wp-json\/wp\/v2\/posts\/872\/revisions\/882"}],"wp:attachment":[{"href":"https:\/\/agora.xtec.cat\/esc-lasiniamolins\/wp-json\/wp\/v2\/media?parent=872"}],"wp:term":[{"taxonomy":"category","embeddable":true,"href":"https:\/\/agora.xtec.cat\/esc-lasiniamolins\/wp-json\/wp\/v2\/categories?post=872"},{"taxonomy":"post_tag","embeddable":true,"href":"https:\/\/agora.xtec.cat\/esc-lasiniamolins\/wp-json\/wp\/v2\/tags?post=872"}],"curies":[{"name":"wp","href":"https:\/\/api.w.org\/{rel}","templated":true}]}}