{"id":828,"date":"2020-05-27T10:57:30","date_gmt":"2020-05-27T08:57:30","guid":{"rendered":"https:\/\/agora.xtec.cat\/esc-lasiniamolins\/?p=828"},"modified":"2020-05-27T10:58:01","modified_gmt":"2020-05-27T08:58:01","slug":"beques-menjador-curs-2020-21","status":"publish","type":"post","link":"https:\/\/agora.xtec.cat\/esc-lasiniamolins\/general\/beques-menjador-curs-2020-21\/","title":{"rendered":"BEQUES MENJADOR  CURS 2020-21"},"content":{"rendered":"<p>Us informem que s\u2019han aprovat les bases per a la convocat\u00f2ria dels ajuts de menjador escolar per al curs 2020-2021.<\/p>\n<p>Les mesures de confinament i les mesures sanit\u00e0ries deriven en que la tramitaci\u00f3 dels ajuts per proper curs ser\u00e0 principalment telem\u00e0tica, i les fam\u00edlies des d\u2019un m\u00f2bil, ordinador, o tauleta podran accedir a la web del Consell Comarcal www.elbaixllobregat.cat i realitzar el tr\u00e0mit. El termini per a la presentaci\u00f3 de sol\u00b7licituds \u00e9s del 4 al 17 de juny de 2020.<\/p>\n<p><a href=\"https:\/\/agora.xtec.cat\/esc-lasiniamolins\/wp-content\/uploads\/usu2018\/2020\/05\/1BASES-beques-menjador-2020-2021-telematica.pdf\">1BASES beques menjador 2020-2021 telematica<\/a><\/p>\n<p><a href=\"https:\/\/agora.xtec.cat\/esc-lasiniamolins\/wp-content\/uploads\/usu2018\/2020\/05\/FAQS-2020-2021.pdf\">FAQS 2020-2021<\/a><\/p>\n","protected":false},"excerpt":{"rendered":"<p>Us informem que s\u2019han aprovat les bases per a la convocat\u00f2ria dels ajuts de menjador escolar per al curs 2020-2021.<br \/>\nLes mesures de confinament i les mesures sanit\u00e0ries deriven en que la tramitaci\u00f3 dels ajuts per proper curs ser\u00e0 principalment telem\u00e0tica, i les fam\u00edlies des d\u2019un&hellip;  <a href=\"https:\/\/agora.xtec.cat\/esc-lasiniamolins\/general\/beques-menjador-curs-2020-21\/\" title=\"Read BEQUES MENJADOR  CURS 2020-21\">Llegeix m\u00e9s\u00bb<\/a><\/p>\n","protected":false},"author":1,"featured_media":0,"comment_status":"open","ping_status":"closed","sticky":false,"template":"","format":"standard","meta":{"_bbp_topic_count":0,"_bbp_reply_count":0,"_bbp_total_topic_count":0,"_bbp_total_reply_count":0,"_bbp_voice_count":0,"_bbp_anonymous_reply_count":0,"_bbp_topic_count_hidden":0,"_bbp_reply_count_hidden":0,"_bbp_forum_subforum_count":0,"footnotes":""},"categories":[4,1],"tags":[134,135],"class_list":["post-828","post","type-post","status-publish","format-standard","hentry","category-portada","category-general","tag-beques-menjador","tag-curs-2020-21"],"post_mailing_queue_ids":[],"_links":{"self":[{"href":"https:\/\/agora.xtec.cat\/esc-lasiniamolins\/wp-json\/wp\/v2\/posts\/828","targetHints":{"allow":["GET"]}}],"collection":[{"href":"https:\/\/agora.xtec.cat\/esc-lasiniamolins\/wp-json\/wp\/v2\/posts"}],"about":[{"href":"https:\/\/agora.xtec.cat\/esc-lasiniamolins\/wp-json\/wp\/v2\/types\/post"}],"author":[{"embeddable":true,"href":"https:\/\/agora.xtec.cat\/esc-lasiniamolins\/wp-json\/wp\/v2\/users\/1"}],"replies":[{"embeddable":true,"href":"https:\/\/agora.xtec.cat\/esc-lasiniamolins\/wp-json\/wp\/v2\/comments?post=828"}],"version-history":[{"count":1,"href":"https:\/\/agora.xtec.cat\/esc-lasiniamolins\/wp-json\/wp\/v2\/posts\/828\/revisions"}],"predecessor-version":[{"id":831,"href":"https:\/\/agora.xtec.cat\/esc-lasiniamolins\/wp-json\/wp\/v2\/posts\/828\/revisions\/831"}],"wp:attachment":[{"href":"https:\/\/agora.xtec.cat\/esc-lasiniamolins\/wp-json\/wp\/v2\/media?parent=828"}],"wp:term":[{"taxonomy":"category","embeddable":true,"href":"https:\/\/agora.xtec.cat\/esc-lasiniamolins\/wp-json\/wp\/v2\/categories?post=828"},{"taxonomy":"post_tag","embeddable":true,"href":"https:\/\/agora.xtec.cat\/esc-lasiniamolins\/wp-json\/wp\/v2\/tags?post=828"}],"curies":[{"name":"wp","href":"https:\/\/api.w.org\/{rel}","templated":true}]}}