{"id":632,"date":"2020-03-12T11:14:00","date_gmt":"2020-03-12T10:14:00","guid":{"rendered":"https:\/\/agora.xtec.cat\/esc-lasiniamolins\/?p=632"},"modified":"2020-03-13T17:13:10","modified_gmt":"2020-03-13T16:13:10","slug":"lestacio-meteorologica-de-lescola-la-sinia-imolin6","status":"publish","type":"post","link":"https:\/\/agora.xtec.cat\/esc-lasiniamolins\/portada\/lestacio-meteorologica-de-lescola-la-sinia-imolin6\/","title":{"rendered":"5\u00e8 . L\u2019Estaci\u00f3 meterol\u00f2gica de l&#8217;Escola La S\u00ednia (IMOLIN6)"},"content":{"rendered":"<p>Aquesta setmana els nens i nenes de 5\u00e8 hem instal\u00b7lat una estaci\u00f3 meteorol\u00f2gica a l\u2019escola. Des de l\u2019inici de trimestre hem estat avan\u00e7ant en el projecte Meteorologia i ara ja podrem comen\u00e7ar a comparar dades amb l\u2019escola de Campred\u00f3.<\/p>\n<p>Podeu consultar les dades online seguint aquest hipervincle:<\/p>\n<p><a href=\"https:\/\/www.wunderground.com\/dashboard\/pws\/IMOLIN6?cm_ven=localwx_pwsdash\">https:\/\/www.wunderground.com\/dashboard\/pws\/IMOLIN6?cm_ven=localwx_pwsdash<\/a><\/p>\n<p><img loading=\"lazy\" decoding=\"async\" class=\"alignnone size-full wp-image-637\" src=\"https:\/\/agora.xtec.cat\/esc-lasiniamolins\/wp-content\/uploads\/usu2018\/2020\/03\/IMG_20200227_103303-768x384.jpg\" alt=\"\" width=\"768\" height=\"384\" srcset=\"https:\/\/agora.xtec.cat\/esc-lasiniamolins\/wp-content\/uploads\/usu2018\/2020\/03\/IMG_20200227_103303-768x384.jpg 768w, https:\/\/agora.xtec.cat\/esc-lasiniamolins\/wp-content\/uploads\/usu2018\/2020\/03\/IMG_20200227_103303-768x384-300x150.jpg 300w\" sizes=\"auto, (max-width: 768px) 100vw, 768px\" \/><img loading=\"lazy\" decoding=\"async\" class=\"alignnone size-full wp-image-633\" src=\"https:\/\/agora.xtec.cat\/esc-lasiniamolins\/wp-content\/uploads\/usu2018\/2020\/03\/IMG_20200227_103319-768x384.jpg\" alt=\"\" width=\"768\" height=\"384\" srcset=\"https:\/\/agora.xtec.cat\/esc-lasiniamolins\/wp-content\/uploads\/usu2018\/2020\/03\/IMG_20200227_103319-768x384.jpg 768w, https:\/\/agora.xtec.cat\/esc-lasiniamolins\/wp-content\/uploads\/usu2018\/2020\/03\/IMG_20200227_103319-768x384-300x150.jpg 300w\" sizes=\"auto, (max-width: 768px) 100vw, 768px\" \/><\/p>\n","protected":false},"excerpt":{"rendered":"<p>Aquesta setmana els nens i nenes de 5\u00e8 hem instal\u00b7lat una estaci\u00f3 meteorol\u00f2gica a l\u2019escola. Des de l\u2019inici de trimestre hem estat avan\u00e7ant en el projecte Meteorologia i ara ja podrem comen\u00e7ar a comparar dades amb l\u2019escola de Campred\u00f3.<br \/>\nPodeu consultar les dades online seguint aquest&hellip;  <a href=\"https:\/\/agora.xtec.cat\/esc-lasiniamolins\/portada\/lestacio-meteorologica-de-lescola-la-sinia-imolin6\/\" title=\"Read 5\u00e8 . L\u2019Estaci\u00f3 meterol\u00f2gica de l&#8217;Escola La S\u00ednia (IMOLIN6)\">Llegeix m\u00e9s\u00bb<\/a><\/p>\n","protected":false},"author":1,"featured_media":633,"comment_status":"open","ping_status":"closed","sticky":false,"template":"","format":"standard","meta":{"_bbp_topic_count":0,"_bbp_reply_count":0,"_bbp_total_topic_count":0,"_bbp_total_reply_count":0,"_bbp_voice_count":0,"_bbp_anonymous_reply_count":0,"_bbp_topic_count_hidden":0,"_bbp_reply_count_hidden":0,"_bbp_forum_subforum_count":0,"footnotes":""},"categories":[14,4],"tags":[72,90,74,91,75],"class_list":["post-632","post","type-post","status-publish","format-standard","has-post-thumbnail","hentry","category-5e","category-portada","tag-5e","tag-estacio-meteorologica","tag-matagalls","tag-projecte","tag-turo-de-lhome"],"post_mailing_queue_ids":[],"_links":{"self":[{"href":"https:\/\/agora.xtec.cat\/esc-lasiniamolins\/wp-json\/wp\/v2\/posts\/632","targetHints":{"allow":["GET"]}}],"collection":[{"href":"https:\/\/agora.xtec.cat\/esc-lasiniamolins\/wp-json\/wp\/v2\/posts"}],"about":[{"href":"https:\/\/agora.xtec.cat\/esc-lasiniamolins\/wp-json\/wp\/v2\/types\/post"}],"author":[{"embeddable":true,"href":"https:\/\/agora.xtec.cat\/esc-lasiniamolins\/wp-json\/wp\/v2\/users\/1"}],"replies":[{"embeddable":true,"href":"https:\/\/agora.xtec.cat\/esc-lasiniamolins\/wp-json\/wp\/v2\/comments?post=632"}],"version-history":[{"count":3,"href":"https:\/\/agora.xtec.cat\/esc-lasiniamolins\/wp-json\/wp\/v2\/posts\/632\/revisions"}],"predecessor-version":[{"id":663,"href":"https:\/\/agora.xtec.cat\/esc-lasiniamolins\/wp-json\/wp\/v2\/posts\/632\/revisions\/663"}],"wp:featuredmedia":[{"embeddable":true,"href":"https:\/\/agora.xtec.cat\/esc-lasiniamolins\/wp-json\/wp\/v2\/media\/633"}],"wp:attachment":[{"href":"https:\/\/agora.xtec.cat\/esc-lasiniamolins\/wp-json\/wp\/v2\/media?parent=632"}],"wp:term":[{"taxonomy":"category","embeddable":true,"href":"https:\/\/agora.xtec.cat\/esc-lasiniamolins\/wp-json\/wp\/v2\/categories?post=632"},{"taxonomy":"post_tag","embeddable":true,"href":"https:\/\/agora.xtec.cat\/esc-lasiniamolins\/wp-json\/wp\/v2\/tags?post=632"}],"curies":[{"name":"wp","href":"https:\/\/api.w.org\/{rel}","templated":true}]}}