{"id":589,"date":"2020-03-13T08:28:34","date_gmt":"2020-03-13T07:28:34","guid":{"rendered":"https:\/\/agora.xtec.cat\/esc-lasiniamolins\/?p=589"},"modified":"2020-03-13T17:06:47","modified_gmt":"2020-03-13T16:06:47","slug":"els-mosquits","status":"publish","type":"post","link":"https:\/\/agora.xtec.cat\/esc-lasiniamolins\/portada\/els-mosquits\/","title":{"rendered":"P4. ELS MOSQUITS"},"content":{"rendered":"<p>A l\u2019inici de curs, els nens i les nenes dels vermells van observar que hi havien molts mosquits per la classe, pel pati\u2026per tot arreu!<\/p>\n<p>Quan es va dir que haur\u00edem de triar projecte nou, no ho van dubtar, volien saber moltes coses dels mosquits. Sobretot es preguntaven:\u00a0<strong>PER QU\u00c8 PIQUEN ELS MOSQUITS?<\/strong><\/p>\n<p>Aix\u00ed que ens hem endinsat en aquest m\u00f3n tan proper per\u00f2 tan desconegut i hem apr\u00e8s moltes coses curioses sobre aquests \u00e9ssers tan petitonets. Aqu\u00ed us deixem un petit recull de la feina que han fet els nens i nenes de P4 Vermells.<\/p>\n<p>En rotllana es va parlar de tot all\u00f2 que volien saber:<\/p>\n<h1>1.- Les parts del mosquit.<\/h1>\n<h1>2.- Com neixen?<\/h1>\n<h1>3.- Tipus de mosquits.<\/h1>\n<h1>4.- A on viuen?<\/h1>\n<h1>5.- Com moren els mosquits?<\/h1>\n<h1>6.- Per qu\u00e8 piquen els mosquits?<\/h1>\n<p>Al tenir tantes preguntes sobre aquest tema es va decidir crear grups d\u2019experts. Cada grup compost per 4 o 5 infants buscaven informaci\u00f3 sobre la pregunta triada i l\u2019exposaven a la resta de companys, de diferents maneres.<\/p>\n<p><a href=\"https:\/\/photos.google.com\/share\/AF1QipNu-eq0oF0Cs56173mFvLzz-LiepSpkat0qInpETs5NCO6e9ZzGV2ZL14ikutYAvA?key=andlZHlPQ2ZNZGluU05SejV6LUg2a2JnOTB6blR3\"><img loading=\"lazy\" decoding=\"async\" class=\"alignnone size-full wp-image-590\" src=\"https:\/\/agora.xtec.cat\/esc-lasiniamolins\/wp-content\/uploads\/usu2018\/2020\/03\/IMG_20191106_160510.jpg\" alt=\"\" width=\"1000\" height=\"750\" srcset=\"https:\/\/agora.xtec.cat\/esc-lasiniamolins\/wp-content\/uploads\/usu2018\/2020\/03\/IMG_20191106_160510.jpg 1000w, https:\/\/agora.xtec.cat\/esc-lasiniamolins\/wp-content\/uploads\/usu2018\/2020\/03\/IMG_20191106_160510-300x225.jpg 300w, https:\/\/agora.xtec.cat\/esc-lasiniamolins\/wp-content\/uploads\/usu2018\/2020\/03\/IMG_20191106_160510-768x576.jpg 768w, https:\/\/agora.xtec.cat\/esc-lasiniamolins\/wp-content\/uploads\/usu2018\/2020\/03\/IMG_20191106_160510-200x150.jpg 200w\" sizes=\"auto, (max-width: 1000px) 100vw, 1000px\" \/><\/a><\/p>\n","protected":false},"excerpt":{"rendered":"<p>A l\u2019inici de curs, els nens i les nenes dels vermells van observar que hi havien molts mosquits per la classe, pel pati\u2026per tot arreu!<br \/>\nQuan es va dir que haur\u00edem de triar projecte nou, no ho van dubtar, volien saber moltes coses dels mosquits. Sobretot&hellip;  <a href=\"https:\/\/agora.xtec.cat\/esc-lasiniamolins\/portada\/els-mosquits\/\" title=\"Read P4. ELS MOSQUITS\">Llegeix m\u00e9s\u00bb<\/a><\/p>\n","protected":false},"author":1,"featured_media":590,"comment_status":"open","ping_status":"closed","sticky":false,"template":"","format":"standard","meta":{"_bbp_topic_count":0,"_bbp_reply_count":0,"_bbp_total_topic_count":0,"_bbp_total_reply_count":0,"_bbp_voice_count":0,"_bbp_anonymous_reply_count":0,"_bbp_topic_count_hidden":0,"_bbp_reply_count_hidden":0,"_bbp_forum_subforum_count":0,"footnotes":""},"categories":[8,4],"tags":[63,82,83,79,84,80,81],"class_list":["post-589","post","type-post","status-publish","format-standard","has-post-thumbnail","hentry","category-p4","category-portada","tag-curs-2019-20","tag-liles","tag-mosquits","tag-p4","tag-projecte-mosquits","tag-projectes","tag-vermells"],"post_mailing_queue_ids":[],"_links":{"self":[{"href":"https:\/\/agora.xtec.cat\/esc-lasiniamolins\/wp-json\/wp\/v2\/posts\/589","targetHints":{"allow":["GET"]}}],"collection":[{"href":"https:\/\/agora.xtec.cat\/esc-lasiniamolins\/wp-json\/wp\/v2\/posts"}],"about":[{"href":"https:\/\/agora.xtec.cat\/esc-lasiniamolins\/wp-json\/wp\/v2\/types\/post"}],"author":[{"embeddable":true,"href":"https:\/\/agora.xtec.cat\/esc-lasiniamolins\/wp-json\/wp\/v2\/users\/1"}],"replies":[{"embeddable":true,"href":"https:\/\/agora.xtec.cat\/esc-lasiniamolins\/wp-json\/wp\/v2\/comments?post=589"}],"version-history":[{"count":2,"href":"https:\/\/agora.xtec.cat\/esc-lasiniamolins\/wp-json\/wp\/v2\/posts\/589\/revisions"}],"predecessor-version":[{"id":659,"href":"https:\/\/agora.xtec.cat\/esc-lasiniamolins\/wp-json\/wp\/v2\/posts\/589\/revisions\/659"}],"wp:featuredmedia":[{"embeddable":true,"href":"https:\/\/agora.xtec.cat\/esc-lasiniamolins\/wp-json\/wp\/v2\/media\/590"}],"wp:attachment":[{"href":"https:\/\/agora.xtec.cat\/esc-lasiniamolins\/wp-json\/wp\/v2\/media?parent=589"}],"wp:term":[{"taxonomy":"category","embeddable":true,"href":"https:\/\/agora.xtec.cat\/esc-lasiniamolins\/wp-json\/wp\/v2\/categories?post=589"},{"taxonomy":"post_tag","embeddable":true,"href":"https:\/\/agora.xtec.cat\/esc-lasiniamolins\/wp-json\/wp\/v2\/tags?post=589"}],"curies":[{"name":"wp","href":"https:\/\/api.w.org\/{rel}","templated":true}]}}