{"id":4327,"date":"2026-02-02T09:13:47","date_gmt":"2026-02-02T08:13:47","guid":{"rendered":"https:\/\/agora.xtec.cat\/esc-lasiniamolins\/?p=4327"},"modified":"2026-02-04T09:14:42","modified_gmt":"2026-02-04T08:14:42","slug":"sortida-de-2n-al-museu-moli-paperer-de-capellades","status":"publish","type":"post","link":"https:\/\/agora.xtec.cat\/esc-lasiniamolins\/portada\/sortida-de-2n-al-museu-moli-paperer-de-capellades\/","title":{"rendered":"Sortida de 2n al Museu Mol\u00ed Paperer de Capellades"},"content":{"rendered":"<p>Els infants de 2n i dins el marc del projecte de les m\u00e0quines, hem visitat el Museu Mol\u00ed paperer de Capellades per veure com es feia el paper de forma artesanal i les m\u00e0quines que ens ajudaven a fer-lo. Despr\u00e9s de seguir tot el proc\u00e9s tal com es feia antigament, nosaltres mateixos hem pogut posar les mans a l&#8217;aigua i fer el nostre propi full de paper. A part d&#8217;aquesta activitat m\u00e9s t\u00e8cnica, hem pogut jugar a la Font Cuitora i al Parc de la Bassa i fer un tomb pel poble. Ha estat una excursi\u00f3 molt completa i divertida. Mireu!!!<\/p>\n<p><a href=\"https:\/\/photos.app.goo.gl\/xpbRdYyGfrGSJbyw9\"><img loading=\"lazy\" decoding=\"async\" class=\"aligncenter wp-image-4328 size-full\" src=\"https:\/\/agora.xtec.cat\/esc-lasiniamolins\/wp-content\/uploads\/usu2018\/2026\/02\/Presentacion1.jpg\" alt=\"\" width=\"960\" height=\"720\" srcset=\"https:\/\/agora.xtec.cat\/esc-lasiniamolins\/wp-content\/uploads\/usu2018\/2026\/02\/Presentacion1.jpg 960w, https:\/\/agora.xtec.cat\/esc-lasiniamolins\/wp-content\/uploads\/usu2018\/2026\/02\/Presentacion1-300x225.jpg 300w, https:\/\/agora.xtec.cat\/esc-lasiniamolins\/wp-content\/uploads\/usu2018\/2026\/02\/Presentacion1-768x576.jpg 768w, https:\/\/agora.xtec.cat\/esc-lasiniamolins\/wp-content\/uploads\/usu2018\/2026\/02\/Presentacion1-200x150.jpg 200w\" sizes=\"auto, (max-width: 960px) 100vw, 960px\" \/><\/a><\/p>\n","protected":false},"excerpt":{"rendered":"<p>Els infants de 2n i dins el marc del projecte de les m\u00e0quines, hem visitat el Museu Mol\u00ed paperer de Capellades per veure com es feia el paper de forma artesanal i les m\u00e0quines que ens ajudaven a fer-lo. Despr\u00e9s de seguir tot el proc\u00e9s&hellip;  <a href=\"https:\/\/agora.xtec.cat\/esc-lasiniamolins\/portada\/sortida-de-2n-al-museu-moli-paperer-de-capellades\/\" title=\"Read Sortida de 2n al Museu Mol\u00ed Paperer de Capellades\">Llegeix m\u00e9s\u00bb<\/a><\/p>\n","protected":false},"author":8,"featured_media":0,"comment_status":"open","ping_status":"open","sticky":false,"template":"","format":"standard","meta":{"_bbp_topic_count":0,"_bbp_reply_count":0,"_bbp_total_topic_count":0,"_bbp_total_reply_count":0,"_bbp_voice_count":0,"_bbp_anonymous_reply_count":0,"_bbp_topic_count_hidden":0,"_bbp_reply_count_hidden":0,"_bbp_forum_subforum_count":0,"footnotes":""},"categories":[11,208,4],"tags":[561,597,598],"class_list":["post-4327","post","type-post","status-publish","format-standard","hentry","category-2n","category-mitjans","category-portada","tag-curs-25-26","tag-montcau-25-26","tag-projectes-25-26"],"post_mailing_queue_ids":[],"_links":{"self":[{"href":"https:\/\/agora.xtec.cat\/esc-lasiniamolins\/wp-json\/wp\/v2\/posts\/4327","targetHints":{"allow":["GET"]}}],"collection":[{"href":"https:\/\/agora.xtec.cat\/esc-lasiniamolins\/wp-json\/wp\/v2\/posts"}],"about":[{"href":"https:\/\/agora.xtec.cat\/esc-lasiniamolins\/wp-json\/wp\/v2\/types\/post"}],"author":[{"embeddable":true,"href":"https:\/\/agora.xtec.cat\/esc-lasiniamolins\/wp-json\/wp\/v2\/users\/8"}],"replies":[{"embeddable":true,"href":"https:\/\/agora.xtec.cat\/esc-lasiniamolins\/wp-json\/wp\/v2\/comments?post=4327"}],"version-history":[{"count":2,"href":"https:\/\/agora.xtec.cat\/esc-lasiniamolins\/wp-json\/wp\/v2\/posts\/4327\/revisions"}],"predecessor-version":[{"id":4332,"href":"https:\/\/agora.xtec.cat\/esc-lasiniamolins\/wp-json\/wp\/v2\/posts\/4327\/revisions\/4332"}],"wp:attachment":[{"href":"https:\/\/agora.xtec.cat\/esc-lasiniamolins\/wp-json\/wp\/v2\/media?parent=4327"}],"wp:term":[{"taxonomy":"category","embeddable":true,"href":"https:\/\/agora.xtec.cat\/esc-lasiniamolins\/wp-json\/wp\/v2\/categories?post=4327"},{"taxonomy":"post_tag","embeddable":true,"href":"https:\/\/agora.xtec.cat\/esc-lasiniamolins\/wp-json\/wp\/v2\/tags?post=4327"}],"curies":[{"name":"wp","href":"https:\/\/api.w.org\/{rel}","templated":true}]}}