{"id":4269,"date":"2025-12-05T13:59:38","date_gmt":"2025-12-05T12:59:38","guid":{"rendered":"https:\/\/agora.xtec.cat\/esc-lasiniamolins\/?p=4269"},"modified":"2025-12-05T13:59:38","modified_gmt":"2025-12-05T12:59:38","slug":"projecte-de-la-nostra-muntanya-de-2n","status":"publish","type":"post","link":"https:\/\/agora.xtec.cat\/esc-lasiniamolins\/general\/projecte-de-la-nostra-muntanya-de-2n\/","title":{"rendered":"PROJECTE DE LA NOSTRA MUNTANYA DE 2N"},"content":{"rendered":"<p>Els infants de 2n Puig les Agulles i La Morella ens hem convertit en uns experts en roques, minerals i el relleu del litoral catal\u00e0. Ha estat gr\u00e0cies a tot el treball que hem estat fent durant dos mesos sobre la zona on es troben les nostres muntanyes (Mass\u00eds del Garraf) i les seves roques caracter\u00edstiques: les roques calc\u00e0ries. Per saber-ne m\u00e9s hem necessitat l&#8217;ajuda d&#8217;experts: un ge\u00f2leg i un enginyer de mines, per\u00f2 sobretot ens ha anat molt b\u00e9 fer el cim i poder buscar, observar i comparar les roques que ten\u00edem a l&#8217;aula i les d&#8217;all\u00e0 per certificar quines eren calc\u00e0ries i quines no. Durant tot el proc\u00e9s hem hagut de fer un an\u00e0lisi d&#8217;unes roques, pes, textura, tamany&#8230;, una maqueta del relleu de muntanya, una exposici\u00f3 oral de tots els coneixements als companys i companyes de 4t i un seguit de tasques que ens han anat ajudant a comprendre la import\u00e0ncia dels minerals i les roques en les nostres vides i a donar sentit al segon element de la natura que ha aparegut en els nostres camins: la terra. <a href=\"https:\/\/photos.app.goo.gl\/9jqzvDHdDQ5qEyRGA\">Mireu quin recull d&#8217;imatges!!!<\/a><\/p>\n<p><img loading=\"lazy\" decoding=\"async\" class=\"alignleft wp-image-4271 size-medium\" src=\"https:\/\/agora.xtec.cat\/esc-lasiniamolins\/wp-content\/uploads\/usu2018\/2025\/12\/Captura-de-pantalla-2025-12-04-155720-223x300.png\" alt=\"\" width=\"223\" height=\"300\" srcset=\"https:\/\/agora.xtec.cat\/esc-lasiniamolins\/wp-content\/uploads\/usu2018\/2025\/12\/Captura-de-pantalla-2025-12-04-155720-223x300.png 223w, https:\/\/agora.xtec.cat\/esc-lasiniamolins\/wp-content\/uploads\/usu2018\/2025\/12\/Captura-de-pantalla-2025-12-04-155720.png 471w\" sizes=\"auto, (max-width: 223px) 100vw, 223px\" \/> <img loading=\"lazy\" decoding=\"async\" class=\"aligncenter size-medium wp-image-4272\" src=\"https:\/\/agora.xtec.cat\/esc-lasiniamolins\/wp-content\/uploads\/usu2018\/2025\/12\/Captura-de-pantalla-2025-12-04-155744-300x224.png\" alt=\"\" width=\"300\" height=\"224\" srcset=\"https:\/\/agora.xtec.cat\/esc-lasiniamolins\/wp-content\/uploads\/usu2018\/2025\/12\/Captura-de-pantalla-2025-12-04-155744-300x224.png 300w, https:\/\/agora.xtec.cat\/esc-lasiniamolins\/wp-content\/uploads\/usu2018\/2025\/12\/Captura-de-pantalla-2025-12-04-155744-768x573.png 768w, https:\/\/agora.xtec.cat\/esc-lasiniamolins\/wp-content\/uploads\/usu2018\/2025\/12\/Captura-de-pantalla-2025-12-04-155744-200x150.png 200w, https:\/\/agora.xtec.cat\/esc-lasiniamolins\/wp-content\/uploads\/usu2018\/2025\/12\/Captura-de-pantalla-2025-12-04-155744.png 886w\" sizes=\"auto, (max-width: 300px) 100vw, 300px\" \/><\/p>\n","protected":false},"excerpt":{"rendered":"<p>Els infants de 2n Puig les Agulles i La Morella ens hem convertit en uns experts en roques, minerals i el relleu del litoral catal\u00e0. Ha estat gr\u00e0cies a tot el treball que hem estat fent durant dos mesos sobre la zona on es troben&hellip;  <a href=\"https:\/\/agora.xtec.cat\/esc-lasiniamolins\/general\/projecte-de-la-nostra-muntanya-de-2n\/\" title=\"Read PROJECTE DE LA NOSTRA MUNTANYA DE 2N\">Llegeix m\u00e9s\u00bb<\/a><\/p>\n","protected":false},"author":8,"featured_media":0,"comment_status":"open","ping_status":"open","sticky":false,"template":"","format":"standard","meta":{"_bbp_topic_count":0,"_bbp_reply_count":0,"_bbp_total_topic_count":0,"_bbp_total_reply_count":0,"_bbp_voice_count":0,"_bbp_anonymous_reply_count":0,"_bbp_topic_count_hidden":0,"_bbp_reply_count_hidden":0,"_bbp_forum_subforum_count":0,"footnotes":""},"categories":[11,208,4,1],"tags":[586,92,418],"class_list":["post-4269","post","type-post","status-publish","format-standard","hentry","category-2n","category-mitjans","category-portada","category-general","tag-25-26-projecte","tag-2n","tag-la-nostra-muntanya"],"post_mailing_queue_ids":[],"_links":{"self":[{"href":"https:\/\/agora.xtec.cat\/esc-lasiniamolins\/wp-json\/wp\/v2\/posts\/4269","targetHints":{"allow":["GET"]}}],"collection":[{"href":"https:\/\/agora.xtec.cat\/esc-lasiniamolins\/wp-json\/wp\/v2\/posts"}],"about":[{"href":"https:\/\/agora.xtec.cat\/esc-lasiniamolins\/wp-json\/wp\/v2\/types\/post"}],"author":[{"embeddable":true,"href":"https:\/\/agora.xtec.cat\/esc-lasiniamolins\/wp-json\/wp\/v2\/users\/8"}],"replies":[{"embeddable":true,"href":"https:\/\/agora.xtec.cat\/esc-lasiniamolins\/wp-json\/wp\/v2\/comments?post=4269"}],"version-history":[{"count":1,"href":"https:\/\/agora.xtec.cat\/esc-lasiniamolins\/wp-json\/wp\/v2\/posts\/4269\/revisions"}],"predecessor-version":[{"id":4273,"href":"https:\/\/agora.xtec.cat\/esc-lasiniamolins\/wp-json\/wp\/v2\/posts\/4269\/revisions\/4273"}],"wp:attachment":[{"href":"https:\/\/agora.xtec.cat\/esc-lasiniamolins\/wp-json\/wp\/v2\/media?parent=4269"}],"wp:term":[{"taxonomy":"category","embeddable":true,"href":"https:\/\/agora.xtec.cat\/esc-lasiniamolins\/wp-json\/wp\/v2\/categories?post=4269"},{"taxonomy":"post_tag","embeddable":true,"href":"https:\/\/agora.xtec.cat\/esc-lasiniamolins\/wp-json\/wp\/v2\/tags?post=4269"}],"curies":[{"name":"wp","href":"https:\/\/api.w.org\/{rel}","templated":true}]}}