{"id":4251,"date":"2025-11-03T11:09:03","date_gmt":"2025-11-03T10:09:03","guid":{"rendered":"https:\/\/agora.xtec.cat\/esc-lasiniamolins\/?p=4251"},"modified":"2025-11-03T11:09:03","modified_gmt":"2025-11-03T10:09:03","slug":"a-p5-hem-fet-projecte-de-castellers","status":"publish","type":"post","link":"https:\/\/agora.xtec.cat\/esc-lasiniamolins\/portada\/a-p5-hem-fet-projecte-de-castellers\/","title":{"rendered":"A P5 hem fet projecte de Castellers"},"content":{"rendered":"<p style=\"text-align: justify;\"><span style=\"font-weight: 400;\">El projecte dels castellers de P5 s\u2019ha emmarcat dins del projecte de <\/span>Festa Major de La S\u00ednia, un dels projectes de centre que t\u00e9 com a objectiu acostar i promoure les festes, tradicions i entitats de la vila, alhora que permet gaudir, de manera col\u00b7lectiva, del treball fet per cada nivell de l\u2019escola.<\/p>\n<p style=\"text-align: justify;\">El punt de partida del projecte va ser una carta misteriosa trobada al costat d\u2019unes robes estranyes penjades a l\u2019entrada de les aules. En aquesta carta, en <i>Jan<\/i> ens proposava un repte: fer un castell per la Festa Major de l\u2019escola i, aquell mateix dia, anar a con\u00e8ixer els Matossers de Molins de Rei.<\/p>\n<p style=\"text-align: justify;\">A partir d\u2019aqu\u00ed, la nostra recerca i treball van seguir el seg\u00fcent proc\u00e9s:<\/p>\n<p style=\"text-align: justify;\">Ens vam organitzar en dues colles castelleres, decidint conjuntament els<a href=\"https:\/\/photos.app.goo.gl\/C84F7JGq9kC1W6Cf6\"><img loading=\"lazy\" decoding=\"async\" class=\"alignleft\" src=\"https:\/\/lh3.googleusercontent.com\/pw\/AP1GczNehWdnjZjZ-uX1lFhnGgL8kvWT4fgs6g6AMwgAZyjzpPHmIa0QYCYw04LxpoNZXIgxgd8WR5_tSP0jOQ_w9wO-kKa9vumJWSPvXrqiVvbzts_g3BoHrkwnrHaS-6gdFyDQ22YWdThJoZ13hpN4vBMh=w472-h839-s-no-gm?authuser=2\" alt=\"\" width=\"186\" height=\"331\" \/><\/a>\u00a0elements que ens identificarien: el nom, la vestimenta i l\u2019escut de la colla.<\/p>\n<p style=\"text-align: justify;\">Visitar l&#8217;exposici\u00f3 de cultura de la Festa Major de Molins de Rei ens va servir per poder trobar elements i informacions de la colla dels Matossers, com a entitat que en forma part.<\/p>\n<p style=\"text-align: justify;\">Vam descobrir un conte de castellers escrit per una antiga <i>Matossera<\/i>. Ens l&#8217;han explicat experts i expertes, com exalumnes de l\u2019escola que formen part dels Matossers i alumnes de 3r i 4t, als quals hav\u00edem demanat ajuda pr\u00e8viament.<\/p>\n<p style=\"text-align: justify;\">Descobrir els quatre valors del m\u00f3n casteller per poder realitzar els castells ha estat clau: for\u00e7a, equilibri, valor i seny\u2014 practicant-los a trav\u00e9s d\u2019un circuit.<\/p>\n<p style=\"text-align: justify;\">Vam entendre la import\u00e0ncia del pes i la mesura per establir els rols dins del castell: baixos, contraforts, agulles, primeres, segones, laterals, vents, crosses, escaleta, enxaneta i cap de colla. Ha estat necessari\u00a0practicar conjuntament les dues colles per aixecar el castell amb \u00e8xit el dia de la mostra.<\/p>\n<p style=\"text-align: justify;\">Hem de dir que la colla de Les Onades i la colla castellera de La S\u00ednia van aconseguir fer el castell, comptant amb la companyia dels grallers dels Matossers.<\/p>\n<p style=\"text-align: justify;\">Finalment, un recordatori de la feina feta i una autoavaluaci\u00f3 ens han servit per reconnectar amb tot l&#8217;aprenentatge.<\/p>\n<p style=\"text-align: justify;\"><a href=\"https:\/\/photos.app.goo.gl\/GLBCigjtFKMEXt6z8\"><img loading=\"lazy\" decoding=\"async\" class=\"aligncenter\" src=\"https:\/\/lh3.googleusercontent.com\/pw\/AP1GczOq_bd3E4ZjclUh86JyMi8-WqesPChJ2htksbAUDDAqjYmFUyu6iwoZLSdiMIKDMGk8vsulLu8RXKsmpU2RG9aMfL67PaYr8fsstLdezi_RdY-dEO-8KyikZdjWmXRXNP9oev4PMfjQFtjCfN-_ILXW=w1256-h726-s-no-gm?authuser=2\" width=\"420\" height=\"243\" \/><\/a><\/p>\n<p>&nbsp;<\/p>\n<p>&nbsp;<\/p>\n<p>&nbsp;<\/p>\n<p>&nbsp;<\/p>\n","protected":false},"excerpt":{"rendered":"<p>El projecte dels castellers de P5 s\u2019ha emmarcat dins del projecte de Festa Major de La S\u00ednia, un dels projectes de centre que t\u00e9 com a objectiu acostar i promoure les festes, tradicions i entitats de la vila, alhora que permet gaudir, de manera col\u00b7lectiva,&hellip;  <a href=\"https:\/\/agora.xtec.cat\/esc-lasiniamolins\/portada\/a-p5-hem-fet-projecte-de-castellers\/\" title=\"Read A P5 hem fet projecte de Castellers\">Llegeix m\u00e9s\u00bb<\/a><\/p>\n","protected":false},"author":8,"featured_media":0,"comment_status":"open","ping_status":"open","sticky":false,"template":"","format":"standard","meta":{"_bbp_topic_count":0,"_bbp_reply_count":0,"_bbp_total_topic_count":0,"_bbp_total_reply_count":0,"_bbp_voice_count":0,"_bbp_anonymous_reply_count":0,"_bbp_topic_count_hidden":0,"_bbp_reply_count_hidden":0,"_bbp_forum_subforum_count":0,"footnotes":""},"categories":[9,207,4],"tags":[220,561,214,284,86,91],"class_list":["post-4251","post","type-post","status-publish","format-standard","hentry","category-p5","category-petits","category-portada","tag-castellers","tag-curs-25-26","tag-festa-major","tag-grocs-i-blaus","tag-p5","tag-projecte"],"post_mailing_queue_ids":[],"_links":{"self":[{"href":"https:\/\/agora.xtec.cat\/esc-lasiniamolins\/wp-json\/wp\/v2\/posts\/4251","targetHints":{"allow":["GET"]}}],"collection":[{"href":"https:\/\/agora.xtec.cat\/esc-lasiniamolins\/wp-json\/wp\/v2\/posts"}],"about":[{"href":"https:\/\/agora.xtec.cat\/esc-lasiniamolins\/wp-json\/wp\/v2\/types\/post"}],"author":[{"embeddable":true,"href":"https:\/\/agora.xtec.cat\/esc-lasiniamolins\/wp-json\/wp\/v2\/users\/8"}],"replies":[{"embeddable":true,"href":"https:\/\/agora.xtec.cat\/esc-lasiniamolins\/wp-json\/wp\/v2\/comments?post=4251"}],"version-history":[{"count":4,"href":"https:\/\/agora.xtec.cat\/esc-lasiniamolins\/wp-json\/wp\/v2\/posts\/4251\/revisions"}],"predecessor-version":[{"id":4257,"href":"https:\/\/agora.xtec.cat\/esc-lasiniamolins\/wp-json\/wp\/v2\/posts\/4251\/revisions\/4257"}],"wp:attachment":[{"href":"https:\/\/agora.xtec.cat\/esc-lasiniamolins\/wp-json\/wp\/v2\/media?parent=4251"}],"wp:term":[{"taxonomy":"category","embeddable":true,"href":"https:\/\/agora.xtec.cat\/esc-lasiniamolins\/wp-json\/wp\/v2\/categories?post=4251"},{"taxonomy":"post_tag","embeddable":true,"href":"https:\/\/agora.xtec.cat\/esc-lasiniamolins\/wp-json\/wp\/v2\/tags?post=4251"}],"curies":[{"name":"wp","href":"https:\/\/api.w.org\/{rel}","templated":true}]}}