{"id":4214,"date":"2025-10-13T10:57:12","date_gmt":"2025-10-13T08:57:12","guid":{"rendered":"https:\/\/agora.xtec.cat\/esc-lasiniamolins\/?p=4214"},"modified":"2025-10-13T10:57:27","modified_gmt":"2025-10-13T08:57:27","slug":"projecte-de-2n-foc","status":"publish","type":"post","link":"https:\/\/agora.xtec.cat\/esc-lasiniamolins\/portada\/projecte-de-2n-foc\/","title":{"rendered":"PROJECTE DE 2N: FOC!!!"},"content":{"rendered":"<p>Les nenes i els nens de 2n vam rebre un enc\u00e0rrec molt important per a la Festa Major de La S\u00ednia: construir una b\u00e8stia de foc. Aquest va ser l&#8217;inici d&#8217;aquest projecte anomenat: Foc! Durant m\u00e9s d&#8217;un mes hem estat coneixent que \u00e9s el foc, que representa per a nosaltres i quin \u00fas li donem. Emmarcant el foc en les festivitats, vam con\u00e8ixer el proc\u00e9s que cal seguir per a construir una b\u00e8stia de foc: el disseny, preparar els materials, les seves parts, etc. Tamb\u00e9 hem estat informant-nos de com funciona una colla, els rols necessaris i les normes de seguretat. Tot plegat ha estat un proc\u00e9s feixuc i a la vegada emocionant, que ens ha fet no nom\u00e9s aprendre moltes coses sin\u00f3 viure una experi\u00e8ncia \u00fanica i fomentar en totes les activitats: el treball en equip i la pertinen\u00e7a a un grup, a una colla: Colla La Morella i Colla Els Tocats de l&#8217;Ala. Ha sigut fant\u00e0stic!!! :<a href=\"https:\/\/photos.app.goo.gl\/RjgPzXPA1ZMgBw6F8\">arrow:<\/a><\/p>\n<p><img loading=\"lazy\" decoding=\"async\" class=\"aligncenter size-medium wp-image-4216\" src=\"https:\/\/agora.xtec.cat\/esc-lasiniamolins\/wp-content\/uploads\/usu2018\/2025\/10\/Presentacion2-300x225.jpg\" alt=\"\" width=\"300\" height=\"225\" srcset=\"https:\/\/agora.xtec.cat\/esc-lasiniamolins\/wp-content\/uploads\/usu2018\/2025\/10\/Presentacion2-300x225.jpg 300w, https:\/\/agora.xtec.cat\/esc-lasiniamolins\/wp-content\/uploads\/usu2018\/2025\/10\/Presentacion2-768x576.jpg 768w, https:\/\/agora.xtec.cat\/esc-lasiniamolins\/wp-content\/uploads\/usu2018\/2025\/10\/Presentacion2-200x150.jpg 200w, https:\/\/agora.xtec.cat\/esc-lasiniamolins\/wp-content\/uploads\/usu2018\/2025\/10\/Presentacion2.jpg 960w\" sizes=\"auto, (max-width: 300px) 100vw, 300px\" \/><img loading=\"lazy\" decoding=\"async\" class=\"size-medium wp-image-4215 alignleft\" src=\"https:\/\/agora.xtec.cat\/esc-lasiniamolins\/wp-content\/uploads\/usu2018\/2025\/10\/Presentacion1-300x225.jpg\" alt=\"\" width=\"300\" height=\"225\" srcset=\"https:\/\/agora.xtec.cat\/esc-lasiniamolins\/wp-content\/uploads\/usu2018\/2025\/10\/Presentacion1-300x225.jpg 300w, https:\/\/agora.xtec.cat\/esc-lasiniamolins\/wp-content\/uploads\/usu2018\/2025\/10\/Presentacion1-768x576.jpg 768w, https:\/\/agora.xtec.cat\/esc-lasiniamolins\/wp-content\/uploads\/usu2018\/2025\/10\/Presentacion1-200x150.jpg 200w, https:\/\/agora.xtec.cat\/esc-lasiniamolins\/wp-content\/uploads\/usu2018\/2025\/10\/Presentacion1.jpg 960w\" sizes=\"auto, (max-width: 300px) 100vw, 300px\" \/><\/p>\n","protected":false},"excerpt":{"rendered":"<p>Les nenes i els nens de 2n vam rebre un enc\u00e0rrec molt important per a la Festa Major de La S\u00ednia: construir una b\u00e8stia de foc. Aquest va ser l&#8217;inici d&#8217;aquest projecte anomenat: Foc! Durant m\u00e9s d&#8217;un mes hem estat coneixent que \u00e9s el foc,&hellip;  <a href=\"https:\/\/agora.xtec.cat\/esc-lasiniamolins\/portada\/projecte-de-2n-foc\/\" title=\"Read PROJECTE DE 2N: FOC!!!\">Llegeix m\u00e9s\u00bb<\/a><\/p>\n","protected":false},"author":8,"featured_media":0,"comment_status":"open","ping_status":"open","sticky":false,"template":"","format":"standard","meta":{"_bbp_topic_count":0,"_bbp_reply_count":0,"_bbp_total_topic_count":0,"_bbp_total_reply_count":0,"_bbp_voice_count":0,"_bbp_anonymous_reply_count":0,"_bbp_topic_count_hidden":0,"_bbp_reply_count_hidden":0,"_bbp_forum_subforum_count":0,"footnotes":""},"categories":[11,208,4],"tags":[566,568,567],"class_list":["post-4214","post","type-post","status-publish","format-standard","hentry","category-2n","category-mitjans","category-portada","tag-2n-curs-25-26","tag-2n-projecte-festa-major","tag-2n-projectes-escola"],"post_mailing_queue_ids":[],"_links":{"self":[{"href":"https:\/\/agora.xtec.cat\/esc-lasiniamolins\/wp-json\/wp\/v2\/posts\/4214","targetHints":{"allow":["GET"]}}],"collection":[{"href":"https:\/\/agora.xtec.cat\/esc-lasiniamolins\/wp-json\/wp\/v2\/posts"}],"about":[{"href":"https:\/\/agora.xtec.cat\/esc-lasiniamolins\/wp-json\/wp\/v2\/types\/post"}],"author":[{"embeddable":true,"href":"https:\/\/agora.xtec.cat\/esc-lasiniamolins\/wp-json\/wp\/v2\/users\/8"}],"replies":[{"embeddable":true,"href":"https:\/\/agora.xtec.cat\/esc-lasiniamolins\/wp-json\/wp\/v2\/comments?post=4214"}],"version-history":[{"count":2,"href":"https:\/\/agora.xtec.cat\/esc-lasiniamolins\/wp-json\/wp\/v2\/posts\/4214\/revisions"}],"predecessor-version":[{"id":4218,"href":"https:\/\/agora.xtec.cat\/esc-lasiniamolins\/wp-json\/wp\/v2\/posts\/4214\/revisions\/4218"}],"wp:attachment":[{"href":"https:\/\/agora.xtec.cat\/esc-lasiniamolins\/wp-json\/wp\/v2\/media?parent=4214"}],"wp:term":[{"taxonomy":"category","embeddable":true,"href":"https:\/\/agora.xtec.cat\/esc-lasiniamolins\/wp-json\/wp\/v2\/categories?post=4214"},{"taxonomy":"post_tag","embeddable":true,"href":"https:\/\/agora.xtec.cat\/esc-lasiniamolins\/wp-json\/wp\/v2\/tags?post=4214"}],"curies":[{"name":"wp","href":"https:\/\/api.w.org\/{rel}","templated":true}]}}