{"id":4209,"date":"2025-10-03T22:12:10","date_gmt":"2025-10-03T20:12:10","guid":{"rendered":"https:\/\/agora.xtec.cat\/esc-lasiniamolins\/?p=4209"},"modified":"2025-10-07T22:13:27","modified_gmt":"2025-10-07T20:13:27","slug":"linici-de-curs-a-2n","status":"publish","type":"post","link":"https:\/\/agora.xtec.cat\/esc-lasiniamolins\/general\/linici-de-curs-a-2n\/","title":{"rendered":"L&#8217;inici de curs a 2n!!!"},"content":{"rendered":"<p>Les nenes i els nens de 2n, Puig les Agulles i La Morella, hem iniciat el curs amb unes activitats molt boniques que tamb\u00e9 han estat el tret de sortida del projecte de la Festa Major. En primer lloc, vam veure el D&#8217;ON VENIM, i vam conversar sobre les nostres vacances d&#8217;estiu i vam representar el dia m\u00e9s espacial en un mural conjunt. Despr\u00e9s vam plantejar-nos l&#8217;ON ESTEM, posant sobre la taula el sentiment de grup i el treball en equip; a partir del conte de &#8220;La Sopa de Pedres&#8221;, vam posar tots dins l&#8217;olla una qualitat o aportaci\u00f3 personal que pod\u00edem fer al grup. I finalment, ens vam dirigir al CAP A ON ANEM, plantejant l&#8217;inici del projecte de la Festa Major de La S\u00ednia i encarant les nostres b\u00e8sties de foc, enc\u00e0rrec que ens pertoca a segon, compartint el primer disseny individual d&#8217;all\u00f2 que volem construir. ENGEGUEM MOTORS!!!!!!\u00a0 <a href=\"https:\/\/photos.app.goo.gl\/KWnhTge5kBXqaZtC9\">\u27a1<\/a><\/p>\n<p><img loading=\"lazy\" decoding=\"async\" class=\"alignleft wp-image-4210 size-medium\" src=\"https:\/\/agora.xtec.cat\/esc-lasiniamolins\/wp-content\/uploads\/usu2018\/2025\/09\/Presentacion1-300x225.jpg\" alt=\"\" width=\"300\" height=\"225\" srcset=\"https:\/\/agora.xtec.cat\/esc-lasiniamolins\/wp-content\/uploads\/usu2018\/2025\/09\/Presentacion1-300x225.jpg 300w, https:\/\/agora.xtec.cat\/esc-lasiniamolins\/wp-content\/uploads\/usu2018\/2025\/09\/Presentacion1-768x576.jpg 768w, https:\/\/agora.xtec.cat\/esc-lasiniamolins\/wp-content\/uploads\/usu2018\/2025\/09\/Presentacion1-200x150.jpg 200w, https:\/\/agora.xtec.cat\/esc-lasiniamolins\/wp-content\/uploads\/usu2018\/2025\/09\/Presentacion1.jpg 960w\" sizes=\"auto, (max-width: 300px) 100vw, 300px\" \/> <img loading=\"lazy\" decoding=\"async\" class=\"aligncenter size-medium wp-image-4211\" src=\"https:\/\/agora.xtec.cat\/esc-lasiniamolins\/wp-content\/uploads\/usu2018\/2025\/09\/IMG-20250917-WA0006-300x225.jpg\" alt=\"\" width=\"300\" height=\"225\" srcset=\"https:\/\/agora.xtec.cat\/esc-lasiniamolins\/wp-content\/uploads\/usu2018\/2025\/09\/IMG-20250917-WA0006-300x225.jpg 300w, https:\/\/agora.xtec.cat\/esc-lasiniamolins\/wp-content\/uploads\/usu2018\/2025\/09\/IMG-20250917-WA0006-1024x768.jpg 1024w, https:\/\/agora.xtec.cat\/esc-lasiniamolins\/wp-content\/uploads\/usu2018\/2025\/09\/IMG-20250917-WA0006-768x576.jpg 768w, https:\/\/agora.xtec.cat\/esc-lasiniamolins\/wp-content\/uploads\/usu2018\/2025\/09\/IMG-20250917-WA0006-1536x1152.jpg 1536w, https:\/\/agora.xtec.cat\/esc-lasiniamolins\/wp-content\/uploads\/usu2018\/2025\/09\/IMG-20250917-WA0006-200x150.jpg 200w, https:\/\/agora.xtec.cat\/esc-lasiniamolins\/wp-content\/uploads\/usu2018\/2025\/09\/IMG-20250917-WA0006.jpg 1600w\" sizes=\"auto, (max-width: 300px) 100vw, 300px\" \/><\/p>\n","protected":false},"excerpt":{"rendered":"<p>Les nenes i els nens de 2n, Puig les Agulles i La Morella, hem iniciat el curs amb unes activitats molt boniques que tamb\u00e9 han estat el tret de sortida del projecte de la Festa Major. En primer lloc, vam veure el D&#8217;ON VENIM, i&hellip;  <a href=\"https:\/\/agora.xtec.cat\/esc-lasiniamolins\/general\/linici-de-curs-a-2n\/\" title=\"Read L&#8217;inici de curs a 2n!!!\">Llegeix m\u00e9s\u00bb<\/a><\/p>\n","protected":false},"author":8,"featured_media":0,"comment_status":"open","ping_status":"open","sticky":false,"template":"","format":"standard","meta":{"_bbp_topic_count":0,"_bbp_reply_count":0,"_bbp_total_topic_count":0,"_bbp_total_reply_count":0,"_bbp_voice_count":0,"_bbp_anonymous_reply_count":0,"_bbp_topic_count_hidden":0,"_bbp_reply_count_hidden":0,"_bbp_forum_subforum_count":0,"footnotes":""},"categories":[11,208,4,1],"tags":[563,565,564],"class_list":["post-4209","post","type-post","status-publish","format-standard","hentry","category-2n","category-mitjans","category-portada","category-general","tag-2n-2020-2026","tag-2n-la-morella","tag-2n-puig-les-agulles"],"post_mailing_queue_ids":[],"_links":{"self":[{"href":"https:\/\/agora.xtec.cat\/esc-lasiniamolins\/wp-json\/wp\/v2\/posts\/4209","targetHints":{"allow":["GET"]}}],"collection":[{"href":"https:\/\/agora.xtec.cat\/esc-lasiniamolins\/wp-json\/wp\/v2\/posts"}],"about":[{"href":"https:\/\/agora.xtec.cat\/esc-lasiniamolins\/wp-json\/wp\/v2\/types\/post"}],"author":[{"embeddable":true,"href":"https:\/\/agora.xtec.cat\/esc-lasiniamolins\/wp-json\/wp\/v2\/users\/8"}],"replies":[{"embeddable":true,"href":"https:\/\/agora.xtec.cat\/esc-lasiniamolins\/wp-json\/wp\/v2\/comments?post=4209"}],"version-history":[{"count":2,"href":"https:\/\/agora.xtec.cat\/esc-lasiniamolins\/wp-json\/wp\/v2\/posts\/4209\/revisions"}],"predecessor-version":[{"id":4213,"href":"https:\/\/agora.xtec.cat\/esc-lasiniamolins\/wp-json\/wp\/v2\/posts\/4209\/revisions\/4213"}],"wp:attachment":[{"href":"https:\/\/agora.xtec.cat\/esc-lasiniamolins\/wp-json\/wp\/v2\/media?parent=4209"}],"wp:term":[{"taxonomy":"category","embeddable":true,"href":"https:\/\/agora.xtec.cat\/esc-lasiniamolins\/wp-json\/wp\/v2\/categories?post=4209"},{"taxonomy":"post_tag","embeddable":true,"href":"https:\/\/agora.xtec.cat\/esc-lasiniamolins\/wp-json\/wp\/v2\/tags?post=4209"}],"curies":[{"name":"wp","href":"https:\/\/api.w.org\/{rel}","templated":true}]}}