{"id":4138,"date":"2025-04-10T18:41:15","date_gmt":"2025-04-10T16:41:15","guid":{"rendered":"https:\/\/agora.xtec.cat\/esc-lasiniamolins\/?p=4138"},"modified":"2025-07-02T18:45:10","modified_gmt":"2025-07-02T16:45:10","slug":"microprojectes","status":"publish","type":"post","link":"https:\/\/agora.xtec.cat\/esc-lasiniamolins\/portada\/microprojectes\/","title":{"rendered":"Microprojectes"},"content":{"rendered":"<p>Al llarg del segon trimestre no hem parat, entre el projecte del s.XX, el Carnaval&#8230; i ara els microprojectes! \u00c9s un dels moments m\u00e9s esperats del curs, ja que podem escollir la tem\u00e0tica, formalitzar-nos i respondre una pregunta investigable, gaudint del proc\u00e9s i creant un producte final \u00fanic.<\/p>\n<p>Hem treballat molt per per aconseguir el nostre producte i poder contestar la nostra pregunta investigable.<\/p>\n<p>Finalment, hem gaudit d\u2019una presentaci\u00f3 oral a les nostres fam\u00edlies per explicar el nostre proc\u00e9s d\u2019aprenentatge.<\/p>\n","protected":false},"excerpt":{"rendered":"<p>Al llarg del segon trimestre no hem parat, entre el projecte del s.XX, el Carnaval&#8230; i ara els microprojectes! \u00c9s un dels moments m\u00e9s esperats del curs, ja que podem escollir la tem\u00e0tica, formalitzar-nos i respondre una pregunta investigable, gaudint del proc\u00e9s i creant un&hellip;  <a href=\"https:\/\/agora.xtec.cat\/esc-lasiniamolins\/portada\/microprojectes\/\" title=\"Read Microprojectes\">Llegeix m\u00e9s\u00bb<\/a><\/p>\n","protected":false},"author":1,"featured_media":0,"comment_status":"open","ping_status":"open","sticky":false,"template":"","format":"standard","meta":{"_bbp_topic_count":0,"_bbp_reply_count":0,"_bbp_total_topic_count":0,"_bbp_total_reply_count":0,"_bbp_voice_count":0,"_bbp_anonymous_reply_count":0,"_bbp_topic_count_hidden":0,"_bbp_reply_count_hidden":0,"_bbp_forum_subforum_count":0,"footnotes":""},"categories":[14,209,4],"tags":[490,72,460,554],"class_list":["post-4138","post","type-post","status-publish","format-standard","hentry","category-5e","category-grans","category-portada","tag-24-25","tag-5e","tag-microprojectes","tag-turo-de-lhome-i-matagalls"],"post_mailing_queue_ids":[],"_links":{"self":[{"href":"https:\/\/agora.xtec.cat\/esc-lasiniamolins\/wp-json\/wp\/v2\/posts\/4138","targetHints":{"allow":["GET"]}}],"collection":[{"href":"https:\/\/agora.xtec.cat\/esc-lasiniamolins\/wp-json\/wp\/v2\/posts"}],"about":[{"href":"https:\/\/agora.xtec.cat\/esc-lasiniamolins\/wp-json\/wp\/v2\/types\/post"}],"author":[{"embeddable":true,"href":"https:\/\/agora.xtec.cat\/esc-lasiniamolins\/wp-json\/wp\/v2\/users\/1"}],"replies":[{"embeddable":true,"href":"https:\/\/agora.xtec.cat\/esc-lasiniamolins\/wp-json\/wp\/v2\/comments?post=4138"}],"version-history":[{"count":1,"href":"https:\/\/agora.xtec.cat\/esc-lasiniamolins\/wp-json\/wp\/v2\/posts\/4138\/revisions"}],"predecessor-version":[{"id":4139,"href":"https:\/\/agora.xtec.cat\/esc-lasiniamolins\/wp-json\/wp\/v2\/posts\/4138\/revisions\/4139"}],"wp:attachment":[{"href":"https:\/\/agora.xtec.cat\/esc-lasiniamolins\/wp-json\/wp\/v2\/media?parent=4138"}],"wp:term":[{"taxonomy":"category","embeddable":true,"href":"https:\/\/agora.xtec.cat\/esc-lasiniamolins\/wp-json\/wp\/v2\/categories?post=4138"},{"taxonomy":"post_tag","embeddable":true,"href":"https:\/\/agora.xtec.cat\/esc-lasiniamolins\/wp-json\/wp\/v2\/tags?post=4138"}],"curies":[{"name":"wp","href":"https:\/\/api.w.org\/{rel}","templated":true}]}}