{"id":4125,"date":"2025-06-20T13:00:33","date_gmt":"2025-06-20T11:00:33","guid":{"rendered":"https:\/\/agora.xtec.cat\/esc-lasiniamolins\/?p=4125"},"modified":"2025-07-01T13:01:20","modified_gmt":"2025-07-01T11:01:20","slug":"projecte-sobre-larc-de-sant-marti-a-p4","status":"publish","type":"post","link":"https:\/\/agora.xtec.cat\/esc-lasiniamolins\/portada\/projecte-sobre-larc-de-sant-marti-a-p4\/","title":{"rendered":"Projecte sobre l&#8217;Arc de Sant Mart\u00ed a P4"},"content":{"rendered":"<p style=\"text-align: justify;\"><span style=\"font-weight: 400;\">Els dies de pluja amb l\u2019arribada del bon temps a la primavera, ha fet apar\u00e8ixer el Sol en m\u00e9s d\u2019una ocasi\u00f3 i a P4 Blaus vam\u00a0 decidir dur a terme una investigaci\u00f3 de per qu\u00e8 surt l\u2019Arc de Sant Mart\u00ed.\u00a0<\/span><\/p>\n<p style=\"text-align: justify;\"><span style=\"font-weight: 400;\">El nostre proc\u00e9s de treball ha comptat amb les seg\u00fcents fases:<\/span><\/p>\n<ul style=\"text-align: justify;\">\n<li style=\"font-weight: 400;\"><span style=\"font-weight: 400;\">Diferents <\/span><b>experiments<\/b><span style=\"font-weight: 400;\"> que ens han fet fer provatures amb aigua, llums, miralls, CD\u2019s\u2026 per provar de fer sortir l\u2019arc de Sant Mart\u00ed. Creant un espai fix a l\u2019aula per si vol\u00edem fer observaci\u00f3 i indagaci\u00f3 en qualsevol moment.<\/span><\/li>\n<li style=\"font-weight: 400;\"><span style=\"font-weight: 400;\">Hem rebut una explicaci\u00f3 cient\u00edfica sobre qu\u00e8 \u00e9s <\/span><b>el Sol<\/b><span style=\"font-weight: 400;\"> de la m\u00e0 dels nostres companys i companyes de P4 Grocs, que han realitzat un projecte sobre l\u2019espai. Ens han ensenyat que el Sol \u00e9s una estrella, per aix\u00f2 rebem la seva llum, com estem ubicats a la Terra respecte el Sol i els moviments que es fan, de qu\u00e8 est\u00e0 fet el Sol\u2026<\/span><\/li>\n<li style=\"font-weight: 400;\"><span style=\"font-weight: 400;\">Despr\u00e9s de convidar a la Sarai, mare del Marius de P3 i <\/span><b>meteor\u00f2loga<\/b><span style=\"font-weight: 400;\">, hem ampliat els nostres coneixements sobre el tema. Algunes coses que pens\u00e0vem al principi no eren ben b\u00e9 aix\u00ed, l\u2019experi\u00e8ncia de la Sarai ens ha fet desfer creences pr\u00e8vies. Ara sabem que l\u2019arc de Sant Mart\u00ed no t\u00e9 forma d\u2019arc sin\u00f3 que \u00e9s circular, el color blanc t\u00e9 tots els colors, els raigs de Sol reboten, l\u2019aigua evaporada s\u2019enganxa a part\u00edcules de pols dins els n\u00favols i aquest pes fa que es precipitin en forma de pluja\u2026<\/span><\/li>\n<li style=\"font-weight: 400;\"><span style=\"font-weight: 400;\">Hem plantejat dur a terme un experiment sobre el <\/span><b>cicle de l\u2019aigua<\/b><span style=\"font-weight: 400;\"> per descobrir com viatja l\u2019aigua de manera circular: com puja, es transforma en n\u00favols i torna a caure en forma de pluja. Veure que a les nostres bosses, amb la calor, l\u2019aigua s\u2019evaporava, es condensava i despr\u00e9s queia, ha estat una manera divertida d\u2019aprendre com funcionen aquests processos naturals.<\/span><\/li>\n<li style=\"font-weight: 400;\"><span style=\"font-weight: 400;\">Despr\u00e9s de saber que el blanc t\u00e9 tots els colors, i que aquest, amb la llum blanca dels raigs del Sol, entra a les gotes i es divideix donant pas als diferents colors que coneixem de l\u2019arc de Sant Mart\u00ed, ens plantegem si podem crear nosaltres tots els colors. Ens adonem, experimentant amb pintura que existeixen uns <\/span><b>colors primaris <\/b><span style=\"font-weight: 400;\">que s\u00f3n els que permeten crear la resta de colors.<\/span><\/li>\n<li style=\"font-weight: 400;\"><span style=\"font-weight: 400;\">Moltes cultures tenen coneixements dels fen\u00f2mens del temps gr\u00e0cies a l\u2019experi\u00e8ncia i l\u2019observaci\u00f3. I tenen creences particulars per demanar que el temps canvi\u00ef i aporti all\u00f2 necessari en el territori: aigua pels cultius, Sol pel creixement de les plantes\u2026 Per aix\u00f2 alguns pobles i comunitats realitzen <\/span><b>danses<\/b><span style=\"font-weight: 400;\"> vinculades a demanar a la mare Terra. Hem realitzat danses del Sol i de la pluja, creant moviments que ens semblaven representatius dels diferents fen\u00f2mens naturals.<\/span><\/li>\n<\/ul>\n<p style=\"text-align: justify;\"><span style=\"font-weight: 400;\">Amb cada indagaci\u00f3 i cada tasca hem anat omplint uns fulls d\u2019indagacions i descoberta. La compilaci\u00f3 d\u2019aquests ha perm\u00e8s obtenir el nostre <\/span><b>producte final<\/b><span style=\"font-weight: 400;\">: un quadern de camp amb totes les informacions, comprovacions, cerques\u2026 que ens han fet obtenir respostes vivencials a la nostra pregunta.<\/span><\/p>\n<p>&nbsp;<\/p>\n<p><a href=\"https:\/\/photos.app.goo.gl\/w7ikHsYn7pyKewZMA\"><img loading=\"lazy\" decoding=\"async\" class=\"alignnone size-large\" src=\"https:\/\/lh3.googleusercontent.com\/pw\/AP1GczNPK4x-kb3WKm5WlP2dMbr8A-i6-EHlxWzv4gfPXicB85flQFmBnesYbmsZ7bQwrVoQi7QYmW9B-tIU8BecrmiLt-ZhUeB73P2GO4_g7tEcpZrr3lU_yKoZHA7vwgRP9cmZYohqmRhEYKX73EXT5D8a=w1491-h839-s-no-gm?authuser=2\" width=\"1491\" height=\"839\" \/><\/a><\/p>\n","protected":false},"excerpt":{"rendered":"<p>Els dies de pluja amb l\u2019arribada del bon temps a la primavera, ha fet apar\u00e8ixer el Sol en m\u00e9s d\u2019una ocasi\u00f3 i a P4 Blaus vam\u00a0 decidir dur a terme una investigaci\u00f3 de per qu\u00e8 surt l\u2019Arc de Sant Mart\u00ed.\u00a0<br \/>\nEl nostre proc\u00e9s de treball ha&hellip;  <a href=\"https:\/\/agora.xtec.cat\/esc-lasiniamolins\/portada\/projecte-sobre-larc-de-sant-marti-a-p4\/\" title=\"Read Projecte sobre l&#8217;Arc de Sant Mart\u00ed a P4\">Llegeix m\u00e9s\u00bb<\/a><\/p>\n","protected":false},"author":8,"featured_media":0,"comment_status":"open","ping_status":"open","sticky":false,"template":"","format":"standard","meta":{"_bbp_topic_count":0,"_bbp_reply_count":0,"_bbp_total_topic_count":0,"_bbp_total_reply_count":0,"_bbp_voice_count":0,"_bbp_anonymous_reply_count":0,"_bbp_topic_count_hidden":0,"_bbp_reply_count_hidden":0,"_bbp_forum_subforum_count":0,"footnotes":""},"categories":[8,207,4],"tags":[529,88,485,284,91],"class_list":["post-4125","post","type-post","status-publish","format-standard","hentry","category-p4","category-petits","category-portada","tag-24-25-projectes","tag-blaus","tag-curs-2024-25","tag-grocs-i-blaus","tag-projecte"],"post_mailing_queue_ids":[],"_links":{"self":[{"href":"https:\/\/agora.xtec.cat\/esc-lasiniamolins\/wp-json\/wp\/v2\/posts\/4125","targetHints":{"allow":["GET"]}}],"collection":[{"href":"https:\/\/agora.xtec.cat\/esc-lasiniamolins\/wp-json\/wp\/v2\/posts"}],"about":[{"href":"https:\/\/agora.xtec.cat\/esc-lasiniamolins\/wp-json\/wp\/v2\/types\/post"}],"author":[{"embeddable":true,"href":"https:\/\/agora.xtec.cat\/esc-lasiniamolins\/wp-json\/wp\/v2\/users\/8"}],"replies":[{"embeddable":true,"href":"https:\/\/agora.xtec.cat\/esc-lasiniamolins\/wp-json\/wp\/v2\/comments?post=4125"}],"version-history":[{"count":3,"href":"https:\/\/agora.xtec.cat\/esc-lasiniamolins\/wp-json\/wp\/v2\/posts\/4125\/revisions"}],"predecessor-version":[{"id":4130,"href":"https:\/\/agora.xtec.cat\/esc-lasiniamolins\/wp-json\/wp\/v2\/posts\/4125\/revisions\/4130"}],"wp:attachment":[{"href":"https:\/\/agora.xtec.cat\/esc-lasiniamolins\/wp-json\/wp\/v2\/media?parent=4125"}],"wp:term":[{"taxonomy":"category","embeddable":true,"href":"https:\/\/agora.xtec.cat\/esc-lasiniamolins\/wp-json\/wp\/v2\/categories?post=4125"},{"taxonomy":"post_tag","embeddable":true,"href":"https:\/\/agora.xtec.cat\/esc-lasiniamolins\/wp-json\/wp\/v2\/tags?post=4125"}],"curies":[{"name":"wp","href":"https:\/\/api.w.org\/{rel}","templated":true}]}}