{"id":4113,"date":"2025-06-20T10:22:29","date_gmt":"2025-06-20T08:22:29","guid":{"rendered":"https:\/\/agora.xtec.cat\/esc-lasiniamolins\/?p=4113"},"modified":"2025-07-31T18:21:15","modified_gmt":"2025-07-31T16:21:15","slug":"24-25-p3-liles-i-vermells-aniversaris","status":"publish","type":"post","link":"https:\/\/agora.xtec.cat\/esc-lasiniamolins\/general\/24-25-p3-liles-i-vermells-aniversaris\/","title":{"rendered":"24-25 P3 Liles i Vermells Aniversaris"},"content":{"rendered":"<p data-start=\"130\" data-end=\"366\">A les classes de P3, els infants es fan grans a poc a poc. Cada dia aprenem coses noves, a posar-nos la jaqueta, a compartir les joguines, a cantar can\u00e7ons i a fer nous amics. I quan arriba el nostre aniversari&#8230; quina il\u00b7lusi\u00f3!<\/p>\n<p data-start=\"368\" data-end=\"619\">Celebrem que hem crescut un any m\u00e9s! Posem la corona, bufem les espelmes i ho compartim amb els companys i companyes. Cada aniversari \u00e9s especial, perqu\u00e8 ens recorda com hem crescut per dins i per fora.<\/p>\n<p data-start=\"368\" data-end=\"619\">Ens fem grans jugant, rient i estimant-nos molt.<\/p>\n<p data-start=\"368\" data-end=\"619\"><a href=\"https:\/\/photos.app.goo.gl\/2Ma6jXyxxgnxazcJ6\"><strong>Aniversaris primer trimestre.<\/strong><\/a><\/p>\n<p data-start=\"368\" data-end=\"619\"><a href=\"https:\/\/photos.app.goo.gl\/dRs1RgFUKaToDvt89\"><strong>Aniversaris segon trimestre.<\/strong><\/a><\/p>\n<p data-start=\"368\" data-end=\"619\"><a href=\"https:\/\/photos.app.goo.gl\/tKx4fgXXYFsekpLf6\"><strong>Aniversaris tercer trimestre.<\/strong><\/a><\/p>\n","protected":false},"excerpt":{"rendered":"<p>A les classes de P3, els infants es fan grans a poc a poc. Cada dia aprenem coses noves, a posar-nos la jaqueta, a compartir les joguines, a cantar can\u00e7ons i a fer nous amics. I quan arriba el nostre aniversari&#8230; quina il\u00b7lusi\u00f3!<br \/>\nCelebrem que hem&hellip;  <a href=\"https:\/\/agora.xtec.cat\/esc-lasiniamolins\/general\/24-25-p3-liles-i-vermells-aniversaris\/\" title=\"Read 24-25 P3 Liles i Vermells Aniversaris\">Llegeix m\u00e9s\u00bb<\/a><\/p>\n","protected":false},"author":8,"featured_media":0,"comment_status":"open","ping_status":"open","sticky":false,"template":"","format":"standard","meta":{"_bbp_topic_count":0,"_bbp_reply_count":0,"_bbp_total_topic_count":0,"_bbp_total_reply_count":0,"_bbp_voice_count":0,"_bbp_anonymous_reply_count":0,"_bbp_topic_count_hidden":0,"_bbp_reply_count_hidden":0,"_bbp_forum_subforum_count":0,"footnotes":""},"categories":[3,8,9,207,4,1],"tags":[551,560],"class_list":["post-4113","post","type-post","status-publish","format-standard","hentry","category-p3","category-p4","category-p5","category-petits","category-portada","category-general","tag-24-25-p3-liles-i-vermells-aniversaris","tag-p3-aniversaris"],"post_mailing_queue_ids":[],"_links":{"self":[{"href":"https:\/\/agora.xtec.cat\/esc-lasiniamolins\/wp-json\/wp\/v2\/posts\/4113","targetHints":{"allow":["GET"]}}],"collection":[{"href":"https:\/\/agora.xtec.cat\/esc-lasiniamolins\/wp-json\/wp\/v2\/posts"}],"about":[{"href":"https:\/\/agora.xtec.cat\/esc-lasiniamolins\/wp-json\/wp\/v2\/types\/post"}],"author":[{"embeddable":true,"href":"https:\/\/agora.xtec.cat\/esc-lasiniamolins\/wp-json\/wp\/v2\/users\/8"}],"replies":[{"embeddable":true,"href":"https:\/\/agora.xtec.cat\/esc-lasiniamolins\/wp-json\/wp\/v2\/comments?post=4113"}],"version-history":[{"count":2,"href":"https:\/\/agora.xtec.cat\/esc-lasiniamolins\/wp-json\/wp\/v2\/posts\/4113\/revisions"}],"predecessor-version":[{"id":4143,"href":"https:\/\/agora.xtec.cat\/esc-lasiniamolins\/wp-json\/wp\/v2\/posts\/4113\/revisions\/4143"}],"wp:attachment":[{"href":"https:\/\/agora.xtec.cat\/esc-lasiniamolins\/wp-json\/wp\/v2\/media?parent=4113"}],"wp:term":[{"taxonomy":"category","embeddable":true,"href":"https:\/\/agora.xtec.cat\/esc-lasiniamolins\/wp-json\/wp\/v2\/categories?post=4113"},{"taxonomy":"post_tag","embeddable":true,"href":"https:\/\/agora.xtec.cat\/esc-lasiniamolins\/wp-json\/wp\/v2\/tags?post=4113"}],"curies":[{"name":"wp","href":"https:\/\/api.w.org\/{rel}","templated":true}]}}