{"id":4081,"date":"2025-06-05T21:51:06","date_gmt":"2025-06-05T19:51:06","guid":{"rendered":"https:\/\/agora.xtec.cat\/esc-lasiniamolins\/?p=4081"},"modified":"2025-06-12T22:01:11","modified_gmt":"2025-06-12T20:01:11","slug":"4t-gimcana-de-la-cantata","status":"publish","type":"post","link":"https:\/\/agora.xtec.cat\/esc-lasiniamolins\/general\/4t-gimcana-de-la-cantata\/","title":{"rendered":"4t Gimcana de la cantata"},"content":{"rendered":"<p>Ja fa dies que els nens i nenes de 4t de totes les escoles de Molins estem preparant una cantata, que farem conjuntament el pr\u00f2xim 12 de juny.<br data-start=\"330\" data-end=\"333\" \/>Els mestres de m\u00fasica van pensar que una bona manera de con\u00e8ixer el nostre patrimoni i recon\u00e8ixer els espais que apareixen a les lletres de les can\u00e7ons seria fer una gimcana.<br data-start=\"507\" data-end=\"510\" \/>Per fer-ho, ens vam organitzar per escoles, i els nens i nenes de la S\u00ednia hem fet l\u2019activitat barrejats amb infants de l\u2019escola Castellciur\u00f3.<br data-start=\"652\" data-end=\"655\" \/>Ens ho hem passat d\u2019all\u00f2 m\u00e9s b\u00e9 i hem pogut compartir un dia de descoberta del nostre poble plegats.<\/p>\n<p><img loading=\"lazy\" decoding=\"async\" class=\"aligncenter size-large wp-image-4082\" src=\"https:\/\/agora.xtec.cat\/esc-lasiniamolins\/wp-content\/uploads\/usu2018\/2025\/06\/20250520_152136-1024x768.jpg\" alt=\"\" width=\"1024\" height=\"768\" srcset=\"https:\/\/agora.xtec.cat\/esc-lasiniamolins\/wp-content\/uploads\/usu2018\/2025\/06\/20250520_152136-1024x768.jpg 1024w, https:\/\/agora.xtec.cat\/esc-lasiniamolins\/wp-content\/uploads\/usu2018\/2025\/06\/20250520_152136-300x225.jpg 300w, https:\/\/agora.xtec.cat\/esc-lasiniamolins\/wp-content\/uploads\/usu2018\/2025\/06\/20250520_152136-768x576.jpg 768w, https:\/\/agora.xtec.cat\/esc-lasiniamolins\/wp-content\/uploads\/usu2018\/2025\/06\/20250520_152136-200x150.jpg 200w, https:\/\/agora.xtec.cat\/esc-lasiniamolins\/wp-content\/uploads\/usu2018\/2025\/06\/20250520_152136.jpg 1215w\" sizes=\"auto, (max-width: 1024px) 100vw, 1024px\" \/><\/p>\n","protected":false},"excerpt":{"rendered":"<p>Ja fa dies que els nens i nenes de 4t de totes les escoles de Molins estem preparant una cantata, que farem conjuntament el pr\u00f2xim 12 de juny.Els mestres de m\u00fasica van pensar que una bona manera de con\u00e8ixer el nostre patrimoni i recon\u00e8ixer els&hellip;  <a href=\"https:\/\/agora.xtec.cat\/esc-lasiniamolins\/general\/4t-gimcana-de-la-cantata\/\" title=\"Read 4t Gimcana de la cantata\">Llegeix m\u00e9s\u00bb<\/a><\/p>\n","protected":false},"author":1,"featured_media":0,"comment_status":"open","ping_status":"open","sticky":false,"template":"","format":"standard","meta":{"_bbp_topic_count":0,"_bbp_reply_count":0,"_bbp_total_topic_count":0,"_bbp_total_reply_count":0,"_bbp_voice_count":0,"_bbp_anonymous_reply_count":0,"_bbp_topic_count_hidden":0,"_bbp_reply_count_hidden":0,"_bbp_forum_subforum_count":0,"footnotes":""},"categories":[13,4,1],"tags":[60,351,485,541,225,91],"class_list":["post-4081","post","type-post","status-publish","format-standard","hentry","category-4t","category-portada","category-general","tag-4t","tag-cantata","tag-curs-2024-25","tag-molins-de-rei","tag-musica","tag-projecte"],"post_mailing_queue_ids":[],"_links":{"self":[{"href":"https:\/\/agora.xtec.cat\/esc-lasiniamolins\/wp-json\/wp\/v2\/posts\/4081","targetHints":{"allow":["GET"]}}],"collection":[{"href":"https:\/\/agora.xtec.cat\/esc-lasiniamolins\/wp-json\/wp\/v2\/posts"}],"about":[{"href":"https:\/\/agora.xtec.cat\/esc-lasiniamolins\/wp-json\/wp\/v2\/types\/post"}],"author":[{"embeddable":true,"href":"https:\/\/agora.xtec.cat\/esc-lasiniamolins\/wp-json\/wp\/v2\/users\/1"}],"replies":[{"embeddable":true,"href":"https:\/\/agora.xtec.cat\/esc-lasiniamolins\/wp-json\/wp\/v2\/comments?post=4081"}],"version-history":[{"count":1,"href":"https:\/\/agora.xtec.cat\/esc-lasiniamolins\/wp-json\/wp\/v2\/posts\/4081\/revisions"}],"predecessor-version":[{"id":4083,"href":"https:\/\/agora.xtec.cat\/esc-lasiniamolins\/wp-json\/wp\/v2\/posts\/4081\/revisions\/4083"}],"wp:attachment":[{"href":"https:\/\/agora.xtec.cat\/esc-lasiniamolins\/wp-json\/wp\/v2\/media?parent=4081"}],"wp:term":[{"taxonomy":"category","embeddable":true,"href":"https:\/\/agora.xtec.cat\/esc-lasiniamolins\/wp-json\/wp\/v2\/categories?post=4081"},{"taxonomy":"post_tag","embeddable":true,"href":"https:\/\/agora.xtec.cat\/esc-lasiniamolins\/wp-json\/wp\/v2\/tags?post=4081"}],"curies":[{"name":"wp","href":"https:\/\/api.w.org\/{rel}","templated":true}]}}