{"id":4075,"date":"2025-06-12T08:27:45","date_gmt":"2025-06-12T06:27:45","guid":{"rendered":"https:\/\/agora.xtec.cat\/esc-lasiniamolins\/?p=4075"},"modified":"2025-06-12T08:27:45","modified_gmt":"2025-06-12T06:27:45","slug":"acomiadament-de-padrins-i-fillols","status":"publish","type":"post","link":"https:\/\/agora.xtec.cat\/esc-lasiniamolins\/general\/acomiadament-de-padrins-i-fillols\/","title":{"rendered":"ACOMIADAMENT DE PADRINS I FILLOLS"},"content":{"rendered":"<p data-start=\"267\" data-end=\"461\">Avui hem celebrat l&#8217;acte de comiat del projecte de lectura de padrins entre els alumnes de 6\u00e8 i els seus fillols de 1r. <span class=\"relative -mx-px my-[-0.2rem] rounded px-px py-[0.2rem] transition-colors duration-100 ease-in-out\">Durant tot el curs, cada padr\u00ed ha acompanyat el seu fillol en el proc\u00e9s de descoberta i millora de la lectura, compartint estones de lectura i converses que han enfortit els vincles entre els dos cursos.<\/span><\/p>\n<p data-start=\"267\" data-end=\"461\"><span class=\"relative -mx-px my-[-0.2rem] rounded px-px py-[0.2rem] transition-colors duration-100 ease-in-out\">Aquesta iniciativa ha perm\u00e8s als alumnes de 6\u00e8 assumir responsabilitats com a models de lectura, mentre que els de 1r han guanyat confian\u00e7a i motivaci\u00f3 per seguir llegint.<\/span> <span class=\"relative -mx-px my-[-0.2rem] rounded px-px py-[0.2rem] transition-colors duration-100 ease-in-out\">Al final del projecte, els padrins han obsequiat als fillols amb un concert de xil\u00f2fons i metal\u00f2fons amb can\u00e7ons dels montpolins.\u00a0<\/span><\/p>\n<p data-start=\"579\" data-end=\"697\"><span class=\"relative -mx-px my-[-0.2rem] rounded px-px py-[0.2rem] transition-colors duration-100 ease-in-out\">Hem gaudit molt i ha estat l&#8217;excusa perfecta per compartir somriures i agra\u00efments.<\/span> <span class=\"relative -mx-px my-[-0.2rem] rounded px-px py-[0.2rem] transition-colors duration-100 ease-in-out\">Una vegada m\u00e9s, el projecte de padrins lectors ha estat una activitat molt enriquidora que ha fomentat la lectura, la solidaritat i la conviv\u00e8ncia entre els alumnes de diferents cursos. si voleu veure imatges del projecte i del comiat&#8230;nom\u00e9s heu de clicar!<\/span><\/p>\n<p data-start=\"579\" data-end=\"697\"><a href=\"https:\/\/photos.app.goo.gl\/1uVjPsZLYJhATMKq7\"><img loading=\"lazy\" decoding=\"async\" class=\"aligncenter wp-image-4076 size-full\" src=\"https:\/\/agora.xtec.cat\/esc-lasiniamolins\/wp-content\/uploads\/usu2018\/2025\/06\/Presentacion1.jpg\" alt=\"\" width=\"960\" height=\"720\" srcset=\"https:\/\/agora.xtec.cat\/esc-lasiniamolins\/wp-content\/uploads\/usu2018\/2025\/06\/Presentacion1.jpg 960w, https:\/\/agora.xtec.cat\/esc-lasiniamolins\/wp-content\/uploads\/usu2018\/2025\/06\/Presentacion1-300x225.jpg 300w, https:\/\/agora.xtec.cat\/esc-lasiniamolins\/wp-content\/uploads\/usu2018\/2025\/06\/Presentacion1-768x576.jpg 768w, https:\/\/agora.xtec.cat\/esc-lasiniamolins\/wp-content\/uploads\/usu2018\/2025\/06\/Presentacion1-200x150.jpg 200w\" sizes=\"auto, (max-width: 960px) 100vw, 960px\" \/><\/a><\/p>\n","protected":false},"excerpt":{"rendered":"<p>Avui hem celebrat l&#8217;acte de comiat del projecte de lectura de padrins entre els alumnes de 6\u00e8 i els seus fillols de 1r. Durant tot el curs, cada padr\u00ed ha acompanyat el seu fillol en el proc\u00e9s de descoberta i millora de la lectura, compartint&hellip;  <a href=\"https:\/\/agora.xtec.cat\/esc-lasiniamolins\/general\/acomiadament-de-padrins-i-fillols\/\" title=\"Read ACOMIADAMENT DE PADRINS I FILLOLS\">Llegeix m\u00e9s\u00bb<\/a><\/p>\n","protected":false},"author":8,"featured_media":0,"comment_status":"open","ping_status":"open","sticky":false,"template":"","format":"standard","meta":{"_bbp_topic_count":0,"_bbp_reply_count":0,"_bbp_total_topic_count":0,"_bbp_total_reply_count":0,"_bbp_voice_count":0,"_bbp_anonymous_reply_count":0,"_bbp_topic_count_hidden":0,"_bbp_reply_count_hidden":0,"_bbp_forum_subforum_count":0,"footnotes":""},"categories":[10,15,209,208,4,1],"tags":[102,68,485,69,226,476,106,94,105],"class_list":["post-4075","post","type-post","status-publish","format-standard","hentry","category-1r","category-6e","category-grans","category-mitjans","category-portada","category-general","tag-1r","tag-6e","tag-curs-2024-25","tag-els-encantats","tag-grans","tag-mitjans","tag-puig-dolorda","tag-puig-les-agulles","tag-puig-madrona"],"post_mailing_queue_ids":[],"_links":{"self":[{"href":"https:\/\/agora.xtec.cat\/esc-lasiniamolins\/wp-json\/wp\/v2\/posts\/4075","targetHints":{"allow":["GET"]}}],"collection":[{"href":"https:\/\/agora.xtec.cat\/esc-lasiniamolins\/wp-json\/wp\/v2\/posts"}],"about":[{"href":"https:\/\/agora.xtec.cat\/esc-lasiniamolins\/wp-json\/wp\/v2\/types\/post"}],"author":[{"embeddable":true,"href":"https:\/\/agora.xtec.cat\/esc-lasiniamolins\/wp-json\/wp\/v2\/users\/8"}],"replies":[{"embeddable":true,"href":"https:\/\/agora.xtec.cat\/esc-lasiniamolins\/wp-json\/wp\/v2\/comments?post=4075"}],"version-history":[{"count":1,"href":"https:\/\/agora.xtec.cat\/esc-lasiniamolins\/wp-json\/wp\/v2\/posts\/4075\/revisions"}],"predecessor-version":[{"id":4077,"href":"https:\/\/agora.xtec.cat\/esc-lasiniamolins\/wp-json\/wp\/v2\/posts\/4075\/revisions\/4077"}],"wp:attachment":[{"href":"https:\/\/agora.xtec.cat\/esc-lasiniamolins\/wp-json\/wp\/v2\/media?parent=4075"}],"wp:term":[{"taxonomy":"category","embeddable":true,"href":"https:\/\/agora.xtec.cat\/esc-lasiniamolins\/wp-json\/wp\/v2\/categories?post=4075"},{"taxonomy":"post_tag","embeddable":true,"href":"https:\/\/agora.xtec.cat\/esc-lasiniamolins\/wp-json\/wp\/v2\/tags?post=4075"}],"curies":[{"name":"wp","href":"https:\/\/api.w.org\/{rel}","templated":true}]}}