{"id":4071,"date":"2025-06-12T08:26:41","date_gmt":"2025-06-12T06:26:41","guid":{"rendered":"https:\/\/agora.xtec.cat\/esc-lasiniamolins\/?p=4071"},"modified":"2025-06-12T08:26:41","modified_gmt":"2025-06-12T06:26:41","slug":"primer-sacomiada-de-lespai-de-psico","status":"publish","type":"post","link":"https:\/\/agora.xtec.cat\/esc-lasiniamolins\/portada\/primer-sacomiada-de-lespai-de-psico\/","title":{"rendered":"PRIMER S&#8217;ACOMIADA DE L&#8217;ESPAI DE PSICO"},"content":{"rendered":"<p data-start=\"0\" data-end=\"112\"><span class=\"relative -mx-px my-[-0.2rem] rounded px-px py-[0.2rem] transition-colors duration-100 ease-in-out\">Fa uns dies, a l&#8217;escola, els i les alumnes de primer de prim\u00e0ria han viscut una experi\u00e8ncia \u00fanica a l&#8217;espai de psicomotricitat, on el joc i el moviment han estat els protagonistes.<\/span> <span class=\"relative -mx-px my-[-0.2rem] rounded px-px py-[0.2rem] transition-colors duration-100 ease-in-out\">Aquest espai, que ha estat fonamental per al seu desenvolupament integral, permetent-los explorar el seu cos, expressar-se i establir vincles amb els altres a trav\u00e9s del joc espontani, deixar\u00e0 pas a l&#8217;Educaci\u00f3 F\u00edsica el curs vinent. <\/span><span class=\"relative -mx-px my-[-0.2rem] rounded px-px py-[0.2rem] transition-colors duration-100 ease-in-out\">Per acomiadar aquest \u00faltim any, vam organitzar una sessi\u00f3 de psicomotricitat oberta a les fam\u00edlies.<\/span> <span class=\"relative -mx-px my-[-0.2rem] rounded px-px py-[0.2rem] transition-colors duration-100 ease-in-out\">Infants i familiars van compartir una tarda plena de jocs, rialles i emoci\u00f3.<\/span> <span class=\"relative -mx-px my-[-0.2rem] rounded px-px py-[0.2rem] transition-colors duration-100 ease-in-out\">Aquesta trobada va refor\u00e7ar els vincles entre escola, infants i fam\u00edlies, creant records inoblidables i marcant el final d&#8217;un curs ple de creixement i aprenentatge compartit, mireu quines imatges m\u00e9s boniques!<\/span><\/p>\n<p data-start=\"0\" data-end=\"112\"><a href=\"https:\/\/photos.app.goo.gl\/26hyzSdB7Dk8cqvS6\"><img loading=\"lazy\" decoding=\"async\" class=\"aligncenter size-full wp-image-4073\" src=\"https:\/\/agora.xtec.cat\/esc-lasiniamolins\/wp-content\/uploads\/usu2018\/2025\/06\/psico-300x226-1.png\" alt=\"\" width=\"300\" height=\"226\" srcset=\"https:\/\/agora.xtec.cat\/esc-lasiniamolins\/wp-content\/uploads\/usu2018\/2025\/06\/psico-300x226-1.png 300w, https:\/\/agora.xtec.cat\/esc-lasiniamolins\/wp-content\/uploads\/usu2018\/2025\/06\/psico-300x226-1-200x150.png 200w\" sizes=\"auto, (max-width: 300px) 100vw, 300px\" \/><\/a><\/p>\n","protected":false},"excerpt":{"rendered":"<p>Fa uns dies, a l&#8217;escola, els i les alumnes de primer de prim\u00e0ria han viscut una experi\u00e8ncia \u00fanica a l&#8217;espai de psicomotricitat, on el joc i el moviment han estat els protagonistes. Aquest espai, que ha estat fonamental per al seu desenvolupament integral, permetent-los explorar&hellip;  <a href=\"https:\/\/agora.xtec.cat\/esc-lasiniamolins\/portada\/primer-sacomiada-de-lespai-de-psico\/\" title=\"Read PRIMER S&#8217;ACOMIADA DE L&#8217;ESPAI DE PSICO\">Llegeix m\u00e9s\u00bb<\/a><\/p>\n","protected":false},"author":8,"featured_media":0,"comment_status":"open","ping_status":"open","sticky":false,"template":"","format":"standard","meta":{"_bbp_topic_count":0,"_bbp_reply_count":0,"_bbp_total_topic_count":0,"_bbp_total_reply_count":0,"_bbp_voice_count":0,"_bbp_anonymous_reply_count":0,"_bbp_topic_count_hidden":0,"_bbp_reply_count_hidden":0,"_bbp_forum_subforum_count":0,"footnotes":""},"categories":[10,208,4],"tags":[102,485,476,18,106,105],"class_list":["post-4071","post","type-post","status-publish","format-standard","hentry","category-1r","category-mitjans","category-portada","tag-1r","tag-curs-2024-25","tag-mitjans","tag-psicomotricitat","tag-puig-dolorda","tag-puig-madrona"],"post_mailing_queue_ids":[],"_links":{"self":[{"href":"https:\/\/agora.xtec.cat\/esc-lasiniamolins\/wp-json\/wp\/v2\/posts\/4071","targetHints":{"allow":["GET"]}}],"collection":[{"href":"https:\/\/agora.xtec.cat\/esc-lasiniamolins\/wp-json\/wp\/v2\/posts"}],"about":[{"href":"https:\/\/agora.xtec.cat\/esc-lasiniamolins\/wp-json\/wp\/v2\/types\/post"}],"author":[{"embeddable":true,"href":"https:\/\/agora.xtec.cat\/esc-lasiniamolins\/wp-json\/wp\/v2\/users\/8"}],"replies":[{"embeddable":true,"href":"https:\/\/agora.xtec.cat\/esc-lasiniamolins\/wp-json\/wp\/v2\/comments?post=4071"}],"version-history":[{"count":2,"href":"https:\/\/agora.xtec.cat\/esc-lasiniamolins\/wp-json\/wp\/v2\/posts\/4071\/revisions"}],"predecessor-version":[{"id":4074,"href":"https:\/\/agora.xtec.cat\/esc-lasiniamolins\/wp-json\/wp\/v2\/posts\/4071\/revisions\/4074"}],"wp:attachment":[{"href":"https:\/\/agora.xtec.cat\/esc-lasiniamolins\/wp-json\/wp\/v2\/media?parent=4071"}],"wp:term":[{"taxonomy":"category","embeddable":true,"href":"https:\/\/agora.xtec.cat\/esc-lasiniamolins\/wp-json\/wp\/v2\/categories?post=4071"},{"taxonomy":"post_tag","embeddable":true,"href":"https:\/\/agora.xtec.cat\/esc-lasiniamolins\/wp-json\/wp\/v2\/tags?post=4071"}],"curies":[{"name":"wp","href":"https:\/\/api.w.org\/{rel}","templated":true}]}}