{"id":4039,"date":"2025-06-03T16:30:09","date_gmt":"2025-06-03T14:30:09","guid":{"rendered":"https:\/\/agora.xtec.cat\/esc-lasiniamolins\/?p=4039"},"modified":"2025-06-04T15:09:33","modified_gmt":"2025-06-04T13:09:33","slug":"6e-al-xocopunt","status":"publish","type":"post","link":"https:\/\/agora.xtec.cat\/esc-lasiniamolins\/portada\/6e-al-xocopunt\/","title":{"rendered":"6\u00e8 al Xocopunt"},"content":{"rendered":"<p><span style=\"font-weight: 400;\">Els nens i nenes de 6\u00e8 hem viscut una experi\u00e8ncia molt especial! Hem anat a l\u2019obrador del Xocopunt, on ens han convidat a participar en un taller de xocolata. All\u00e0 hem pogut aprendre com es treballa la xocolata i hem tingut l\u2019oportunitat de crear les nostres pr\u00f2pies piruletes i rajoles de xocolata, deixant volar la imaginaci\u00f3 i posant-hi tota la creativitat del m\u00f3n.<\/span><\/p>\n<p><span style=\"font-weight: 400;\">El dimarts 3, dimecres 4 i dijous 5 de juny, a partir de les 16:30 h, ens trobareu al porxo de l\u2019escola, venent les piruletes i rajoles que hem fet amb les nostres pr\u00f2pies mans per poder fer la sortida de final d\u2019etapa. Estan bon\u00edssimes i han estat fetes amb molta il\u00b7lusi\u00f3! Us animem a venir, col\u00b7laborar i endur-vos una mica de dol\u00e7or cap a casa. No us quedeu sense!\u00a0<\/span><\/p>\n<p>Us deixem <a href=\"https:\/\/photos.app.goo.gl\/vfbVsCTQvwxCMTAw7\">l&#8217;enlla\u00e7<\/a>\u00a0amb les fotos perqu\u00e8 pugueu veure com ha estat el proc\u00e9s.<\/p>\n<p><span style=\"font-weight: 400;\">Moltes gr\u00e0cies!!!<\/span><\/p>\n<p><img loading=\"lazy\" decoding=\"async\" class=\"size-medium wp-image-4040 alignleft\" src=\"https:\/\/agora.xtec.cat\/esc-lasiniamolins\/wp-content\/uploads\/usu2018\/2025\/06\/a43951f6-b181-494a-bb36-7c8bd0e1f209-135x300.jpg\" alt=\"\" width=\"135\" height=\"300\" srcset=\"https:\/\/agora.xtec.cat\/esc-lasiniamolins\/wp-content\/uploads\/usu2018\/2025\/06\/a43951f6-b181-494a-bb36-7c8bd0e1f209-135x300.jpg 135w, https:\/\/agora.xtec.cat\/esc-lasiniamolins\/wp-content\/uploads\/usu2018\/2025\/06\/a43951f6-b181-494a-bb36-7c8bd0e1f209-460x1024.jpg 460w, https:\/\/agora.xtec.cat\/esc-lasiniamolins\/wp-content\/uploads\/usu2018\/2025\/06\/a43951f6-b181-494a-bb36-7c8bd0e1f209-768x1710.jpg 768w, https:\/\/agora.xtec.cat\/esc-lasiniamolins\/wp-content\/uploads\/usu2018\/2025\/06\/a43951f6-b181-494a-bb36-7c8bd0e1f209-690x1536.jpg 690w, https:\/\/agora.xtec.cat\/esc-lasiniamolins\/wp-content\/uploads\/usu2018\/2025\/06\/a43951f6-b181-494a-bb36-7c8bd0e1f209.jpg 920w\" sizes=\"auto, (max-width: 135px) 100vw, 135px\" \/> <img loading=\"lazy\" decoding=\"async\" class=\"size-medium wp-image-4041 alignright\" src=\"https:\/\/agora.xtec.cat\/esc-lasiniamolins\/wp-content\/uploads\/usu2018\/2025\/06\/IMG_3206-300x225.jpeg\" alt=\"\" width=\"300\" height=\"225\" srcset=\"https:\/\/agora.xtec.cat\/esc-lasiniamolins\/wp-content\/uploads\/usu2018\/2025\/06\/IMG_3206-300x225.jpeg 300w, https:\/\/agora.xtec.cat\/esc-lasiniamolins\/wp-content\/uploads\/usu2018\/2025\/06\/IMG_3206-1024x768.jpeg 1024w, https:\/\/agora.xtec.cat\/esc-lasiniamolins\/wp-content\/uploads\/usu2018\/2025\/06\/IMG_3206-768x576.jpeg 768w, https:\/\/agora.xtec.cat\/esc-lasiniamolins\/wp-content\/uploads\/usu2018\/2025\/06\/IMG_3206-1536x1152.jpeg 1536w, https:\/\/agora.xtec.cat\/esc-lasiniamolins\/wp-content\/uploads\/usu2018\/2025\/06\/IMG_3206-200x150.jpeg 200w, https:\/\/agora.xtec.cat\/esc-lasiniamolins\/wp-content\/uploads\/usu2018\/2025\/06\/IMG_3206-rotated.jpeg 2048w\" sizes=\"auto, (max-width: 300px) 100vw, 300px\" \/><\/p>\n","protected":false},"excerpt":{"rendered":"<p>Els nens i nenes de 6\u00e8 hem viscut una experi\u00e8ncia molt especial! Hem anat a l\u2019obrador del Xocopunt, on ens han convidat a participar en un taller de xocolata. All\u00e0 hem pogut aprendre com es treballa la xocolata i hem tingut l\u2019oportunitat de crear les&hellip;  <a href=\"https:\/\/agora.xtec.cat\/esc-lasiniamolins\/portada\/6e-al-xocopunt\/\" title=\"Read 6\u00e8 al Xocopunt\">Llegeix m\u00e9s\u00bb<\/a><\/p>\n","protected":false},"author":8,"featured_media":0,"comment_status":"open","ping_status":"closed","sticky":false,"template":"","format":"standard","meta":{"_bbp_topic_count":0,"_bbp_reply_count":0,"_bbp_total_topic_count":0,"_bbp_total_reply_count":0,"_bbp_voice_count":0,"_bbp_anonymous_reply_count":0,"_bbp_topic_count_hidden":0,"_bbp_reply_count_hidden":0,"_bbp_forum_subforum_count":0,"footnotes":""},"categories":[15,209,4],"tags":[68,70,69,226],"class_list":["post-4039","post","type-post","status-publish","format-standard","hentry","category-6e","category-grans","category-portada","tag-6e","tag-agulles-damitges","tag-els-encantats","tag-grans"],"post_mailing_queue_ids":[],"_links":{"self":[{"href":"https:\/\/agora.xtec.cat\/esc-lasiniamolins\/wp-json\/wp\/v2\/posts\/4039","targetHints":{"allow":["GET"]}}],"collection":[{"href":"https:\/\/agora.xtec.cat\/esc-lasiniamolins\/wp-json\/wp\/v2\/posts"}],"about":[{"href":"https:\/\/agora.xtec.cat\/esc-lasiniamolins\/wp-json\/wp\/v2\/types\/post"}],"author":[{"embeddable":true,"href":"https:\/\/agora.xtec.cat\/esc-lasiniamolins\/wp-json\/wp\/v2\/users\/8"}],"replies":[{"embeddable":true,"href":"https:\/\/agora.xtec.cat\/esc-lasiniamolins\/wp-json\/wp\/v2\/comments?post=4039"}],"version-history":[{"count":4,"href":"https:\/\/agora.xtec.cat\/esc-lasiniamolins\/wp-json\/wp\/v2\/posts\/4039\/revisions"}],"predecessor-version":[{"id":4045,"href":"https:\/\/agora.xtec.cat\/esc-lasiniamolins\/wp-json\/wp\/v2\/posts\/4039\/revisions\/4045"}],"wp:attachment":[{"href":"https:\/\/agora.xtec.cat\/esc-lasiniamolins\/wp-json\/wp\/v2\/media?parent=4039"}],"wp:term":[{"taxonomy":"category","embeddable":true,"href":"https:\/\/agora.xtec.cat\/esc-lasiniamolins\/wp-json\/wp\/v2\/categories?post=4039"},{"taxonomy":"post_tag","embeddable":true,"href":"https:\/\/agora.xtec.cat\/esc-lasiniamolins\/wp-json\/wp\/v2\/tags?post=4039"}],"curies":[{"name":"wp","href":"https:\/\/api.w.org\/{rel}","templated":true}]}}