{"id":4036,"date":"2025-06-02T08:52:17","date_gmt":"2025-06-02T06:52:17","guid":{"rendered":"https:\/\/agora.xtec.cat\/esc-lasiniamolins\/?p=4036"},"modified":"2025-06-02T08:52:17","modified_gmt":"2025-06-02T06:52:17","slug":"gimcana-pel-poble-de-primer","status":"publish","type":"post","link":"https:\/\/agora.xtec.cat\/esc-lasiniamolins\/general\/gimcana-pel-poble-de-primer\/","title":{"rendered":"GIMCANA PEL POBLE DE PRIMER"},"content":{"rendered":"<p>Els i les alumnes de primer tenim una tasca molt important a fer: dissenyar un pl\u00e0nol per ajudar als montpolins a ampliar el seu poblat. Per fer-ho, hem hagut d&#8217;investigar els equipaments d&#8217;un poble i principalment, el nostre, i ho hem fet amb el suport de la Carla, que ens ha preparat una gimcana per Molins amb un seguit de proves i un recorregut on hav\u00edem de recon\u00e8ixer diversos edificis importants. Ha estat bastant f\u00e0cil perqu\u00e8: coneixem molt b\u00e9 el nostre poble, perqu\u00e8 hem participat amb molta motivaci\u00f3 i perqu\u00e8 hem sabut treballar molt b\u00e9 en equip. Aqu\u00ed ho teniu!!!<\/p>\n<p><a href=\"https:\/\/photos.app.goo.gl\/C1d9xhefEzfy7zgWA\"><img loading=\"lazy\" decoding=\"async\" class=\"aligncenter wp-image-4037 size-large\" src=\"https:\/\/agora.xtec.cat\/esc-lasiniamolins\/wp-content\/uploads\/usu2018\/2025\/06\/molinsderei-1024x307.jpg\" alt=\"\" width=\"1024\" height=\"307\" srcset=\"https:\/\/agora.xtec.cat\/esc-lasiniamolins\/wp-content\/uploads\/usu2018\/2025\/06\/molinsderei-1024x307.jpg 1024w, https:\/\/agora.xtec.cat\/esc-lasiniamolins\/wp-content\/uploads\/usu2018\/2025\/06\/molinsderei-300x90.jpg 300w, https:\/\/agora.xtec.cat\/esc-lasiniamolins\/wp-content\/uploads\/usu2018\/2025\/06\/molinsderei-768x230.jpg 768w, https:\/\/agora.xtec.cat\/esc-lasiniamolins\/wp-content\/uploads\/usu2018\/2025\/06\/molinsderei.jpg 1200w\" sizes=\"auto, (max-width: 1024px) 100vw, 1024px\" \/><\/a><\/p>\n<p>&nbsp;<\/p>\n","protected":false},"excerpt":{"rendered":"<p>Els i les alumnes de primer tenim una tasca molt important a fer: dissenyar un pl\u00e0nol per ajudar als montpolins a ampliar el seu poblat. Per fer-ho, hem hagut d&#8217;investigar els equipaments d&#8217;un poble i principalment, el nostre, i ho hem fet amb el suport&hellip;  <a href=\"https:\/\/agora.xtec.cat\/esc-lasiniamolins\/general\/gimcana-pel-poble-de-primer\/\" title=\"Read GIMCANA PEL POBLE DE PRIMER\">Llegeix m\u00e9s\u00bb<\/a><\/p>\n","protected":false},"author":8,"featured_media":0,"comment_status":"open","ping_status":"closed","sticky":false,"template":"","format":"standard","meta":{"_bbp_topic_count":0,"_bbp_reply_count":0,"_bbp_total_topic_count":0,"_bbp_total_reply_count":0,"_bbp_voice_count":0,"_bbp_anonymous_reply_count":0,"_bbp_topic_count_hidden":0,"_bbp_reply_count_hidden":0,"_bbp_forum_subforum_count":0,"footnotes":""},"categories":[10,208,4,1],"tags":[485,476,179,106,105],"class_list":["post-4036","post","type-post","status-publish","format-standard","hentry","category-1r","category-mitjans","category-portada","category-general","tag-curs-2024-25","tag-mitjans","tag-primer","tag-puig-dolorda","tag-puig-madrona"],"post_mailing_queue_ids":[],"_links":{"self":[{"href":"https:\/\/agora.xtec.cat\/esc-lasiniamolins\/wp-json\/wp\/v2\/posts\/4036","targetHints":{"allow":["GET"]}}],"collection":[{"href":"https:\/\/agora.xtec.cat\/esc-lasiniamolins\/wp-json\/wp\/v2\/posts"}],"about":[{"href":"https:\/\/agora.xtec.cat\/esc-lasiniamolins\/wp-json\/wp\/v2\/types\/post"}],"author":[{"embeddable":true,"href":"https:\/\/agora.xtec.cat\/esc-lasiniamolins\/wp-json\/wp\/v2\/users\/8"}],"replies":[{"embeddable":true,"href":"https:\/\/agora.xtec.cat\/esc-lasiniamolins\/wp-json\/wp\/v2\/comments?post=4036"}],"version-history":[{"count":1,"href":"https:\/\/agora.xtec.cat\/esc-lasiniamolins\/wp-json\/wp\/v2\/posts\/4036\/revisions"}],"predecessor-version":[{"id":4038,"href":"https:\/\/agora.xtec.cat\/esc-lasiniamolins\/wp-json\/wp\/v2\/posts\/4036\/revisions\/4038"}],"wp:attachment":[{"href":"https:\/\/agora.xtec.cat\/esc-lasiniamolins\/wp-json\/wp\/v2\/media?parent=4036"}],"wp:term":[{"taxonomy":"category","embeddable":true,"href":"https:\/\/agora.xtec.cat\/esc-lasiniamolins\/wp-json\/wp\/v2\/categories?post=4036"},{"taxonomy":"post_tag","embeddable":true,"href":"https:\/\/agora.xtec.cat\/esc-lasiniamolins\/wp-json\/wp\/v2\/tags?post=4036"}],"curies":[{"name":"wp","href":"https:\/\/api.w.org\/{rel}","templated":true}]}}