{"id":4017,"date":"2025-05-14T09:10:13","date_gmt":"2025-05-14T07:10:13","guid":{"rendered":"https:\/\/agora.xtec.cat\/esc-lasiniamolins\/?p=4017"},"modified":"2025-05-14T09:10:13","modified_gmt":"2025-05-14T07:10:13","slug":"el-projecte-de-les-dents-de-primer","status":"publish","type":"post","link":"https:\/\/agora.xtec.cat\/esc-lasiniamolins\/portada\/el-projecte-de-les-dents-de-primer\/","title":{"rendered":"EL PROJECTE DE LES DENTS DE PRIMER"},"content":{"rendered":"<p>Els nens i les nenes de primer hem realitzat un projecte molt interessant i que ens ha motivat molt perqu\u00e8 precisament se&#8217;ns comencen a caure: LES DENTS. A part de con\u00e8ixer els tipus de dents, quina funci\u00f3 tenen i les seves parts, hem observat for\u00e7a com \u00e9s la nostra dentadura, l&#8217;hem replicat amb plastelina i hem treballat les gr\u00e0fiques a partir de les dents caigudes de cadasc\u00fa. Per tancar el projecte, vam rebre la visita d&#8217;una mare que \u00e9s higienista dental i ens va fer una xerrada de com tenir-ne cura. Hem apr\u00e8s tan&#8230;<\/p>\n<p><a href=\"https:\/\/photos.app.goo.gl\/67zzjGxQ4xzV9Kru7\"><img loading=\"lazy\" decoding=\"async\" class=\"aligncenter size-medium wp-image-4018\" src=\"https:\/\/agora.xtec.cat\/esc-lasiniamolins\/wp-content\/uploads\/usu2018\/2025\/05\/dientes-nino-300x141.jpg\" alt=\"\" width=\"300\" height=\"141\" srcset=\"https:\/\/agora.xtec.cat\/esc-lasiniamolins\/wp-content\/uploads\/usu2018\/2025\/05\/dientes-nino-300x141.jpg 300w, https:\/\/agora.xtec.cat\/esc-lasiniamolins\/wp-content\/uploads\/usu2018\/2025\/05\/dientes-nino-1024x482.jpg 1024w, https:\/\/agora.xtec.cat\/esc-lasiniamolins\/wp-content\/uploads\/usu2018\/2025\/05\/dientes-nino-768x362.jpg 768w, https:\/\/agora.xtec.cat\/esc-lasiniamolins\/wp-content\/uploads\/usu2018\/2025\/05\/dientes-nino.jpg 1200w\" sizes=\"auto, (max-width: 300px) 100vw, 300px\" \/><\/a><\/p>\n","protected":false},"excerpt":{"rendered":"<p>Els nens i les nenes de primer hem realitzat un projecte molt interessant i que ens ha motivat molt perqu\u00e8 precisament se&#8217;ns comencen a caure: LES DENTS. A part de con\u00e8ixer els tipus de dents, quina funci\u00f3 tenen i les seves parts, hem observat for\u00e7a&hellip;  <a href=\"https:\/\/agora.xtec.cat\/esc-lasiniamolins\/portada\/el-projecte-de-les-dents-de-primer\/\" title=\"Read EL PROJECTE DE LES DENTS DE PRIMER\">Llegeix m\u00e9s\u00bb<\/a><\/p>\n","protected":false},"author":8,"featured_media":0,"comment_status":"open","ping_status":"closed","sticky":false,"template":"","format":"standard","meta":{"_bbp_topic_count":0,"_bbp_reply_count":0,"_bbp_total_topic_count":0,"_bbp_total_reply_count":0,"_bbp_voice_count":0,"_bbp_anonymous_reply_count":0,"_bbp_topic_count_hidden":0,"_bbp_reply_count_hidden":0,"_bbp_forum_subforum_count":0,"footnotes":""},"categories":[10,208,4],"tags":[102,529,485,476,106,105],"class_list":["post-4017","post","type-post","status-publish","format-standard","hentry","category-1r","category-mitjans","category-portada","tag-1r","tag-24-25-projectes","tag-curs-2024-25","tag-mitjans","tag-puig-dolorda","tag-puig-madrona"],"post_mailing_queue_ids":[],"_links":{"self":[{"href":"https:\/\/agora.xtec.cat\/esc-lasiniamolins\/wp-json\/wp\/v2\/posts\/4017","targetHints":{"allow":["GET"]}}],"collection":[{"href":"https:\/\/agora.xtec.cat\/esc-lasiniamolins\/wp-json\/wp\/v2\/posts"}],"about":[{"href":"https:\/\/agora.xtec.cat\/esc-lasiniamolins\/wp-json\/wp\/v2\/types\/post"}],"author":[{"embeddable":true,"href":"https:\/\/agora.xtec.cat\/esc-lasiniamolins\/wp-json\/wp\/v2\/users\/8"}],"replies":[{"embeddable":true,"href":"https:\/\/agora.xtec.cat\/esc-lasiniamolins\/wp-json\/wp\/v2\/comments?post=4017"}],"version-history":[{"count":1,"href":"https:\/\/agora.xtec.cat\/esc-lasiniamolins\/wp-json\/wp\/v2\/posts\/4017\/revisions"}],"predecessor-version":[{"id":4019,"href":"https:\/\/agora.xtec.cat\/esc-lasiniamolins\/wp-json\/wp\/v2\/posts\/4017\/revisions\/4019"}],"wp:attachment":[{"href":"https:\/\/agora.xtec.cat\/esc-lasiniamolins\/wp-json\/wp\/v2\/media?parent=4017"}],"wp:term":[{"taxonomy":"category","embeddable":true,"href":"https:\/\/agora.xtec.cat\/esc-lasiniamolins\/wp-json\/wp\/v2\/categories?post=4017"},{"taxonomy":"post_tag","embeddable":true,"href":"https:\/\/agora.xtec.cat\/esc-lasiniamolins\/wp-json\/wp\/v2\/tags?post=4017"}],"curies":[{"name":"wp","href":"https:\/\/api.w.org\/{rel}","templated":true}]}}