{"id":3990,"date":"2025-06-06T10:56:50","date_gmt":"2025-06-06T08:56:50","guid":{"rendered":"https:\/\/agora.xtec.cat\/esc-lasiniamolins\/?p=3990"},"modified":"2025-06-06T10:56:50","modified_gmt":"2025-06-06T08:56:50","slug":"p3-colonies-a-can-foix","status":"publish","type":"post","link":"https:\/\/agora.xtec.cat\/esc-lasiniamolins\/general\/p3-colonies-a-can-foix\/","title":{"rendered":"P3 COL\u00d2NIES A CAN FOIX"},"content":{"rendered":"<p>Vam anar de col\u00f2nies a Can Foix a rescatar al follet Jep, i per a molts infants ha sigut el primer cop que dormien fora de casa i per a moltes fam\u00edlies la primera vegada sense els seus fills i filles a casa.<\/p>\n<p>Per als Liles i els Vermells ha estat una aventura plena d&#8217;emocions, de riures, sorpreses i alguna petita enyoran\u00e7a. Per\u00f2 el record d&#8217;aquestes col\u00f2nies m\u00e0giques no l&#8217;oblidarem mai.<\/p>\n<p>Us deixem un petit recull d&#8217;alguns d&#8217;aquests moments. <a href=\"https:\/\/photos.app.goo.gl\/YisgxMNbVHbqnbvZ9\"><img loading=\"lazy\" decoding=\"async\" class=\"aligncenter size-medium wp-image-3991\" src=\"https:\/\/agora.xtec.cat\/esc-lasiniamolins\/wp-content\/uploads\/usu2018\/2025\/05\/1746734530395-135x300.jpg\" alt=\"\" width=\"135\" height=\"300\" srcset=\"https:\/\/agora.xtec.cat\/esc-lasiniamolins\/wp-content\/uploads\/usu2018\/2025\/05\/1746734530395-135x300.jpg 135w, https:\/\/agora.xtec.cat\/esc-lasiniamolins\/wp-content\/uploads\/usu2018\/2025\/05\/1746734530395-461x1024.jpg 461w, https:\/\/agora.xtec.cat\/esc-lasiniamolins\/wp-content\/uploads\/usu2018\/2025\/05\/1746734530395-768x1707.jpg 768w, https:\/\/agora.xtec.cat\/esc-lasiniamolins\/wp-content\/uploads\/usu2018\/2025\/05\/1746734530395-691x1536.jpg 691w, https:\/\/agora.xtec.cat\/esc-lasiniamolins\/wp-content\/uploads\/usu2018\/2025\/05\/1746734530395-922x2048.jpg 922w, https:\/\/agora.xtec.cat\/esc-lasiniamolins\/wp-content\/uploads\/usu2018\/2025\/05\/1746734530395-scaled.jpg 1152w\" sizes=\"auto, (max-width: 135px) 100vw, 135px\" \/><\/a><\/p>\n<p>&nbsp;<\/p>\n","protected":false},"excerpt":{"rendered":"<p>Vam anar de col\u00f2nies a Can Foix a rescatar al follet Jep, i per a molts infants ha sigut el primer cop que dormien fora de casa i per a moltes fam\u00edlies la primera vegada sense els seus fills i filles a casa.<br \/>\nPer als Liles&hellip;  <a href=\"https:\/\/agora.xtec.cat\/esc-lasiniamolins\/general\/p3-colonies-a-can-foix\/\" title=\"Read P3 COL\u00d2NIES A CAN FOIX\">Llegeix m\u00e9s\u00bb<\/a><\/p>\n","protected":false},"author":8,"featured_media":0,"comment_status":"open","ping_status":"closed","sticky":false,"template":"","format":"standard","meta":{"_bbp_topic_count":0,"_bbp_reply_count":0,"_bbp_total_topic_count":0,"_bbp_total_reply_count":0,"_bbp_voice_count":0,"_bbp_anonymous_reply_count":0,"_bbp_topic_count_hidden":0,"_bbp_reply_count_hidden":0,"_bbp_forum_subforum_count":0,"footnotes":""},"categories":[10,11,12,13,14,15,209,208,3,8,9,207,4,1],"tags":[536,537,538],"class_list":["post-3990","post","type-post","status-publish","format-standard","hentry","category-1r","category-2n","category-3r","category-4t","category-5e","category-6e","category-grans","category-mitjans","category-p3","category-p4","category-p5","category-petits","category-portada","category-general","tag-curs-24-35","tag-p3-colonies","tag-vermells-i-liles-24-25"],"post_mailing_queue_ids":[],"_links":{"self":[{"href":"https:\/\/agora.xtec.cat\/esc-lasiniamolins\/wp-json\/wp\/v2\/posts\/3990","targetHints":{"allow":["GET"]}}],"collection":[{"href":"https:\/\/agora.xtec.cat\/esc-lasiniamolins\/wp-json\/wp\/v2\/posts"}],"about":[{"href":"https:\/\/agora.xtec.cat\/esc-lasiniamolins\/wp-json\/wp\/v2\/types\/post"}],"author":[{"embeddable":true,"href":"https:\/\/agora.xtec.cat\/esc-lasiniamolins\/wp-json\/wp\/v2\/users\/8"}],"replies":[{"embeddable":true,"href":"https:\/\/agora.xtec.cat\/esc-lasiniamolins\/wp-json\/wp\/v2\/comments?post=3990"}],"version-history":[{"count":2,"href":"https:\/\/agora.xtec.cat\/esc-lasiniamolins\/wp-json\/wp\/v2\/posts\/3990\/revisions"}],"predecessor-version":[{"id":4035,"href":"https:\/\/agora.xtec.cat\/esc-lasiniamolins\/wp-json\/wp\/v2\/posts\/3990\/revisions\/4035"}],"wp:attachment":[{"href":"https:\/\/agora.xtec.cat\/esc-lasiniamolins\/wp-json\/wp\/v2\/media?parent=3990"}],"wp:term":[{"taxonomy":"category","embeddable":true,"href":"https:\/\/agora.xtec.cat\/esc-lasiniamolins\/wp-json\/wp\/v2\/categories?post=3990"},{"taxonomy":"post_tag","embeddable":true,"href":"https:\/\/agora.xtec.cat\/esc-lasiniamolins\/wp-json\/wp\/v2\/tags?post=3990"}],"curies":[{"name":"wp","href":"https:\/\/api.w.org\/{rel}","templated":true}]}}