{"id":3988,"date":"2025-05-09T16:07:17","date_gmt":"2025-05-09T14:07:17","guid":{"rendered":"https:\/\/agora.xtec.cat\/esc-lasiniamolins\/?p=3988"},"modified":"2025-05-12T20:21:49","modified_gmt":"2025-05-12T18:21:49","slug":"el-meu-amic-el-sol-2","status":"publish","type":"post","link":"https:\/\/agora.xtec.cat\/esc-lasiniamolins\/general\/el-meu-amic-el-sol-2\/","title":{"rendered":"El meu amic el sol"},"content":{"rendered":"<p>La setmana passada els i les alumnes de 3r vam visitar el Camp d&#8217;Aprenentatge de Can Santoi per dur a terme un taller anomenat &#8220;El meu amic el sol&#8221;. Gr\u00e0cies a aquest, vam entendre que a partir del sol podem obtenir electricitat i calor, que ens pot servir, entre moltes altres coses, per escalfar aigua.<\/p>\n<p>Vam comprovar com les plaques fotovoltaiques converteixen la llum del Sol en electricitat muntant un senzill circuit el\u00e8ctric per fer anar un petit ventilador i tamb\u00e9 vam poder cuinar pomes utilitzant una cuina solar parab\u00f2lica, que permet cuinar concentrant la calor provinent del Sol.<\/p>\n<p>De tornada vam poder gaudir d&#8217;una caminada fins a l&#8217;escola!<\/p>\n<p><a href=\"https:\/\/photos.app.goo.gl\/7Fc9SpiDiuFjKcUv7\">Cliqueu sobre la imatge<\/a><\/p>\n<p><a href=\"https:\/\/photos.app.goo.gl\/7Fc9SpiDiuFjKcUv7\"><img loading=\"lazy\" decoding=\"async\" class=\"aligncenter size-medium wp-image-2640\" src=\"https:\/\/agora.xtec.cat\/esc-lasiniamolins\/wp-content\/uploads\/usu2018\/2023\/06\/IMG_3280-300x225.jpg\" alt=\"\" width=\"300\" height=\"225\" srcset=\"https:\/\/agora.xtec.cat\/esc-lasiniamolins\/wp-content\/uploads\/usu2018\/2023\/06\/IMG_3280-300x225.jpg 300w, https:\/\/agora.xtec.cat\/esc-lasiniamolins\/wp-content\/uploads\/usu2018\/2023\/06\/IMG_3280-200x150.jpg 200w, https:\/\/agora.xtec.cat\/esc-lasiniamolins\/wp-content\/uploads\/usu2018\/2023\/06\/IMG_3280.jpg 768w\" sizes=\"auto, (max-width: 300px) 100vw, 300px\" \/><\/a><\/p>\n<p>&nbsp;<\/p>\n","protected":false},"excerpt":{"rendered":"<p>La setmana passada els i les alumnes de 3r vam visitar el Camp d&#8217;Aprenentatge de Can Santoi per dur a terme un taller anomenat &#8220;El meu amic el sol&#8221;. Gr\u00e0cies a aquest, vam entendre que a partir del sol podem obtenir electricitat i calor, que&hellip;  <a href=\"https:\/\/agora.xtec.cat\/esc-lasiniamolins\/general\/el-meu-amic-el-sol-2\/\" title=\"Read El meu amic el sol\">Llegeix m\u00e9s\u00bb<\/a><\/p>\n","protected":false},"author":1,"featured_media":0,"comment_status":"open","ping_status":"closed","sticky":false,"template":"","format":"standard","meta":{"_bbp_topic_count":0,"_bbp_reply_count":0,"_bbp_total_topic_count":0,"_bbp_total_reply_count":0,"_bbp_voice_count":0,"_bbp_anonymous_reply_count":0,"_bbp_topic_count_hidden":0,"_bbp_reply_count_hidden":0,"_bbp_forum_subforum_count":0,"footnotes":""},"categories":[1],"tags":[64,485,66,67,476],"class_list":["post-3988","post","type-post","status-publish","format-standard","hentry","category-general","tag-3r","tag-curs-2024-25","tag-el-montcau","tag-la-mola","tag-mitjans"],"post_mailing_queue_ids":[],"_links":{"self":[{"href":"https:\/\/agora.xtec.cat\/esc-lasiniamolins\/wp-json\/wp\/v2\/posts\/3988","targetHints":{"allow":["GET"]}}],"collection":[{"href":"https:\/\/agora.xtec.cat\/esc-lasiniamolins\/wp-json\/wp\/v2\/posts"}],"about":[{"href":"https:\/\/agora.xtec.cat\/esc-lasiniamolins\/wp-json\/wp\/v2\/types\/post"}],"author":[{"embeddable":true,"href":"https:\/\/agora.xtec.cat\/esc-lasiniamolins\/wp-json\/wp\/v2\/users\/1"}],"replies":[{"embeddable":true,"href":"https:\/\/agora.xtec.cat\/esc-lasiniamolins\/wp-json\/wp\/v2\/comments?post=3988"}],"version-history":[{"count":1,"href":"https:\/\/agora.xtec.cat\/esc-lasiniamolins\/wp-json\/wp\/v2\/posts\/3988\/revisions"}],"predecessor-version":[{"id":3989,"href":"https:\/\/agora.xtec.cat\/esc-lasiniamolins\/wp-json\/wp\/v2\/posts\/3988\/revisions\/3989"}],"wp:attachment":[{"href":"https:\/\/agora.xtec.cat\/esc-lasiniamolins\/wp-json\/wp\/v2\/media?parent=3988"}],"wp:term":[{"taxonomy":"category","embeddable":true,"href":"https:\/\/agora.xtec.cat\/esc-lasiniamolins\/wp-json\/wp\/v2\/categories?post=3988"},{"taxonomy":"post_tag","embeddable":true,"href":"https:\/\/agora.xtec.cat\/esc-lasiniamolins\/wp-json\/wp\/v2\/tags?post=3988"}],"curies":[{"name":"wp","href":"https:\/\/api.w.org\/{rel}","templated":true}]}}