{"id":3981,"date":"2025-05-07T19:23:46","date_gmt":"2025-05-07T17:23:46","guid":{"rendered":"https:\/\/agora.xtec.cat\/esc-lasiniamolins\/?p=3981"},"modified":"2025-05-15T20:31:40","modified_gmt":"2025-05-15T18:31:40","slug":"24-25-colonies-p4-can-ramio","status":"publish","type":"post","link":"https:\/\/agora.xtec.cat\/esc-lasiniamolins\/general\/24-25-colonies-p4-can-ramio\/","title":{"rendered":"24-25 COL\u00d2NIES P4 CAN RAMI\u00d3"},"content":{"rendered":"<p>Els petits de P4 Grocs i Blaus van gaudir fa uns dies de les seves esperades col\u00f2nies!!!<\/p>\n<p>A Can Rami\u00f3 van poder acabar de descobrir perqu\u00e8 la Sacajawea els havia plantejat els reptes a l&#8217;escola i perqu\u00e8 havien de marxar de col\u00f2nies: recuperar els T\u00f2tems sagrats i retornar l&#8217;equilibri a la natura.<\/p>\n<p>Tot i la pluja, als Grocs i Blaus res els va aturar i van aconseguir formar tribus, construir els t\u00f2tems, viure la cultura \u00edndia americana i poder tornar a casa.<\/p>\n<p><a href=\"https:\/\/photos.app.goo.gl\/Qvc2Bb5GzTUH7HtU9\">Mireu, mireu les fotos!!!<\/a><\/p>\n<p><img loading=\"lazy\" decoding=\"async\" class=\"aligncenter size-medium wp-image-4021\" src=\"https:\/\/agora.xtec.cat\/esc-lasiniamolins\/wp-content\/uploads\/usu2018\/2025\/05\/FOTO-PORTADA-COLONIAS-300x93.png\" alt=\"\" width=\"300\" height=\"93\" srcset=\"https:\/\/agora.xtec.cat\/esc-lasiniamolins\/wp-content\/uploads\/usu2018\/2025\/05\/FOTO-PORTADA-COLONIAS-300x93.png 300w, https:\/\/agora.xtec.cat\/esc-lasiniamolins\/wp-content\/uploads\/usu2018\/2025\/05\/FOTO-PORTADA-COLONIAS-1024x317.png 1024w, https:\/\/agora.xtec.cat\/esc-lasiniamolins\/wp-content\/uploads\/usu2018\/2025\/05\/FOTO-PORTADA-COLONIAS-768x237.png 768w, https:\/\/agora.xtec.cat\/esc-lasiniamolins\/wp-content\/uploads\/usu2018\/2025\/05\/FOTO-PORTADA-COLONIAS.png 1087w\" sizes=\"auto, (max-width: 300px) 100vw, 300px\" \/><\/p>\n<p>&nbsp;<\/p>\n","protected":false},"excerpt":{"rendered":"<p>Els petits de P4 Grocs i Blaus van gaudir fa uns dies de les seves esperades col\u00f2nies!!!<br \/>\nA Can Rami\u00f3 van poder acabar de descobrir perqu\u00e8 la Sacajawea els havia plantejat els reptes a l&#8217;escola i perqu\u00e8 havien de marxar de col\u00f2nies: recuperar els T\u00f2tems sagrats&hellip;  <a href=\"https:\/\/agora.xtec.cat\/esc-lasiniamolins\/general\/24-25-colonies-p4-can-ramio\/\" title=\"Read 24-25 COL\u00d2NIES P4 CAN RAMI\u00d3\">Llegeix m\u00e9s\u00bb<\/a><\/p>\n","protected":false},"author":1,"featured_media":0,"comment_status":"open","ping_status":"closed","sticky":false,"template":"","format":"standard","meta":{"_bbp_topic_count":0,"_bbp_reply_count":0,"_bbp_total_topic_count":0,"_bbp_total_reply_count":0,"_bbp_voice_count":0,"_bbp_anonymous_reply_count":0,"_bbp_topic_count_hidden":0,"_bbp_reply_count_hidden":0,"_bbp_forum_subforum_count":0,"footnotes":""},"categories":[8,207,1],"tags":[533,284,129,532],"class_list":["post-3981","post","type-post","status-publish","format-standard","hentry","category-p4","category-petits","category-general","tag-colonies-24-25","tag-grocs-i-blaus","tag-projectes-de-centre","tag-projectes-p4"],"post_mailing_queue_ids":[],"_links":{"self":[{"href":"https:\/\/agora.xtec.cat\/esc-lasiniamolins\/wp-json\/wp\/v2\/posts\/3981","targetHints":{"allow":["GET"]}}],"collection":[{"href":"https:\/\/agora.xtec.cat\/esc-lasiniamolins\/wp-json\/wp\/v2\/posts"}],"about":[{"href":"https:\/\/agora.xtec.cat\/esc-lasiniamolins\/wp-json\/wp\/v2\/types\/post"}],"author":[{"embeddable":true,"href":"https:\/\/agora.xtec.cat\/esc-lasiniamolins\/wp-json\/wp\/v2\/users\/1"}],"replies":[{"embeddable":true,"href":"https:\/\/agora.xtec.cat\/esc-lasiniamolins\/wp-json\/wp\/v2\/comments?post=3981"}],"version-history":[{"count":3,"href":"https:\/\/agora.xtec.cat\/esc-lasiniamolins\/wp-json\/wp\/v2\/posts\/3981\/revisions"}],"predecessor-version":[{"id":4022,"href":"https:\/\/agora.xtec.cat\/esc-lasiniamolins\/wp-json\/wp\/v2\/posts\/3981\/revisions\/4022"}],"wp:attachment":[{"href":"https:\/\/agora.xtec.cat\/esc-lasiniamolins\/wp-json\/wp\/v2\/media?parent=3981"}],"wp:term":[{"taxonomy":"category","embeddable":true,"href":"https:\/\/agora.xtec.cat\/esc-lasiniamolins\/wp-json\/wp\/v2\/categories?post=3981"},{"taxonomy":"post_tag","embeddable":true,"href":"https:\/\/agora.xtec.cat\/esc-lasiniamolins\/wp-json\/wp\/v2\/tags?post=3981"}],"curies":[{"name":"wp","href":"https:\/\/api.w.org\/{rel}","templated":true}]}}