{"id":3977,"date":"2025-05-07T17:00:10","date_gmt":"2025-05-07T15:00:10","guid":{"rendered":"https:\/\/agora.xtec.cat\/esc-lasiniamolins\/?p=3977"},"modified":"2025-05-09T18:10:30","modified_gmt":"2025-05-09T16:10:30","slug":"cantania-2025-real","status":"publish","type":"post","link":"https:\/\/agora.xtec.cat\/esc-lasiniamolins\/portada\/cantania-2025-real\/","title":{"rendered":"Cant\u00e0nia 2025, \u201cREAL\u201d"},"content":{"rendered":"<p><span style=\"font-weight: 400;\"><img decoding=\"async\" src=\"https:\/\/lh3.googleusercontent.com\/pw\/AP1GczN3KGR2suoOz83yCw-2cPeNAPlOVXKPTg6HzIfyOexZ7Lyq8wJD0eP-ZMVj3CJI9Ck-Uu9acHnAIbtAERYtpbUptsfXBpA3aC1oxntJL1dTwC7qJEy2t5BGcXKXKKCRP_oDshKlJ4fwGnJ3RDklAB4d=w1103-h828-s-no-gm?authuser=4\" \/><\/span><\/p>\n<p>El Projecte \u201cLa Cant\u00e0nia\u201d, organitzat pel Servei Educatiu de L\u2019Auditori de Barcelona ens ha perm\u00e8s viure una experi\u00e8ncia \u00fanica: fer un concert a la sala gran de L\u2019Auditori amb m\u00fasica en directe. I no nom\u00e9s en destaquem el producte final, sin\u00f3 que tot el proc\u00e9s ha tingut import\u00e0ncia.<\/p>\n<p>Aquest any la cantata es titula \u201cReal\u201d, amb m\u00fasica del Xavier Pastrana i text de la Llucia Ramis.<\/p>\n<p>Al llarg de totes les sessions de m\u00fasica hem descobert la hist\u00f2ria protagonitzada per la Vera i l&#8217;Ernest i hem conegut la lletra i el significat de les can\u00e7ons.\u00a0Paral\u00b7lelament, a les sessions de Proyecto hem estat preparant diferents elements pl\u00e0stics que ens han servit d\u2019attrezzo per algunes de les can\u00e7ons: un marc, un rectangle, un llibre forrat i un retrat en format collage.<\/p>\n<p>Despr\u00e9s de molta pr\u00e0ctica i assajos, hem pogut compartir el resultat amb les fam\u00edlies i amb altres nens i nenes que tamb\u00e9 han participat en el projecte.<\/p>\n<p>En aquesta <a href=\"https:\/\/photos.app.goo.gl\/e1inUMPeNQ16gFpH6\">carpeta\u00a0<\/a>podreu veure algunes imatges.<\/p>\n","protected":false},"excerpt":{"rendered":"<p>El Projecte \u201cLa Cant\u00e0nia\u201d, organitzat pel Servei Educatiu de L\u2019Auditori de Barcelona ens ha perm\u00e8s viure una experi\u00e8ncia \u00fanica: fer un concert a la sala gran de L\u2019Auditori amb m\u00fasica en directe. I no nom\u00e9s en destaquem el producte final, sin\u00f3 que tot el proc\u00e9s&hellip;  <a href=\"https:\/\/agora.xtec.cat\/esc-lasiniamolins\/portada\/cantania-2025-real\/\" title=\"Read Cant\u00e0nia 2025, \u201cREAL\u201d\">Llegeix m\u00e9s\u00bb<\/a><\/p>\n","protected":false},"author":1,"featured_media":0,"comment_status":"open","ping_status":"closed","sticky":false,"template":"","format":"standard","meta":{"_bbp_topic_count":0,"_bbp_reply_count":0,"_bbp_total_topic_count":0,"_bbp_total_reply_count":0,"_bbp_voice_count":0,"_bbp_anonymous_reply_count":0,"_bbp_topic_count_hidden":0,"_bbp_reply_count_hidden":0,"_bbp_forum_subforum_count":0,"footnotes":""},"categories":[14,209,4],"tags":[490,72,300,226,74,75],"class_list":["post-3977","post","type-post","status-publish","format-standard","hentry","category-5e","category-grans","category-portada","tag-24-25","tag-5e","tag-cantania","tag-grans","tag-matagalls","tag-turo-de-lhome"],"post_mailing_queue_ids":[],"_links":{"self":[{"href":"https:\/\/agora.xtec.cat\/esc-lasiniamolins\/wp-json\/wp\/v2\/posts\/3977","targetHints":{"allow":["GET"]}}],"collection":[{"href":"https:\/\/agora.xtec.cat\/esc-lasiniamolins\/wp-json\/wp\/v2\/posts"}],"about":[{"href":"https:\/\/agora.xtec.cat\/esc-lasiniamolins\/wp-json\/wp\/v2\/types\/post"}],"author":[{"embeddable":true,"href":"https:\/\/agora.xtec.cat\/esc-lasiniamolins\/wp-json\/wp\/v2\/users\/1"}],"replies":[{"embeddable":true,"href":"https:\/\/agora.xtec.cat\/esc-lasiniamolins\/wp-json\/wp\/v2\/comments?post=3977"}],"version-history":[{"count":4,"href":"https:\/\/agora.xtec.cat\/esc-lasiniamolins\/wp-json\/wp\/v2\/posts\/3977\/revisions"}],"predecessor-version":[{"id":3994,"href":"https:\/\/agora.xtec.cat\/esc-lasiniamolins\/wp-json\/wp\/v2\/posts\/3977\/revisions\/3994"}],"wp:attachment":[{"href":"https:\/\/agora.xtec.cat\/esc-lasiniamolins\/wp-json\/wp\/v2\/media?parent=3977"}],"wp:term":[{"taxonomy":"category","embeddable":true,"href":"https:\/\/agora.xtec.cat\/esc-lasiniamolins\/wp-json\/wp\/v2\/categories?post=3977"},{"taxonomy":"post_tag","embeddable":true,"href":"https:\/\/agora.xtec.cat\/esc-lasiniamolins\/wp-json\/wp\/v2\/tags?post=3977"}],"curies":[{"name":"wp","href":"https:\/\/api.w.org\/{rel}","templated":true}]}}