{"id":3965,"date":"2025-04-11T09:47:36","date_gmt":"2025-04-11T07:47:36","guid":{"rendered":"https:\/\/agora.xtec.cat\/esc-lasiniamolins\/?p=3965"},"modified":"2025-05-07T16:25:13","modified_gmt":"2025-05-07T14:25:13","slug":"encetem-una-altra-ma","status":"publish","type":"post","link":"https:\/\/agora.xtec.cat\/esc-lasiniamolins\/general\/encetem-una-altra-ma\/","title":{"rendered":"ENCETEM UNA ALTRA M\u00c0!"},"content":{"rendered":"<p>Els nens i nenes m\u00e9s grans de P5 ja enceten una altra m\u00e0!<\/p>\n<p>Al llarg d&#8217;aquest trimestre tots els aniversaris que hem celebrat ja han necessitat les dues mans per a poder mostrar els 6 anys que han fet&#8230; I qui han estat els afortunats? Doncs, una bona colla d&#8217;infants fant\u00e0stics!<\/p>\n<p>Mireu, mireu&#8230;<\/p>\n<p><img loading=\"lazy\" decoding=\"async\" class=\"aligncenter size-medium wp-image-3966\" src=\"https:\/\/agora.xtec.cat\/esc-lasiniamolins\/wp-content\/uploads\/usu2018\/2025\/04\/WhatsApp-Image-2025-04-21-at-12.03.58-300x225.jpeg\" alt=\"\" width=\"300\" height=\"225\" srcset=\"https:\/\/agora.xtec.cat\/esc-lasiniamolins\/wp-content\/uploads\/usu2018\/2025\/04\/WhatsApp-Image-2025-04-21-at-12.03.58-300x225.jpeg 300w, https:\/\/agora.xtec.cat\/esc-lasiniamolins\/wp-content\/uploads\/usu2018\/2025\/04\/WhatsApp-Image-2025-04-21-at-12.03.58-1024x768.jpeg 1024w, https:\/\/agora.xtec.cat\/esc-lasiniamolins\/wp-content\/uploads\/usu2018\/2025\/04\/WhatsApp-Image-2025-04-21-at-12.03.58-768x576.jpeg 768w, https:\/\/agora.xtec.cat\/esc-lasiniamolins\/wp-content\/uploads\/usu2018\/2025\/04\/WhatsApp-Image-2025-04-21-at-12.03.58-1536x1152.jpeg 1536w, https:\/\/agora.xtec.cat\/esc-lasiniamolins\/wp-content\/uploads\/usu2018\/2025\/04\/WhatsApp-Image-2025-04-21-at-12.03.58-200x150.jpeg 200w, https:\/\/agora.xtec.cat\/esc-lasiniamolins\/wp-content\/uploads\/usu2018\/2025\/04\/WhatsApp-Image-2025-04-21-at-12.03.58.jpeg 1600w\" sizes=\"auto, (max-width: 300px) 100vw, 300px\" \/><\/p>\n","protected":false},"excerpt":{"rendered":"<p>Els nens i nenes m\u00e9s grans de P5 ja enceten una altra m\u00e0!<br \/>\nAl llarg d&#8217;aquest trimestre tots els aniversaris que hem celebrat ja han necessitat les dues mans per a poder mostrar els 6 anys que han fet&#8230; I qui han estat els afortunats? Doncs,&hellip;  <a href=\"https:\/\/agora.xtec.cat\/esc-lasiniamolins\/general\/encetem-una-altra-ma\/\" title=\"Read ENCETEM UNA ALTRA M\u00c0!\">Llegeix m\u00e9s\u00bb<\/a><\/p>\n","protected":false},"author":8,"featured_media":0,"comment_status":"open","ping_status":"closed","sticky":false,"template":"","format":"standard","meta":{"_bbp_topic_count":0,"_bbp_reply_count":0,"_bbp_total_topic_count":0,"_bbp_total_reply_count":0,"_bbp_voice_count":0,"_bbp_anonymous_reply_count":0,"_bbp_topic_count_hidden":0,"_bbp_reply_count_hidden":0,"_bbp_forum_subforum_count":0,"footnotes":""},"categories":[9,207,4,1],"tags":[531,324],"class_list":["post-3965","post","type-post","status-publish","format-standard","hentry","category-p5","category-petits","category-portada","category-general","tag-aniversaris-p5","tag-taronges-i-verds"],"post_mailing_queue_ids":[],"_links":{"self":[{"href":"https:\/\/agora.xtec.cat\/esc-lasiniamolins\/wp-json\/wp\/v2\/posts\/3965","targetHints":{"allow":["GET"]}}],"collection":[{"href":"https:\/\/agora.xtec.cat\/esc-lasiniamolins\/wp-json\/wp\/v2\/posts"}],"about":[{"href":"https:\/\/agora.xtec.cat\/esc-lasiniamolins\/wp-json\/wp\/v2\/types\/post"}],"author":[{"embeddable":true,"href":"https:\/\/agora.xtec.cat\/esc-lasiniamolins\/wp-json\/wp\/v2\/users\/8"}],"replies":[{"embeddable":true,"href":"https:\/\/agora.xtec.cat\/esc-lasiniamolins\/wp-json\/wp\/v2\/comments?post=3965"}],"version-history":[{"count":1,"href":"https:\/\/agora.xtec.cat\/esc-lasiniamolins\/wp-json\/wp\/v2\/posts\/3965\/revisions"}],"predecessor-version":[{"id":3967,"href":"https:\/\/agora.xtec.cat\/esc-lasiniamolins\/wp-json\/wp\/v2\/posts\/3965\/revisions\/3967"}],"wp:attachment":[{"href":"https:\/\/agora.xtec.cat\/esc-lasiniamolins\/wp-json\/wp\/v2\/media?parent=3965"}],"wp:term":[{"taxonomy":"category","embeddable":true,"href":"https:\/\/agora.xtec.cat\/esc-lasiniamolins\/wp-json\/wp\/v2\/categories?post=3965"},{"taxonomy":"post_tag","embeddable":true,"href":"https:\/\/agora.xtec.cat\/esc-lasiniamolins\/wp-json\/wp\/v2\/tags?post=3965"}],"curies":[{"name":"wp","href":"https:\/\/api.w.org\/{rel}","templated":true}]}}