{"id":3960,"date":"2025-04-11T16:30:57","date_gmt":"2025-04-11T14:30:57","guid":{"rendered":"https:\/\/agora.xtec.cat\/esc-lasiniamolins\/?p=3960"},"modified":"2025-04-15T10:24:03","modified_gmt":"2025-04-15T08:24:03","slug":"projecte-els-compositors-entren-a-laula-3r","status":"publish","type":"post","link":"https:\/\/agora.xtec.cat\/esc-lasiniamolins\/portada\/projecte-els-compositors-entren-a-laula-3r\/","title":{"rendered":"Projecte &#8220;Els compositors entren a l&#8217;aula&#8221;, 3r"},"content":{"rendered":"<p><span style=\"font-weight: 400;\"><img loading=\"lazy\" decoding=\"async\" class=\"aligncenter wp-image-3961 size-large\" src=\"https:\/\/agora.xtec.cat\/esc-lasiniamolins\/wp-content\/uploads\/usu2018\/2025\/04\/WhatsApp-Image-2025-04-11-at-18.20.54-2-1024x768.jpeg\" alt=\"\" width=\"1024\" height=\"768\" srcset=\"https:\/\/agora.xtec.cat\/esc-lasiniamolins\/wp-content\/uploads\/usu2018\/2025\/04\/WhatsApp-Image-2025-04-11-at-18.20.54-2-1024x768.jpeg 1024w, https:\/\/agora.xtec.cat\/esc-lasiniamolins\/wp-content\/uploads\/usu2018\/2025\/04\/WhatsApp-Image-2025-04-11-at-18.20.54-2-300x225.jpeg 300w, https:\/\/agora.xtec.cat\/esc-lasiniamolins\/wp-content\/uploads\/usu2018\/2025\/04\/WhatsApp-Image-2025-04-11-at-18.20.54-2-768x576.jpeg 768w, https:\/\/agora.xtec.cat\/esc-lasiniamolins\/wp-content\/uploads\/usu2018\/2025\/04\/WhatsApp-Image-2025-04-11-at-18.20.54-2-1536x1152.jpeg 1536w, https:\/\/agora.xtec.cat\/esc-lasiniamolins\/wp-content\/uploads\/usu2018\/2025\/04\/WhatsApp-Image-2025-04-11-at-18.20.54-2-200x150.jpeg 200w, https:\/\/agora.xtec.cat\/esc-lasiniamolins\/wp-content\/uploads\/usu2018\/2025\/04\/WhatsApp-Image-2025-04-11-at-18.20.54-2.jpeg 2048w\" sizes=\"auto, (max-width: 1024px) 100vw, 1024px\" \/><\/span><\/p>\n<p><span style=\"font-weight: 400;\">El projecte \u201cEls Compositors entren a l\u2019aula\u201d, organitzat per L\u2019Auditori i l\u2019Institut de Ci\u00e8ncies de l\u2019Educaci\u00f3 de la Universitat Aut\u00f2noma de Barcelona ha perm\u00e8s que els infants de 3r ens haguem pogut apropar a la m\u00fasica contempor\u00e0nia a trav\u00e9s de l\u2019audici\u00f3 i la creaci\u00f3 musical col\u00b7lectiva.<\/span><\/p>\n<p><span style=\"font-weight: 400;\">Hem treballat partint de la pe\u00e7a \u201cDes del fons del mirall\u201d (Xavier Pag\u00e8s), n\u2019hem fet una an\u00e0lisi musical (mitjan\u00e7ant l\u2019escolta i el moviment corporal) i hem explorat les sonoritats de diferents instruments. A partir de tot aix\u00f2, hem creat una pe\u00e7a per grups. Un punt clau del proc\u00e9s ha estat la visita del compositor que ens ha ajudat a estructurar les nostres peces: \u201cEmbolics\u201d i \u201cMareig\u201d.<\/span><\/p>\n<p><span style=\"font-weight: 400;\">Despr\u00e9s de molta pr\u00e0ctica i assajos, hem pogut compartir el resultat amb les fam\u00edlies a l\u2019assaig general. I, finalment, ha arribat el dia del concert, a L\u2019Auditori, davant d\u2019altres infants que tamb\u00e9 han participat en el projecte.<\/span><\/p>\n<p><span style=\"font-weight: 400;\">En aquesta <a href=\"https:\/\/photos.app.goo.gl\/iK7aNShkdhQvBSL17\">carpeta<\/a> podreu veure algunes imatges del proc\u00e9s de creaci\u00f3 per grups, de la visita del compositor i del concert.<\/span><\/p>\n","protected":false},"excerpt":{"rendered":"<p>El projecte \u201cEls Compositors entren a l\u2019aula\u201d, organitzat per L\u2019Auditori i l\u2019Institut de Ci\u00e8ncies de l\u2019Educaci\u00f3 de la Universitat Aut\u00f2noma de Barcelona ha perm\u00e8s que els infants de 3r ens haguem pogut apropar a la m\u00fasica contempor\u00e0nia a trav\u00e9s de l\u2019audici\u00f3 i la creaci\u00f3 musical&hellip;  <a href=\"https:\/\/agora.xtec.cat\/esc-lasiniamolins\/portada\/projecte-els-compositors-entren-a-laula-3r\/\" title=\"Read Projecte &#8220;Els compositors entren a l&#8217;aula&#8221;, 3r\">Llegeix m\u00e9s\u00bb<\/a><\/p>\n","protected":false},"author":8,"featured_media":0,"comment_status":"open","ping_status":"closed","sticky":false,"template":"","format":"standard","meta":{"_bbp_topic_count":0,"_bbp_reply_count":0,"_bbp_total_topic_count":0,"_bbp_total_reply_count":0,"_bbp_voice_count":0,"_bbp_anonymous_reply_count":0,"_bbp_topic_count_hidden":0,"_bbp_reply_count_hidden":0,"_bbp_forum_subforum_count":0,"footnotes":""},"categories":[12,208,4],"tags":[358,464,530,463,367],"class_list":["post-3960","post","type-post","status-publish","format-standard","hentry","category-3r","category-mitjans","category-portada","tag-auditori","tag-compositors","tag-instruments","tag-musica-contemporania","tag-projecte-de-musica"],"post_mailing_queue_ids":[],"_links":{"self":[{"href":"https:\/\/agora.xtec.cat\/esc-lasiniamolins\/wp-json\/wp\/v2\/posts\/3960","targetHints":{"allow":["GET"]}}],"collection":[{"href":"https:\/\/agora.xtec.cat\/esc-lasiniamolins\/wp-json\/wp\/v2\/posts"}],"about":[{"href":"https:\/\/agora.xtec.cat\/esc-lasiniamolins\/wp-json\/wp\/v2\/types\/post"}],"author":[{"embeddable":true,"href":"https:\/\/agora.xtec.cat\/esc-lasiniamolins\/wp-json\/wp\/v2\/users\/8"}],"replies":[{"embeddable":true,"href":"https:\/\/agora.xtec.cat\/esc-lasiniamolins\/wp-json\/wp\/v2\/comments?post=3960"}],"version-history":[{"count":3,"href":"https:\/\/agora.xtec.cat\/esc-lasiniamolins\/wp-json\/wp\/v2\/posts\/3960\/revisions"}],"predecessor-version":[{"id":3964,"href":"https:\/\/agora.xtec.cat\/esc-lasiniamolins\/wp-json\/wp\/v2\/posts\/3960\/revisions\/3964"}],"wp:attachment":[{"href":"https:\/\/agora.xtec.cat\/esc-lasiniamolins\/wp-json\/wp\/v2\/media?parent=3960"}],"wp:term":[{"taxonomy":"category","embeddable":true,"href":"https:\/\/agora.xtec.cat\/esc-lasiniamolins\/wp-json\/wp\/v2\/categories?post=3960"},{"taxonomy":"post_tag","embeddable":true,"href":"https:\/\/agora.xtec.cat\/esc-lasiniamolins\/wp-json\/wp\/v2\/tags?post=3960"}],"curies":[{"name":"wp","href":"https:\/\/api.w.org\/{rel}","templated":true}]}}