{"id":3951,"date":"2025-04-09T08:28:57","date_gmt":"2025-04-09T06:28:57","guid":{"rendered":"https:\/\/agora.xtec.cat\/esc-lasiniamolins\/?p=3951"},"modified":"2025-04-09T08:28:57","modified_gmt":"2025-04-09T06:28:57","slug":"1r-exposem-els-projectes-a-les-families","status":"publish","type":"post","link":"https:\/\/agora.xtec.cat\/esc-lasiniamolins\/portada\/1r-exposem-els-projectes-a-les-families\/","title":{"rendered":"1R EXPOSEM ELS PROJECTES A LES FAM\u00cdLIES"},"content":{"rendered":"<p>Els i les alumnes de 1r hem acabat els projectes del segon trimestre en els que tan hem treballat: 1r Puig d&#8217;Olorda, el projecte del Cos Hum\u00e0 i Puig Madrona, el de la M\u00e0quina del Temps. I hem volgut exposar tot el que hem apr\u00e8s i els nostres productes finals a les fam\u00edlies perqu\u00e8 en gaud\u00edssin com ho hem fet nosaltres. Us convidem a veure els bons moments compartits dimecres passat amb totes elles.<\/p>\n<p><a href=\"https:\/\/photos.app.goo.gl\/dbudA8pXYFsJN2h9A\"><img loading=\"lazy\" decoding=\"async\" class=\"aligncenter size-medium wp-image-3952\" src=\"https:\/\/agora.xtec.cat\/esc-lasiniamolins\/wp-content\/uploads\/usu2018\/2025\/04\/IMG-20250405-WA0030-300x169.jpg\" alt=\"\" width=\"300\" height=\"169\" srcset=\"https:\/\/agora.xtec.cat\/esc-lasiniamolins\/wp-content\/uploads\/usu2018\/2025\/04\/IMG-20250405-WA0030-300x169.jpg 300w, https:\/\/agora.xtec.cat\/esc-lasiniamolins\/wp-content\/uploads\/usu2018\/2025\/04\/IMG-20250405-WA0030-1024x576.jpg 1024w, https:\/\/agora.xtec.cat\/esc-lasiniamolins\/wp-content\/uploads\/usu2018\/2025\/04\/IMG-20250405-WA0030-768x432.jpg 768w, https:\/\/agora.xtec.cat\/esc-lasiniamolins\/wp-content\/uploads\/usu2018\/2025\/04\/IMG-20250405-WA0030-1536x864.jpg 1536w, https:\/\/agora.xtec.cat\/esc-lasiniamolins\/wp-content\/uploads\/usu2018\/2025\/04\/IMG-20250405-WA0030.jpg 2048w\" sizes=\"auto, (max-width: 300px) 100vw, 300px\" \/><\/a><\/p>\n","protected":false},"excerpt":{"rendered":"<p>Els i les alumnes de 1r hem acabat els projectes del segon trimestre en els que tan hem treballat: 1r Puig d&#8217;Olorda, el projecte del Cos Hum\u00e0 i Puig Madrona, el de la M\u00e0quina del Temps. I hem volgut exposar tot el que hem apr\u00e8s&hellip;  <a href=\"https:\/\/agora.xtec.cat\/esc-lasiniamolins\/portada\/1r-exposem-els-projectes-a-les-families\/\" title=\"Read 1R EXPOSEM ELS PROJECTES A LES FAM\u00cdLIES\">Llegeix m\u00e9s\u00bb<\/a><\/p>\n","protected":false},"author":8,"featured_media":0,"comment_status":"open","ping_status":"closed","sticky":false,"template":"","format":"standard","meta":{"_bbp_topic_count":0,"_bbp_reply_count":0,"_bbp_total_topic_count":0,"_bbp_total_reply_count":0,"_bbp_voice_count":0,"_bbp_anonymous_reply_count":0,"_bbp_topic_count_hidden":0,"_bbp_reply_count_hidden":0,"_bbp_forum_subforum_count":0,"footnotes":""},"categories":[10,208,4],"tags":[102,529,476,106,105],"class_list":["post-3951","post","type-post","status-publish","format-standard","hentry","category-1r","category-mitjans","category-portada","tag-1r","tag-24-25-projectes","tag-mitjans","tag-puig-dolorda","tag-puig-madrona"],"post_mailing_queue_ids":[],"_links":{"self":[{"href":"https:\/\/agora.xtec.cat\/esc-lasiniamolins\/wp-json\/wp\/v2\/posts\/3951","targetHints":{"allow":["GET"]}}],"collection":[{"href":"https:\/\/agora.xtec.cat\/esc-lasiniamolins\/wp-json\/wp\/v2\/posts"}],"about":[{"href":"https:\/\/agora.xtec.cat\/esc-lasiniamolins\/wp-json\/wp\/v2\/types\/post"}],"author":[{"embeddable":true,"href":"https:\/\/agora.xtec.cat\/esc-lasiniamolins\/wp-json\/wp\/v2\/users\/8"}],"replies":[{"embeddable":true,"href":"https:\/\/agora.xtec.cat\/esc-lasiniamolins\/wp-json\/wp\/v2\/comments?post=3951"}],"version-history":[{"count":1,"href":"https:\/\/agora.xtec.cat\/esc-lasiniamolins\/wp-json\/wp\/v2\/posts\/3951\/revisions"}],"predecessor-version":[{"id":3953,"href":"https:\/\/agora.xtec.cat\/esc-lasiniamolins\/wp-json\/wp\/v2\/posts\/3951\/revisions\/3953"}],"wp:attachment":[{"href":"https:\/\/agora.xtec.cat\/esc-lasiniamolins\/wp-json\/wp\/v2\/media?parent=3951"}],"wp:term":[{"taxonomy":"category","embeddable":true,"href":"https:\/\/agora.xtec.cat\/esc-lasiniamolins\/wp-json\/wp\/v2\/categories?post=3951"},{"taxonomy":"post_tag","embeddable":true,"href":"https:\/\/agora.xtec.cat\/esc-lasiniamolins\/wp-json\/wp\/v2\/tags?post=3951"}],"curies":[{"name":"wp","href":"https:\/\/api.w.org\/{rel}","templated":true}]}}