{"id":3864,"date":"2025-03-04T10:59:32","date_gmt":"2025-03-04T09:59:32","guid":{"rendered":"https:\/\/agora.xtec.cat\/esc-lasiniamolins\/?p=3864"},"modified":"2025-03-12T15:58:18","modified_gmt":"2025-03-12T14:58:18","slug":"24-25-carnaval-a-la-sinia-rua","status":"publish","type":"post","link":"https:\/\/agora.xtec.cat\/esc-lasiniamolins\/general\/24-25-carnaval-a-la-sinia-rua\/","title":{"rendered":"24-25 CARNAVAL A LA S\u00cdNIA: RUA"},"content":{"rendered":"<p>La setmana passada l&#8217;escola es va convertir en una festa de colors, diversi\u00f3 i somriures!!! Gr\u00e0cies al nostre rei carnestoltes que ens ha manat diferents consignes molt divertides durant tota la setmana!<\/p>\n<p>Des de P3 fins a 6\u00e8 van estar treballant tota la setmana per elaborar diferents comparses. Les aules es van omplir amb infants de totes les edats, donant lloc a una interacci\u00f3, col\u00b7laboraci\u00f3 i amistat entre els petits, els mitjans i els grans de l&#8217;escola. La confecci\u00f3 de disfresses i carrossa ha estat tot un espectacle de creativitat desbordant amb colors brillants i diferents estils i materials, intentant respectar al m\u00e0xim del possible el medi ambient.<\/p>\n<p>El divendres a la tarda, vam poder sortir a rec\u00f3rrer els carrers del voltant de l&#8217;escola, celebrant una rua plena de rialles i diversi\u00f3. Que el carnaval continu\u00ef portant aquesta alegria contagiosa i que l&#8217;esperit del carnestoltes continu\u00ef inspirant-nos a tots i a totes en les nostres futures aventures a l&#8217;escola.<\/p>\n<p><a href=\"https:\/\/photos.app.goo.gl\/FG4WPdi3ZJ94AcZ17\"><strong><em>Fotos rua<\/em><\/strong><\/a><\/p>\n<p><img loading=\"lazy\" decoding=\"async\" class=\"aligncenter size-full wp-image-3865\" src=\"https:\/\/agora.xtec.cat\/esc-lasiniamolins\/wp-content\/uploads\/usu2018\/2025\/03\/portada-rua.jpg\" alt=\"\" width=\"500\" height=\"823\" srcset=\"https:\/\/agora.xtec.cat\/esc-lasiniamolins\/wp-content\/uploads\/usu2018\/2025\/03\/portada-rua.jpg 500w, https:\/\/agora.xtec.cat\/esc-lasiniamolins\/wp-content\/uploads\/usu2018\/2025\/03\/portada-rua-182x300.jpg 182w\" sizes=\"auto, (max-width: 500px) 100vw, 500px\" \/><\/p>\n","protected":false},"excerpt":{"rendered":"<p>La setmana passada l&#8217;escola es va convertir en una festa de colors, diversi\u00f3 i somriures!!! Gr\u00e0cies al nostre rei carnestoltes que ens ha manat diferents consignes molt divertides durant tota la setmana!<br \/>\nDes de P3 fins a 6\u00e8 van estar treballant tota la setmana per elaborar&hellip;  <a href=\"https:\/\/agora.xtec.cat\/esc-lasiniamolins\/general\/24-25-carnaval-a-la-sinia-rua\/\" title=\"Read 24-25 CARNAVAL A LA S\u00cdNIA: RUA\">Llegeix m\u00e9s\u00bb<\/a><\/p>\n","protected":false},"author":1,"featured_media":0,"comment_status":"open","ping_status":"closed","sticky":false,"template":"","format":"standard","meta":{"_bbp_topic_count":0,"_bbp_reply_count":0,"_bbp_total_topic_count":0,"_bbp_total_reply_count":0,"_bbp_voice_count":0,"_bbp_anonymous_reply_count":0,"_bbp_topic_count_hidden":0,"_bbp_reply_count_hidden":0,"_bbp_forum_subforum_count":0,"footnotes":""},"categories":[10,11,12,13,14,15,209,208,3,8,9,207,4,1],"tags":[],"class_list":["post-3864","post","type-post","status-publish","format-standard","hentry","category-1r","category-2n","category-3r","category-4t","category-5e","category-6e","category-grans","category-mitjans","category-p3","category-p4","category-p5","category-petits","category-portada","category-general"],"post_mailing_queue_ids":[],"_links":{"self":[{"href":"https:\/\/agora.xtec.cat\/esc-lasiniamolins\/wp-json\/wp\/v2\/posts\/3864","targetHints":{"allow":["GET"]}}],"collection":[{"href":"https:\/\/agora.xtec.cat\/esc-lasiniamolins\/wp-json\/wp\/v2\/posts"}],"about":[{"href":"https:\/\/agora.xtec.cat\/esc-lasiniamolins\/wp-json\/wp\/v2\/types\/post"}],"author":[{"embeddable":true,"href":"https:\/\/agora.xtec.cat\/esc-lasiniamolins\/wp-json\/wp\/v2\/users\/1"}],"replies":[{"embeddable":true,"href":"https:\/\/agora.xtec.cat\/esc-lasiniamolins\/wp-json\/wp\/v2\/comments?post=3864"}],"version-history":[{"count":2,"href":"https:\/\/agora.xtec.cat\/esc-lasiniamolins\/wp-json\/wp\/v2\/posts\/3864\/revisions"}],"predecessor-version":[{"id":3867,"href":"https:\/\/agora.xtec.cat\/esc-lasiniamolins\/wp-json\/wp\/v2\/posts\/3864\/revisions\/3867"}],"wp:attachment":[{"href":"https:\/\/agora.xtec.cat\/esc-lasiniamolins\/wp-json\/wp\/v2\/media?parent=3864"}],"wp:term":[{"taxonomy":"category","embeddable":true,"href":"https:\/\/agora.xtec.cat\/esc-lasiniamolins\/wp-json\/wp\/v2\/categories?post=3864"},{"taxonomy":"post_tag","embeddable":true,"href":"https:\/\/agora.xtec.cat\/esc-lasiniamolins\/wp-json\/wp\/v2\/tags?post=3864"}],"curies":[{"name":"wp","href":"https:\/\/api.w.org\/{rel}","templated":true}]}}