{"id":3780,"date":"2024-12-10T09:07:43","date_gmt":"2024-12-10T08:07:43","guid":{"rendered":"https:\/\/agora.xtec.cat\/esc-lasiniamolins\/?p=3780"},"modified":"2025-01-10T09:35:13","modified_gmt":"2025-01-10T08:35:13","slug":"sortida-al-crarc","status":"publish","type":"post","link":"https:\/\/agora.xtec.cat\/esc-lasiniamolins\/portada\/sortida-al-crarc\/","title":{"rendered":"24-25 P5 SORTIDA AL CRARC"},"content":{"rendered":"<p>Quan vam iniciar el projecte de les serps es van despertar diverses actituds: alguns infants es mostraven encuriosits, altres es miraven el projecte amb respecte, altres emocionats&#8230; I, a mesura que vam anar avan\u00e7ant en el proc\u00e9s d&#8217;aprenentatge del projecte la motivaci\u00f3 va anar creixent. Els objectius que ens vam plantejar van quedar assolits i aix\u00ed es va evidenciar en la sortida del CRARC. Tot el que teniem interioritzat va aflorar i, fins i tot, vam poder complementar i contrastar informacions al llarg de la visita envoltats de tortugues, cocodrils i evidentment, serps. Aqu\u00ed teniu un recull del que va donar de s\u00ed el dia de la sortida. Un dia que, probablement, el recordem amb molta estima.<\/p>\n<p><a href=\"https:\/\/photos.app.goo.gl\/h1BndGFPVpVXXH6Z7\"><img loading=\"lazy\" decoding=\"async\" class=\"alignnone size-large\" src=\"https:\/\/lh3.googleusercontent.com\/pw\/AP1GczO8CvukyL1t3Si2r_DvUMZ0KBzlwJBQqDBQ8pQUFf1bpzIMbBAXIP7se3N4z2X8rh-wt2G8sVTPIxuCb5iJxKUiVrsETAxEVD5dazEX9Nb6rK3ezGDoY2wE8qbF6qGZ4X0A1gQvZG0tTtYeeIQDSZPH=w797-h600-s-no?authuser=0\" width=\"797\" height=\"600\" \/><\/a><\/p>\n<p style=\"text-align: center;\">CLIQUEU SOBRE A FOTO<\/p>\n","protected":false},"excerpt":{"rendered":"<p>Quan vam iniciar el projecte de les serps es van despertar diverses actituds: alguns infants es mostraven encuriosits, altres es miraven el projecte amb respecte, altres emocionats&#8230; I, a mesura que vam anar avan\u00e7ant en el proc\u00e9s d&#8217;aprenentatge del projecte la motivaci\u00f3 va anar creixent.&hellip;  <a href=\"https:\/\/agora.xtec.cat\/esc-lasiniamolins\/portada\/sortida-al-crarc\/\" title=\"Read 24-25 P5 SORTIDA AL CRARC\">Llegeix m\u00e9s\u00bb<\/a><\/p>\n","protected":false},"author":8,"featured_media":0,"comment_status":"open","ping_status":"closed","sticky":false,"template":"","format":"standard","meta":{"_bbp_topic_count":0,"_bbp_reply_count":0,"_bbp_total_topic_count":0,"_bbp_total_reply_count":0,"_bbp_voice_count":0,"_bbp_anonymous_reply_count":0,"_bbp_topic_count_hidden":0,"_bbp_reply_count_hidden":0,"_bbp_forum_subforum_count":0,"footnotes":""},"categories":[9,207,4],"tags":[479,86,512],"class_list":["post-3780","post","type-post","status-publish","format-standard","hentry","category-p5","category-petits","category-portada","tag-curs-24-25","tag-p5","tag-sortides-p5"],"post_mailing_queue_ids":[],"_links":{"self":[{"href":"https:\/\/agora.xtec.cat\/esc-lasiniamolins\/wp-json\/wp\/v2\/posts\/3780","targetHints":{"allow":["GET"]}}],"collection":[{"href":"https:\/\/agora.xtec.cat\/esc-lasiniamolins\/wp-json\/wp\/v2\/posts"}],"about":[{"href":"https:\/\/agora.xtec.cat\/esc-lasiniamolins\/wp-json\/wp\/v2\/types\/post"}],"author":[{"embeddable":true,"href":"https:\/\/agora.xtec.cat\/esc-lasiniamolins\/wp-json\/wp\/v2\/users\/8"}],"replies":[{"embeddable":true,"href":"https:\/\/agora.xtec.cat\/esc-lasiniamolins\/wp-json\/wp\/v2\/comments?post=3780"}],"version-history":[{"count":4,"href":"https:\/\/agora.xtec.cat\/esc-lasiniamolins\/wp-json\/wp\/v2\/posts\/3780\/revisions"}],"predecessor-version":[{"id":3792,"href":"https:\/\/agora.xtec.cat\/esc-lasiniamolins\/wp-json\/wp\/v2\/posts\/3780\/revisions\/3792"}],"wp:attachment":[{"href":"https:\/\/agora.xtec.cat\/esc-lasiniamolins\/wp-json\/wp\/v2\/media?parent=3780"}],"wp:term":[{"taxonomy":"category","embeddable":true,"href":"https:\/\/agora.xtec.cat\/esc-lasiniamolins\/wp-json\/wp\/v2\/categories?post=3780"},{"taxonomy":"post_tag","embeddable":true,"href":"https:\/\/agora.xtec.cat\/esc-lasiniamolins\/wp-json\/wp\/v2\/tags?post=3780"}],"curies":[{"name":"wp","href":"https:\/\/api.w.org\/{rel}","templated":true}]}}